{"id":11755,"date":"2021-04-26T14:28:53","date_gmt":"2021-04-26T12:28:53","guid":{"rendered":"https:\/\/secondsouffle.co\/?p=11755"},"modified":"2021-07-09T15:37:16","modified_gmt":"2021-07-09T13:37:16","slug":"amenagement-de-vos-combles-etes-vous-soumis-a-la-taxe-fonciere","status":"publish","type":"post","link":"https:\/\/secondsouffle.co\/index.php\/2021\/04\/26\/amenagement-de-vos-combles-etes-vous-soumis-a-la-taxe-fonciere\/","title":{"rendered":"Am\u00e9nagement des combles : \u00eates-vous soumis \u00e0 la taxe fonci\u00e8re ?"},"content":{"rendered":"\t\t<div data-elementor-type=\"wp-post\" data-elementor-id=\"11755\" class=\"elementor elementor-11755\" data-elementor-settings=\"{&quot;ha_cmc_init_switcher&quot;:&quot;no&quot;}\" data-elementor-post-type=\"post\">\n\t\t\t\t\t\t<section class=\"elementor-section elementor-top-section elementor-element elementor-element-12f64cb elementor-section-content-middle elementor-section-boxed elementor-section-height-default elementor-section-height-default\" data-id=\"12f64cb\" data-element_type=\"section\" data-e-type=\"section\" data-settings=\"{&quot;background_background&quot;:&quot;classic&quot;,&quot;_ha_eqh_enable&quot;:false}\">\n\t\t\t\t\t\t\t<div class=\"elementor-background-overlay\"><\/div>\n\t\t\t\t\t\t\t<div class=\"elementor-container elementor-column-gap-no\">\n\t\t\t\t\t<div class=\"elementor-column elementor-col-100 elementor-top-column elementor-element elementor-element-c28cff5\" data-id=\"c28cff5\" data-element_type=\"column\" data-e-type=\"column\">\n\t\t\t<div class=\"elementor-widget-wrap elementor-element-populated\">\n\t\t\t\t\t\t<div class=\"elementor-element elementor-element-84e68e3 elementor-widget elementor-widget-heading\" data-id=\"84e68e3\" data-element_type=\"widget\" data-e-type=\"widget\" data-widget_type=\"heading.default\">\n\t\t\t\t<div class=\"elementor-widget-container\">\n\t\t\t\t\t<h1 class=\"elementor-heading-title elementor-size-default\">Am\u00e9nagement de vos combles : \u00eates-vous soumis \u00e0 la taxe fonci\u00e8re ?  <\/h1>\t\t\t\t<\/div>\n\t\t\t\t<\/div>\n\t\t\t\t<div class=\"elementor-element elementor-element-a66c58a elementor-mobile-align-center elementor-widget elementor-widget-post-info\" data-id=\"a66c58a\" data-element_type=\"widget\" data-e-type=\"widget\" data-widget_type=\"post-info.default\">\n\t\t\t\t<div class=\"elementor-widget-container\">\n\t\t\t\t\t\t\t<ul class=\"elementor-inline-items elementor-icon-list-items elementor-post-info\">\n\t\t\t\t\t\t\t\t<li class=\"elementor-icon-list-item elementor-repeater-item-b014cd4 elementor-inline-item\" itemprop=\"datePublished\">\n\t\t\t\t\t\t<a href=\"https:\/\/secondsouffle.co\/index.php\/2021\/04\/26\/\">\n\t\t\t\t\t\t\t\t\t\t\t<span class=\"elementor-icon-list-icon\">\n\t\t\t\t\t\t\t\t<svg aria-hidden=\"true\" class=\"e-font-icon-svg e-fas-calendar\" viewBox=\"0 0 448 512\" xmlns=\"http:\/\/www.w3.org\/2000\/svg\"><path d=\"M12 192h424c6.6 0 12 5.4 12 12v260c0 26.5-21.5 48-48 48H48c-26.5 0-48-21.5-48-48V204c0-6.6 5.4-12 12-12zm436-44v-36c0-26.5-21.5-48-48-48h-48V12c0-6.6-5.4-12-12-12h-40c-6.6 0-12 5.4-12 12v52H160V12c0-6.6-5.4-12-12-12h-40c-6.6 0-12 5.4-12 12v52H48C21.5 64 0 85.5 0 112v36c0 6.6 5.4 12 12 12h424c6.6 0 12-5.4 12-12z\"><\/path><\/svg>\t\t\t\t\t\t\t<\/span>\n\t\t\t\t\t\t\t\t\t<span class=\"elementor-icon-list-text elementor-post-info__item elementor-post-info__item--type-date\">\n\t\t\t\t\t\t\t\t\t\t<time>avril 26, 2021<\/time>\t\t\t\t\t<\/span>\n\t\t\t\t\t\t\t\t\t<\/a>\n\t\t\t\t<\/li>\n\t\t\t\t<li class=\"elementor-icon-list-item elementor-repeater-item-4499c28 elementor-inline-item\">\n\t\t\t\t\t\t\t\t\t\t<span class=\"elementor-icon-list-icon\">\n\t\t\t\t\t\t\t\t<svg aria-hidden=\"true\" class=\"e-font-icon-svg e-far-clock\" viewBox=\"0 0 512 512\" xmlns=\"http:\/\/www.w3.org\/2000\/svg\"><path d=\"M256 8C119 8 8 119 8 256s111 248 248 248 248-111 248-248S393 8 256 8zm0 448c-110.5 0-200-89.5-200-200S145.5 56 256 56s200 89.5 200 200-89.5 200-200 200zm61.8-104.4l-84.9-61.7c-3.1-2.3-4.9-5.9-4.9-9.7V116c0-6.6 5.4-12 12-12h32c6.6 0 12 5.4 12 12v141.7l66.8 48.6c5.4 3.9 6.5 11.4 2.6 16.8L334.6 349c-3.9 5.3-11.4 6.5-16.8 2.6z\"><\/path><\/svg>\t\t\t\t\t\t\t<\/span>\n\t\t\t\t\t\t\t\t\t<span class=\"elementor-icon-list-text elementor-post-info__item elementor-post-info__item--type-time\">\n\t\t\t\t\t\t\t\t\t\t<time>2:28 pm<\/time>\t\t\t\t\t<\/span>\n\t\t\t\t\t\t\t\t<\/li>\n\t\t\t\t<li class=\"elementor-icon-list-item elementor-repeater-item-9026d4d elementor-inline-item\">\n\t\t\t\t\t\t\t\t\t\t<span class=\"elementor-icon-list-icon\">\n\t\t\t\t\t\t\t\t<svg aria-hidden=\"true\" class=\"e-font-icon-svg e-far-user\" viewBox=\"0 0 448 512\" xmlns=\"http:\/\/www.w3.org\/2000\/svg\"><path d=\"M313.6 304c-28.7 0-42.5 16-89.6 16-47.1 0-60.8-16-89.6-16C60.2 304 0 364.2 0 438.4V464c0 26.5 21.5 48 48 48h352c26.5 0 48-21.5 48-48v-25.6c0-74.2-60.2-134.4-134.4-134.4zM400 464H48v-25.6c0-47.6 38.8-86.4 86.4-86.4 14.6 0 38.3 16 89.6 16 51.7 0 74.9-16 89.6-16 47.6 0 86.4 38.8 86.4 86.4V464zM224 288c79.5 0 144-64.5 144-144S303.5 0 224 0 80 64.5 80 144s64.5 144 144 144zm0-240c52.9 0 96 43.1 96 96s-43.1 96-96 96-96-43.1-96-96 43.1-96 96-96z\"><\/path><\/svg>\t\t\t\t\t\t\t<\/span>\n\t\t\t\t\t\t\t\t\t<span class=\"elementor-icon-list-text elementor-post-info__item elementor-post-info__item--type-custom\">\n\t\t\t\t\t\t\t\t\t\tCamille Caire\t\t\t\t\t<\/span>\n\t\t\t\t\t\t\t\t<\/li>\n\t\t\t\t<li class=\"elementor-icon-list-item elementor-repeater-item-cfc54d4 elementor-inline-item\" itemprop=\"about\">\n\t\t\t\t\t\t\t\t\t\t<span class=\"elementor-icon-list-icon\">\n\t\t\t\t\t\t\t\t<svg aria-hidden=\"true\" class=\"e-font-icon-svg e-fas-tags\" viewBox=\"0 0 640 512\" xmlns=\"http:\/\/www.w3.org\/2000\/svg\"><path d=\"M497.941 225.941L286.059 14.059A48 48 0 0 0 252.118 0H48C21.49 0 0 21.49 0 48v204.118a48 48 0 0 0 14.059 33.941l211.882 211.882c18.744 18.745 49.136 18.746 67.882 0l204.118-204.118c18.745-18.745 18.745-49.137 0-67.882zM112 160c-26.51 0-48-21.49-48-48s21.49-48 48-48 48 21.49 48 48-21.49 48-48 48zm513.941 133.823L421.823 497.941c-18.745 18.745-49.137 18.745-67.882 0l-.36-.36L527.64 323.522c16.999-16.999 26.36-39.6 26.36-63.64s-9.362-46.641-26.36-63.64L331.397 0h48.721a48 48 0 0 1 33.941 14.059l211.882 211.882c18.745 18.745 18.745 49.137 0 67.882z\"><\/path><\/svg>\t\t\t\t\t\t\t<\/span>\n\t\t\t\t\t\t\t\t\t<span class=\"elementor-icon-list-text elementor-post-info__item elementor-post-info__item--type-terms\">\n\t\t\t\t\t\t\t\t\t\t<span class=\"elementor-post-info__terms-list\">\n\t\t\t\t<a href=\"https:\/\/secondsouffle.co\/index.php\/category\/renovation\/\" class=\"elementor-post-info__terms-list-item\">R\u00e9novation<\/a>\t\t\t\t<\/span>\n\t\t\t\t\t<\/span>\n\t\t\t\t\t\t\t\t<\/li>\n\t\t\t\t<\/ul>\n\t\t\t\t\t\t<\/div>\n\t\t\t\t<\/div>\n\t\t\t\t\t<\/div>\n\t\t<\/div>\n\t\t\t\t\t<\/div>\n\t\t<\/section>\n\t\t\t\t<section class=\"elementor-section elementor-top-section elementor-element elementor-element-8c0a9df elementor-section-boxed elementor-section-height-default elementor-section-height-default\" data-id=\"8c0a9df\" data-element_type=\"section\" data-e-type=\"section\" data-settings=\"{&quot;_ha_eqh_enable&quot;:false}\">\n\t\t\t\t\t\t<div class=\"elementor-container elementor-column-gap-default\">\n\t\t\t\t\t<div class=\"elementor-column elementor-col-100 elementor-top-column elementor-element elementor-element-bfd61b0\" data-id=\"bfd61b0\" data-element_type=\"column\" data-e-type=\"column\">\n\t\t\t<div class=\"elementor-widget-wrap elementor-element-populated\">\n\t\t\t\t\t\t<div class=\"elementor-element elementor-element-6285f0a elementor-widget elementor-widget-theme-post-featured-image elementor-widget-image\" data-id=\"6285f0a\" data-element_type=\"widget\" data-e-type=\"widget\" data-widget_type=\"theme-post-featured-image.default\">\n\t\t\t\t<div class=\"elementor-widget-container\">\n\t\t\t\t\t\t\t\t\t\t\t\t\t\t\t<img decoding=\"async\" src=\"https:\/\/secondsouffle.co\/wp-content\/uploads\/elementor\/thumbs\/combles-taxe-fonciere-1-scaled-p7p8t5n5oyvgey2zgav4dxl47ghofrkc8rs6mfzma0.jpg\" title=\"combles-taxe-fonciere\" alt=\"Appartement sous les combles\" loading=\"lazy\" \/>\t\t\t\t\t\t\t\t\t\t\t\t\t\t\t<\/div>\n\t\t\t\t<\/div>\n\t\t\t\t\t<\/div>\n\t\t<\/div>\n\t\t\t\t\t<\/div>\n\t\t<\/section>\n\t\t\t\t<section class=\"elementor-section elementor-top-section elementor-element elementor-element-1232b9e elementor-section-boxed elementor-section-height-default elementor-section-height-default\" data-id=\"1232b9e\" data-element_type=\"section\" data-e-type=\"section\" data-settings=\"{&quot;_ha_eqh_enable&quot;:false}\">\n\t\t\t\t\t\t<div class=\"elementor-container elementor-column-gap-default\">\n\t\t\t\t\t<div class=\"elementor-column elementor-col-100 elementor-top-column elementor-element elementor-element-fa121a6\" data-id=\"fa121a6\" data-element_type=\"column\" data-e-type=\"column\">\n\t\t\t<div class=\"elementor-widget-wrap elementor-element-populated\">\n\t\t\t\t\t\t<div class=\"elementor-element elementor-element-55ea867 elementor-widget elementor-widget-spacer\" data-id=\"55ea867\" data-element_type=\"widget\" data-e-type=\"widget\" data-widget_type=\"spacer.default\">\n\t\t\t\t<div class=\"elementor-widget-container\">\n\t\t\t\t\t\t\t<div class=\"elementor-spacer\">\n\t\t\t<div class=\"elementor-spacer-inner\"><\/div>\n\t\t<\/div>\n\t\t\t\t\t\t<\/div>\n\t\t\t\t<\/div>\n\t\t\t\t<div class=\"elementor-element elementor-element-208760e elementor-widget elementor-widget-text-editor\" data-id=\"208760e\" data-element_type=\"widget\" data-e-type=\"widget\" data-widget_type=\"text-editor.default\">\n\t\t\t\t<div class=\"elementor-widget-container\">\n\t\t\t\t\t\t\t\t\t<p><strong>En am\u00e9nageant vos combles, vous rajoutez de la surface que vous pouvez utiliser pour votre habitation. Ce qui est chouette car vous donnez de la valeur \u00e0 votre logement et vous pouvez profiter d\u2019une pi\u00e8ce suppl\u00e9mentaire ! Mais il faut savoir qu\u2019apr\u00e8s l\u2019am\u00e9nagement de vos combles, vous devez effectuer une d\u00e9claration d\u2019imp\u00f4ts fonciers o\u00f9 le lieu de construction est rattach\u00e9. Oui mais comment la r\u00e9aliser ? De quel imp\u00f4t s\u2019agit-il ? Dans cet article, nous vous aidons \u00e0 y voir plus clair.\u00a0<\/strong><\/p>\t\t\t\t\t\t\t\t<\/div>\n\t\t\t\t<\/div>\n\t\t\t\t\t<\/div>\n\t\t<\/div>\n\t\t\t\t\t<\/div>\n\t\t<\/section>\n\t\t\t\t<section class=\"elementor-section elementor-top-section elementor-element elementor-element-089c51c elementor-section-boxed elementor-section-height-default elementor-section-height-default\" data-id=\"089c51c\" data-element_type=\"section\" data-e-type=\"section\" data-settings=\"{&quot;_ha_eqh_enable&quot;:false}\">\n\t\t\t\t\t\t<div class=\"elementor-container elementor-column-gap-default\">\n\t\t\t\t\t<div class=\"elementor-column elementor-col-100 elementor-top-column elementor-element elementor-element-61eb756\" data-id=\"61eb756\" data-element_type=\"column\" data-e-type=\"column\">\n\t\t\t<div class=\"elementor-widget-wrap elementor-element-populated\">\n\t\t\t\t\t\t<div class=\"elementor-element elementor-element-4db6fe4 elementor-widget-divider--view-line elementor-widget elementor-widget-divider\" data-id=\"4db6fe4\" data-element_type=\"widget\" data-e-type=\"widget\" data-widget_type=\"divider.default\">\n\t\t\t\t<div class=\"elementor-widget-container\">\n\t\t\t\t\t\t\t<div class=\"elementor-divider\">\n\t\t\t<span class=\"elementor-divider-separator\">\n\t\t\t\t\t\t<\/span>\n\t\t<\/div>\n\t\t\t\t\t\t<\/div>\n\t\t\t\t<\/div>\n\t\t\t\t\t<\/div>\n\t\t<\/div>\n\t\t\t\t\t<\/div>\n\t\t<\/section>\n\t\t\t\t<section class=\"elementor-section elementor-top-section elementor-element elementor-element-f41efb8 elementor-section-boxed elementor-section-height-default elementor-section-height-default\" data-id=\"f41efb8\" data-element_type=\"section\" data-e-type=\"section\" data-settings=\"{&quot;_ha_eqh_enable&quot;:false}\">\n\t\t\t\t\t\t<div class=\"elementor-container elementor-column-gap-default\">\n\t\t\t\t\t<div class=\"elementor-column elementor-col-100 elementor-top-column elementor-element elementor-element-04e5384\" data-id=\"04e5384\" data-element_type=\"column\" data-e-type=\"column\">\n\t\t\t<div class=\"elementor-widget-wrap elementor-element-populated\">\n\t\t\t\t\t\t<div class=\"elementor-element elementor-element-95ea28c elementor-widget elementor-widget-spacer\" data-id=\"95ea28c\" data-element_type=\"widget\" data-e-type=\"widget\" data-widget_type=\"spacer.default\">\n\t\t\t\t<div class=\"elementor-widget-container\">\n\t\t\t\t\t\t\t<div class=\"elementor-spacer\">\n\t\t\t<div class=\"elementor-spacer-inner\"><\/div>\n\t\t<\/div>\n\t\t\t\t\t\t<\/div>\n\t\t\t\t<\/div>\n\t\t\t\t<div class=\"elementor-element elementor-element-d012508 elementor-widget elementor-widget-heading\" data-id=\"d012508\" data-element_type=\"widget\" data-e-type=\"widget\" data-widget_type=\"heading.default\">\n\t\t\t\t<div class=\"elementor-widget-container\">\n\t\t\t\t\t<h2 class=\"elementor-heading-title elementor-size-default\">L\u2019am\u00e9nagement de vos combles<\/h2>\t\t\t\t<\/div>\n\t\t\t\t<\/div>\n\t\t\t\t<div class=\"elementor-element elementor-element-1ee87d4 elementor-widget elementor-widget-heading\" data-id=\"1ee87d4\" data-element_type=\"widget\" data-e-type=\"widget\" data-widget_type=\"heading.default\">\n\t\t\t\t<div class=\"elementor-widget-container\">\n\t\t\t\t\t<h3 class=\"elementor-heading-title elementor-size-default\">Qu\u2019est-ce que les combles am\u00e9nag\u00e9s ou am\u00e9nageables ? <\/h3>\t\t\t\t<\/div>\n\t\t\t\t<\/div>\n\t\t\t\t<div class=\"elementor-element elementor-element-422f32d elementor-widget elementor-widget-text-editor\" data-id=\"422f32d\" data-element_type=\"widget\" data-e-type=\"widget\" data-widget_type=\"text-editor.default\">\n\t\t\t\t<div class=\"elementor-widget-container\">\n\t\t\t\t\t\t\t\t\t<p>Rien de plus simple \u00e0 comprendre ! Vous pouvez am\u00e9nager vos combles en surface habitable lorsque <strong>le toit de vos combles a une pente sup\u00e9rieure \u00e0 30\u00b0 et que la hauteur de votre toit d\u00e9passe les 1,80m.<\/strong> En g\u00e9n\u00e9ral, cette nouvelle pi\u00e8ce sert de chambre parentale, d\u2019enfants, ou m\u00eame de salle de jeu. Rassurez-vous ce n\u2019est pas une obligation, selon la hauteur que vous avez, vous pouvez cr\u00e9er la pi\u00e8ce de vie que vous voulez.<\/p>\t\t\t\t\t\t\t\t<\/div>\n\t\t\t\t<\/div>\n\t\t\t\t\t<\/div>\n\t\t<\/div>\n\t\t\t\t\t<\/div>\n\t\t<\/section>\n\t\t\t\t<section class=\"elementor-section elementor-top-section elementor-element elementor-element-0b14bc3 elementor-section-boxed elementor-section-height-default elementor-section-height-default\" data-id=\"0b14bc3\" data-element_type=\"section\" data-e-type=\"section\" data-settings=\"{&quot;_ha_eqh_enable&quot;:false}\">\n\t\t\t\t\t\t<div class=\"elementor-container elementor-column-gap-default\">\n\t\t\t\t\t<div class=\"elementor-column elementor-col-100 elementor-top-column elementor-element elementor-element-9b1259b\" data-id=\"9b1259b\" data-element_type=\"column\" data-e-type=\"column\">\n\t\t\t<div class=\"elementor-widget-wrap elementor-element-populated\">\n\t\t\t\t\t\t<div class=\"elementor-element elementor-element-db46f09 elementor-widget elementor-widget-spacer\" data-id=\"db46f09\" data-element_type=\"widget\" data-e-type=\"widget\" data-widget_type=\"spacer.default\">\n\t\t\t\t<div class=\"elementor-widget-container\">\n\t\t\t\t\t\t\t<div class=\"elementor-spacer\">\n\t\t\t<div class=\"elementor-spacer-inner\"><\/div>\n\t\t<\/div>\n\t\t\t\t\t\t<\/div>\n\t\t\t\t<\/div>\n\t\t\t\t<div class=\"elementor-element elementor-element-f7b94ec elementor-widget elementor-widget-heading\" data-id=\"f7b94ec\" data-element_type=\"widget\" data-e-type=\"widget\" data-widget_type=\"heading.default\">\n\t\t\t\t<div class=\"elementor-widget-container\">\n\t\t\t\t\t<h3 class=\"elementor-heading-title elementor-size-default\">Qu\u2019est-ce que les combles perdus ou non am\u00e9nageables ?<\/h3>\t\t\t\t<\/div>\n\t\t\t\t<\/div>\n\t\t\t\t\t<\/div>\n\t\t<\/div>\n\t\t\t\t\t<\/div>\n\t\t<\/section>\n\t\t\t\t<section class=\"elementor-section elementor-top-section elementor-element elementor-element-c132eac elementor-section-boxed elementor-section-height-default elementor-section-height-default\" data-id=\"c132eac\" data-element_type=\"section\" data-e-type=\"section\" data-settings=\"{&quot;_ha_eqh_enable&quot;:false}\">\n\t\t\t\t\t\t<div class=\"elementor-container elementor-column-gap-default\">\n\t\t\t\t\t<div class=\"elementor-column elementor-col-100 elementor-top-column elementor-element elementor-element-e181dac\" data-id=\"e181dac\" data-element_type=\"column\" data-e-type=\"column\">\n\t\t\t<div class=\"elementor-widget-wrap elementor-element-populated\">\n\t\t\t\t\t\t<div class=\"elementor-element elementor-element-cdc9f51 elementor-widget elementor-widget-text-editor\" data-id=\"cdc9f51\" data-element_type=\"widget\" data-e-type=\"widget\" data-widget_type=\"text-editor.default\">\n\t\t\t\t<div class=\"elementor-widget-container\">\n\t\t\t\t\t\t\t\t\t<p>Vous l\u2019aurez compris, les combles non am\u00e9nageables (appel\u00e9s aussi combles perdus) sont ceux dont <strong>la pente de toit est inf\u00e9rieure \u00e0 30\u00b0 et dont la hauteur de toit ne d\u00e9passe pas 1,80m. <\/strong><\/p>\t\t\t\t\t\t\t\t<\/div>\n\t\t\t\t<\/div>\n\t\t\t\t\t<\/div>\n\t\t<\/div>\n\t\t\t\t\t<\/div>\n\t\t<\/section>\n\t\t\t\t<section class=\"elementor-section elementor-top-section elementor-element elementor-element-9fed776 elementor-section-boxed elementor-section-height-default elementor-section-height-default\" data-id=\"9fed776\" data-element_type=\"section\" data-e-type=\"section\" data-settings=\"{&quot;_ha_eqh_enable&quot;:false}\">\n\t\t\t\t\t\t<div class=\"elementor-container elementor-column-gap-default\">\n\t\t\t\t\t<div class=\"elementor-column elementor-col-100 elementor-top-column elementor-element elementor-element-b743405\" data-id=\"b743405\" data-element_type=\"column\" data-e-type=\"column\">\n\t\t\t<div class=\"elementor-widget-wrap elementor-element-populated\">\n\t\t\t\t\t\t<div class=\"elementor-element elementor-element-7571dff elementor-blockquote--skin-border elementor-widget elementor-widget-blockquote\" data-id=\"7571dff\" data-element_type=\"widget\" data-e-type=\"widget\" data-widget_type=\"blockquote.default\">\n\t\t\t\t<div class=\"elementor-widget-container\">\n\t\t\t\t\t\t\t<blockquote class=\"elementor-blockquote\">\n\t\t\t<p class=\"elementor-blockquote__content\">\n\t\t\t\tBon \u00e0 savoir : Si vos combles ont une hauteur sous plafond inf\u00e9rieure ou \u00e9gale \u00e0 1,80m, ils ne sont pas soumis \u00e0 la taxe fonci\u00e8re. Sachez qu\u2019ils ne sont \u00e9galement pas pris en compte dans le calcul de la surface habitable de votre logement. \t\t\t<\/p>\n\t\t\t\t\t<\/blockquote>\n\t\t\t\t\t\t<\/div>\n\t\t\t\t<\/div>\n\t\t\t\t<div class=\"elementor-element elementor-element-11e5c47 elementor-widget elementor-widget-spacer\" data-id=\"11e5c47\" data-element_type=\"widget\" data-e-type=\"widget\" data-widget_type=\"spacer.default\">\n\t\t\t\t<div class=\"elementor-widget-container\">\n\t\t\t\t\t\t\t<div class=\"elementor-spacer\">\n\t\t\t<div class=\"elementor-spacer-inner\"><\/div>\n\t\t<\/div>\n\t\t\t\t\t\t<\/div>\n\t\t\t\t<\/div>\n\t\t\t\t\t<\/div>\n\t\t<\/div>\n\t\t\t\t\t<\/div>\n\t\t<\/section>\n\t\t\t\t<section class=\"elementor-section elementor-top-section elementor-element elementor-element-d86fd31 elementor-section-boxed elementor-section-height-default elementor-section-height-default\" data-id=\"d86fd31\" data-element_type=\"section\" data-e-type=\"section\" data-settings=\"{&quot;_ha_eqh_enable&quot;:false}\">\n\t\t\t\t\t\t<div class=\"elementor-container elementor-column-gap-default\">\n\t\t\t\t\t<div class=\"elementor-column elementor-col-100 elementor-top-column elementor-element elementor-element-66d4ba7\" data-id=\"66d4ba7\" data-element_type=\"column\" data-e-type=\"column\">\n\t\t\t<div class=\"elementor-widget-wrap elementor-element-populated\">\n\t\t\t\t\t\t<div class=\"elementor-element elementor-element-15bdbd6 elementor-widget elementor-widget-heading\" data-id=\"15bdbd6\" data-element_type=\"widget\" data-e-type=\"widget\" data-widget_type=\"heading.default\">\n\t\t\t\t<div class=\"elementor-widget-container\">\n\t\t\t\t\t<h2 class=\"elementor-heading-title elementor-size-default\">Comment calculer la surface habitable de ses combles ? <\/h2>\t\t\t\t<\/div>\n\t\t\t\t<\/div>\n\t\t\t\t<div class=\"elementor-element elementor-element-3a4cde0 elementor-widget elementor-widget-text-editor\" data-id=\"3a4cde0\" data-element_type=\"widget\" data-e-type=\"widget\" data-widget_type=\"text-editor.default\">\n\t\t\t\t<div class=\"elementor-widget-container\">\n\t\t\t\t\t\t\t\t\t<p>Pour calculer la surface habitable de vos combles, vous disposez de deux m\u00e9thodes de calcul :\u00a0<\/p><ul><li aria-level=\"1\"><strong>Loi Boutin :<\/strong> calculez la surface du plancher sans prendre en compte les pi\u00e8ces qui ont une hauteur sous plafond inf\u00e9rieure \u00e0 1,80m mais aussi : la cave, le sous-sol, le balcon, la terrasse, v\u00e9randas ou garage, les murs, les cloisons, les marches, la cage d\u2019escalier, les fen\u00eatres et les embrasures des portes. C\u2019est en g\u00e9n\u00e9ral ce mode de calcul qui est utilis\u00e9 dans l\u2019acte de propri\u00e9t\u00e9.\u00a0<\/li><li><strong>Loi Carrez :<\/strong> la surface privative (appel\u00e9e aussi loi Carrez) est la superficie des planchers de votre maison ou appartement. D\u00e9duisez les surfaces occup\u00e9es par les murs, cloisons, marches, cages d\u2019escaliers, gaines, embrasures de portes et les fen\u00eatres. De plus, les placards encastr\u00e9s dans une embrasure ainsi que les placards avec une marche ne sont pas comptabilis\u00e9s. Tout comme la loi Boutin, ne tenez pas compte des pi\u00e8ces qui ont une hauteur inf\u00e9rieure \u00e0 1,80m. G\u00e9n\u00e9ralement, la loi Carrez appara\u00eet dans l\u2019acte de vente.\u00a0<\/li><\/ul>\t\t\t\t\t\t\t\t<\/div>\n\t\t\t\t<\/div>\n\t\t\t\t<div class=\"elementor-element elementor-element-eea3fb1 elementor-blockquote--skin-border elementor-widget elementor-widget-blockquote\" data-id=\"eea3fb1\" data-element_type=\"widget\" data-e-type=\"widget\" data-widget_type=\"blockquote.default\">\n\t\t\t\t<div class=\"elementor-widget-container\">\n\t\t\t\t\t\t\t<blockquote class=\"elementor-blockquote\">\n\t\t\t<p class=\"elementor-blockquote__content\">\n\t\t\t\tBon \u00e0 savoir : ces deux m\u00e9thodes de calcul sont utilis\u00e9es par le service urbanisme. Concernant les services des imp\u00f4ts, ils se basent sur la superficie du sol, de plinthe \u00e0 plinthe sans tenir compte de la hauteur utile pour calculer la taxe fonci\u00e8re. Qu\u2019est-ce que cela signifie ? Que la surface au sol de votre taxe fonci\u00e8re sera toujours plus importante que celle calcul\u00e9e pour la d\u00e9claration de vos travaux ou pour votre permis de construire. \t\t\t<\/p>\n\t\t\t\t\t<\/blockquote>\n\t\t\t\t\t\t<\/div>\n\t\t\t\t<\/div>\n\t\t\t\t<div class=\"elementor-element elementor-element-75bf4e6 elementor-widget elementor-widget-spacer\" data-id=\"75bf4e6\" data-element_type=\"widget\" data-e-type=\"widget\" data-widget_type=\"spacer.default\">\n\t\t\t\t<div class=\"elementor-widget-container\">\n\t\t\t\t\t\t\t<div class=\"elementor-spacer\">\n\t\t\t<div class=\"elementor-spacer-inner\"><\/div>\n\t\t<\/div>\n\t\t\t\t\t\t<\/div>\n\t\t\t\t<\/div>\n\t\t\t\t<div class=\"elementor-element elementor-element-7c52469 elementor-widget elementor-widget-image\" data-id=\"7c52469\" data-element_type=\"widget\" data-e-type=\"widget\" data-widget_type=\"image.default\">\n\t\t\t\t<div class=\"elementor-widget-container\">\n\t\t\t\t\t\t\t\t\t\t\t\t<figure class=\"wp-caption\">\n\t\t\t\t\t\t\t\t\t\t<img fetchpriority=\"high\" decoding=\"async\" width=\"620\" height=\"882\" src=\"https:\/\/secondsouffle.co\/wp-content\/uploads\/2021\/04\/Difference-boutin-carrez.jpg\" class=\"attachment-full size-full wp-image-11795\" alt=\"La diff\u00e9rence entre la loi Carrez et la loi Boutin\" srcset=\"https:\/\/secondsouffle.co\/wp-content\/uploads\/2021\/04\/Difference-boutin-carrez.jpg 620w, https:\/\/secondsouffle.co\/wp-content\/uploads\/2021\/04\/Difference-boutin-carrez-211x300.jpg 211w\" sizes=\"(max-width: 620px) 100vw, 620px\" \/>\t\t\t\t\t\t\t\t\t\t\t<figcaption class=\"widget-image-caption wp-caption-text\"><\/figcaption>\n\t\t\t\t\t\t\t\t\t\t<\/figure>\n\t\t\t\t\t\t\t\t\t<\/div>\n\t\t\t\t<\/div>\n\t\t\t\t\t<\/div>\n\t\t<\/div>\n\t\t\t\t\t<\/div>\n\t\t<\/section>\n\t\t\t\t<section class=\"elementor-section elementor-top-section elementor-element elementor-element-7b883d6 elementor-section-boxed elementor-section-height-default elementor-section-height-default\" data-id=\"7b883d6\" data-element_type=\"section\" data-e-type=\"section\" data-settings=\"{&quot;_ha_eqh_enable&quot;:false}\">\n\t\t\t\t\t\t<div class=\"elementor-container elementor-column-gap-default\">\n\t\t\t\t\t<div class=\"elementor-column elementor-col-100 elementor-top-column elementor-element elementor-element-27d7405\" data-id=\"27d7405\" data-element_type=\"column\" data-e-type=\"column\">\n\t\t\t<div class=\"elementor-widget-wrap elementor-element-populated\">\n\t\t\t\t\t\t<div class=\"elementor-element elementor-element-3c61e55 elementor-widget elementor-widget-spacer\" data-id=\"3c61e55\" data-element_type=\"widget\" data-e-type=\"widget\" data-widget_type=\"spacer.default\">\n\t\t\t\t<div class=\"elementor-widget-container\">\n\t\t\t\t\t\t\t<div class=\"elementor-spacer\">\n\t\t\t<div class=\"elementor-spacer-inner\"><\/div>\n\t\t<\/div>\n\t\t\t\t\t\t<\/div>\n\t\t\t\t<\/div>\n\t\t\t\t<div class=\"elementor-element elementor-element-ce8cd32 elementor-widget elementor-widget-heading\" data-id=\"ce8cd32\" data-element_type=\"widget\" data-e-type=\"widget\" data-widget_type=\"heading.default\">\n\t\t\t\t<div class=\"elementor-widget-container\">\n\t\t\t\t\t<h2 class=\"elementor-heading-title elementor-size-default\">D\u00e9clarez vos combles am\u00e9nag\u00e9s \u00e0 vos imp\u00f4ts<\/h2>\t\t\t\t<\/div>\n\t\t\t\t<\/div>\n\t\t\t\t<div class=\"elementor-element elementor-element-d17084a elementor-widget elementor-widget-heading\" data-id=\"d17084a\" data-element_type=\"widget\" data-e-type=\"widget\" data-widget_type=\"heading.default\">\n\t\t\t\t<div class=\"elementor-widget-container\">\n\t\t\t\t\t<h3 class=\"elementor-heading-title elementor-size-default\">La taxe fonci\u00e8re et \u00e0 la taxe d\u2019habitation<\/h3>\t\t\t\t<\/div>\n\t\t\t\t<\/div>\n\t\t\t\t<div class=\"elementor-element elementor-element-38a167a elementor-widget elementor-widget-text-editor\" data-id=\"38a167a\" data-element_type=\"widget\" data-e-type=\"widget\" data-widget_type=\"text-editor.default\">\n\t\t\t\t<div class=\"elementor-widget-container\">\n\t\t\t\t\t\t\t\t\t<p>Comme je l\u2019ai \u00e9voqu\u00e9 pr\u00e9c\u00e9demment, si vous disposez de combles non am\u00e9nageables, vous n\u2019avez pas \u00e0 les consid\u00e9rer dans le calcul de votre taxe fonci\u00e8re. En revanche, en am\u00e9nageant vos combles, la nouvelle surface cr\u00e9\u00e9e <strong>doit obligatoirement \u00eatre d\u00e9clar\u00e9e comme surface habitable.<\/strong> Vous devez donc mettre \u00e0 jour votre taxe fonci\u00e8re et votre taxe d\u2019habitation. Apr\u00e8s ce calcul, vos imp\u00f4ts seront ajust\u00e9s.<\/p>\t\t\t\t\t\t\t\t<\/div>\n\t\t\t\t<\/div>\n\t\t\t\t\t<\/div>\n\t\t<\/div>\n\t\t\t\t\t<\/div>\n\t\t<\/section>\n\t\t\t\t<section class=\"elementor-section elementor-top-section elementor-element elementor-element-4803e7d elementor-section-boxed elementor-section-height-default elementor-section-height-default\" data-id=\"4803e7d\" data-element_type=\"section\" data-e-type=\"section\" data-settings=\"{&quot;_ha_eqh_enable&quot;:false}\">\n\t\t\t\t\t\t<div class=\"elementor-container elementor-column-gap-default\">\n\t\t\t\t\t<div class=\"elementor-column elementor-col-100 elementor-top-column elementor-element elementor-element-fa9f9c5\" data-id=\"fa9f9c5\" data-element_type=\"column\" data-e-type=\"column\">\n\t\t\t<div class=\"elementor-widget-wrap elementor-element-populated\">\n\t\t\t\t\t\t<div class=\"elementor-element elementor-element-26da2d2 elementor-widget elementor-widget-spacer\" data-id=\"26da2d2\" data-element_type=\"widget\" data-e-type=\"widget\" data-widget_type=\"spacer.default\">\n\t\t\t\t<div class=\"elementor-widget-container\">\n\t\t\t\t\t\t\t<div class=\"elementor-spacer\">\n\t\t\t<div class=\"elementor-spacer-inner\"><\/div>\n\t\t<\/div>\n\t\t\t\t\t\t<\/div>\n\t\t\t\t<\/div>\n\t\t\t\t<div class=\"elementor-element elementor-element-c6374c6 elementor-widget elementor-widget-heading\" data-id=\"c6374c6\" data-element_type=\"widget\" data-e-type=\"widget\" data-widget_type=\"heading.default\">\n\t\t\t\t<div class=\"elementor-widget-container\">\n\t\t\t\t\t<h3 class=\"elementor-heading-title elementor-size-default\">Comment r\u00e9aliser sa d\u00e9claration d\u2019imp\u00f4ts ? <\/h3>\t\t\t\t<\/div>\n\t\t\t\t<\/div>\n\t\t\t\t<div class=\"elementor-element elementor-element-110a29f elementor-widget elementor-widget-text-editor\" data-id=\"110a29f\" data-element_type=\"widget\" data-e-type=\"widget\" data-widget_type=\"text-editor.default\">\n\t\t\t\t<div class=\"elementor-widget-container\">\n\t\t\t\t\t\t\t\t\t<p>Pour d\u00e9clarer votre nouvelle surface habitable, vous devez remplir le <span style=\"text-decoration: underline;\"><strong><a href=\"https:\/\/www.service-public.fr\/particuliers\/vosdroits\/R1252\" target=\"_blank\" rel=\"noopener\">formulaire H1<\/a><\/strong><\/span>. Il vous suffira d\u2019indiquer que vous disposez d\u2019une pi\u00e8ce suppl\u00e9mentaire en tenant compte de la r\u00e8gle de calcul de la loi Carrez. Enfin, envoyez votre d\u00e9claration au centre des imp\u00f4ts fonciers o\u00f9 est rattach\u00e9e votre habitation<strong> dans les 90 jours qui suivent l\u2019ach\u00e8vement de vos travaux.<\/strong><\/p>\t\t\t\t\t\t\t\t<\/div>\n\t\t\t\t<\/div>\n\t\t\t\t\t<\/div>\n\t\t<\/div>\n\t\t\t\t\t<\/div>\n\t\t<\/section>\n\t\t\t\t<section class=\"elementor-section elementor-top-section elementor-element elementor-element-7e0007f elementor-section-boxed elementor-section-height-default elementor-section-height-default\" data-id=\"7e0007f\" data-element_type=\"section\" data-e-type=\"section\" data-settings=\"{&quot;_ha_eqh_enable&quot;:false}\">\n\t\t\t\t\t\t<div class=\"elementor-container elementor-column-gap-default\">\n\t\t\t\t\t<div class=\"elementor-column elementor-col-100 elementor-top-column elementor-element elementor-element-86312e7\" data-id=\"86312e7\" data-element_type=\"column\" data-e-type=\"column\">\n\t\t\t<div class=\"elementor-widget-wrap elementor-element-populated\">\n\t\t\t\t\t\t<div class=\"elementor-element elementor-element-840ef49 elementor-widget elementor-widget-spacer\" data-id=\"840ef49\" data-element_type=\"widget\" data-e-type=\"widget\" data-widget_type=\"spacer.default\">\n\t\t\t\t<div class=\"elementor-widget-container\">\n\t\t\t\t\t\t\t<div class=\"elementor-spacer\">\n\t\t\t<div class=\"elementor-spacer-inner\"><\/div>\n\t\t<\/div>\n\t\t\t\t\t\t<\/div>\n\t\t\t\t<\/div>\n\t\t\t\t<div class=\"elementor-element elementor-element-2d4f41c elementor-widget elementor-widget-post-navigation\" data-id=\"2d4f41c\" data-element_type=\"widget\" data-e-type=\"widget\" data-widget_type=\"post-navigation.default\">\n\t\t\t\t<div class=\"elementor-widget-container\">\n\t\t\t\t\t\t\t<div class=\"elementor-post-navigation\" role=\"navigation\" aria-label=\"Navigation de publication\">\n\t\t\t<div class=\"elementor-post-navigation__prev elementor-post-navigation__link\">\n\t\t\t\t<a href=\"https:\/\/secondsouffle.co\/index.php\/2021\/02\/26\/garantie-decennale-pour-quels-travaux-est-elle-obligatoire\/\" rel=\"prev\"><span class=\"post-navigation__arrow-wrapper post-navigation__arrow-prev\"><svg aria-hidden=\"true\" class=\"e-font-icon-svg e-fas-angle-left\" viewBox=\"0 0 256 512\" xmlns=\"http:\/\/www.w3.org\/2000\/svg\"><path d=\"M31.7 239l136-136c9.4-9.4 24.6-9.4 33.9 0l22.6 22.6c9.4 9.4 9.4 24.6 0 33.9L127.9 256l96.4 96.4c9.4 9.4 9.4 24.6 0 33.9L201.7 409c-9.4 9.4-24.6 9.4-33.9 0l-136-136c-9.5-9.4-9.5-24.6-.1-34z\"><\/path><\/svg><span class=\"elementor-screen-only\">Pr\u00e9c\u00e9dent<\/span><\/span><span class=\"elementor-post-navigation__link__prev\"><span class=\"post-navigation__prev--label\">Article Pr\u00e9c\u00e9dent<\/span><span class=\"post-navigation__prev--title\">Garantie d\u00e9cennale : pour quels travaux est-elle obligatoire ?<\/span><\/span><\/a>\t\t\t<\/div>\n\t\t\t\t\t\t<div class=\"elementor-post-navigation__next elementor-post-navigation__link\">\n\t\t\t\t<a href=\"https:\/\/secondsouffle.co\/index.php\/2021\/04\/30\/prix-moyen-dune-renovation-dappartement\/\" rel=\"next\"><span class=\"elementor-post-navigation__link__next\"><span class=\"post-navigation__next--label\">Article Suivant<\/span><span class=\"post-navigation__next--title\">Prix moyen d&rsquo;une r\u00e9novation d&rsquo;appartement &#8211; Guide 2021 par m\u00b2<\/span><\/span><span class=\"post-navigation__arrow-wrapper post-navigation__arrow-next\"><svg aria-hidden=\"true\" class=\"e-font-icon-svg e-fas-angle-right\" viewBox=\"0 0 256 512\" xmlns=\"http:\/\/www.w3.org\/2000\/svg\"><path d=\"M224.3 273l-136 136c-9.4 9.4-24.6 9.4-33.9 0l-22.6-22.6c-9.4-9.4-9.4-24.6 0-33.9l96.4-96.4-96.4-96.4c-9.4-9.4-9.4-24.6 0-33.9L54.3 103c9.4-9.4 24.6-9.4 33.9 0l136 136c9.5 9.4 9.5 24.6.1 34z\"><\/path><\/svg><span class=\"elementor-screen-only\">Suivant<\/span><\/span><\/a>\t\t\t<\/div>\n\t\t<\/div>\n\t\t\t\t\t\t<\/div>\n\t\t\t\t<\/div>\n\t\t\t\t<div class=\"elementor-element elementor-element-aabcd80 elementor-widget elementor-widget-spacer\" data-id=\"aabcd80\" data-element_type=\"widget\" data-e-type=\"widget\" data-widget_type=\"spacer.default\">\n\t\t\t\t<div class=\"elementor-widget-container\">\n\t\t\t\t\t\t\t<div class=\"elementor-spacer\">\n\t\t\t<div class=\"elementor-spacer-inner\"><\/div>\n\t\t<\/div>\n\t\t\t\t\t\t<\/div>\n\t\t\t\t<\/div>\n\t\t\t\t\t<\/div>\n\t\t<\/div>\n\t\t\t\t\t<\/div>\n\t\t<\/section>\n\t\t\t\t<\/div>\n\t\t","protected":false},"excerpt":{"rendered":"<p>En am\u00e9nageant vos combles, vous rajoutez de la surface que vous pouvez utiliser pour votre habitation. Ce qui est chouette car vous donnez de la valeur \u00e0 votre logement et vous pouvez profiter d\u2019une pi\u00e8ce suppl\u00e9mentaire ! Mais il faut savoir qu\u2019apr\u00e8s l\u2019am\u00e9nagement de vos combles, vous devez effectuer une d\u00e9claration d\u2019imp\u00f4ts fonciers o\u00f9 le lieu de construction est rattach\u00e9. Oui mais comment la r\u00e9aliser ? De quel imp\u00f4t s\u2019agit-il ? Dans cet article, nous vous aidons \u00e0 y voir plus clair.\u00a0<\/p>\n","protected":false},"author":1,"featured_media":11779,"comment_status":"open","ping_status":"open","sticky":false,"template":"","format":"standard","meta":{"_monsterinsights_skip_tracking":false,"_monsterinsights_sitenote_active":false,"_monsterinsights_sitenote_note":"","_monsterinsights_sitenote_category":0,"footnotes":""},"categories":[1],"tags":[],"class_list":["post-11755","post","type-post","status-publish","format-standard","has-post-thumbnail","hentry","category-renovation"],"aioseo_notices":[],"amp_enabled":true,"_links":{"self":[{"href":"https:\/\/secondsouffle.co\/index.php\/wp-json\/wp\/v2\/posts\/11755","targetHints":{"allow":["GET"]}}],"collection":[{"href":"https:\/\/secondsouffle.co\/index.php\/wp-json\/wp\/v2\/posts"}],"about":[{"href":"https:\/\/secondsouffle.co\/index.php\/wp-json\/wp\/v2\/types\/post"}],"author":[{"embeddable":true,"href":"https:\/\/secondsouffle.co\/index.php\/wp-json\/wp\/v2\/users\/1"}],"replies":[{"embeddable":true,"href":"https:\/\/secondsouffle.co\/index.php\/wp-json\/wp\/v2\/comments?post=11755"}],"version-history":[{"count":0,"href":"https:\/\/secondsouffle.co\/index.php\/wp-json\/wp\/v2\/posts\/11755\/revisions"}],"wp:featuredmedia":[{"embeddable":true,"href":"https:\/\/secondsouffle.co\/index.php\/wp-json\/wp\/v2\/media\/11779"}],"wp:attachment":[{"href":"https:\/\/secondsouffle.co\/index.php\/wp-json\/wp\/v2\/media?parent=11755"}],"wp:term":[{"taxonomy":"category","embeddable":true,"href":"https:\/\/secondsouffle.co\/index.php\/wp-json\/wp\/v2\/categories?post=11755"},{"taxonomy":"post_tag","embeddable":true,"href":"https:\/\/secondsouffle.co\/index.php\/wp-json\/wp\/v2\/tags?post=11755"}],"curies":[{"name":"wp","href":"https:\/\/api.w.org\/{rel}","templated":true}]}}