{"id":12664,"date":"2021-05-18T15:24:53","date_gmt":"2021-05-18T13:24:53","guid":{"rendered":"https:\/\/secondsouffle.co\/?p=12664"},"modified":"2021-07-09T14:27:23","modified_gmt":"2021-07-09T12:27:23","slug":"quelles-sont-les-missions-dun-architecte-dinterieur","status":"publish","type":"post","link":"https:\/\/secondsouffle.co\/index.php\/2021\/05\/18\/quelles-sont-les-missions-dun-architecte-dinterieur\/","title":{"rendered":"Quelles sont les missions d&rsquo;un architecte d&rsquo;int\u00e9rieur ?"},"content":{"rendered":"\t\t<div data-elementor-type=\"wp-post\" data-elementor-id=\"12664\" class=\"elementor elementor-12664\" data-elementor-settings=\"{&quot;ha_cmc_init_switcher&quot;:&quot;no&quot;}\" data-elementor-post-type=\"post\">\n\t\t\t\t\t\t<section class=\"elementor-section elementor-top-section elementor-element elementor-element-12f64cb elementor-section-content-middle elementor-section-boxed elementor-section-height-default elementor-section-height-default\" data-id=\"12f64cb\" data-element_type=\"section\" data-e-type=\"section\" data-settings=\"{&quot;background_background&quot;:&quot;classic&quot;,&quot;_ha_eqh_enable&quot;:false}\">\n\t\t\t\t\t\t\t<div class=\"elementor-background-overlay\"><\/div>\n\t\t\t\t\t\t\t<div class=\"elementor-container elementor-column-gap-no\">\n\t\t\t\t\t<div class=\"elementor-column elementor-col-100 elementor-top-column elementor-element elementor-element-c28cff5\" data-id=\"c28cff5\" data-element_type=\"column\" data-e-type=\"column\">\n\t\t\t<div class=\"elementor-widget-wrap elementor-element-populated\">\n\t\t\t\t\t\t<div class=\"elementor-element elementor-element-84e68e3 elementor-widget elementor-widget-heading\" data-id=\"84e68e3\" data-element_type=\"widget\" data-e-type=\"widget\" data-widget_type=\"heading.default\">\n\t\t\t\t<div class=\"elementor-widget-container\">\n\t\t\t\t\t<h1 class=\"elementor-heading-title elementor-size-default\">Quelles sont les missions d'un architecte d'int\u00e9rieur ? <\/h1>\t\t\t\t<\/div>\n\t\t\t\t<\/div>\n\t\t\t\t<div class=\"elementor-element elementor-element-a66c58a elementor-mobile-align-center elementor-widget elementor-widget-post-info\" data-id=\"a66c58a\" data-element_type=\"widget\" data-e-type=\"widget\" data-widget_type=\"post-info.default\">\n\t\t\t\t<div class=\"elementor-widget-container\">\n\t\t\t\t\t\t\t<ul class=\"elementor-inline-items elementor-icon-list-items elementor-post-info\">\n\t\t\t\t\t\t\t\t<li class=\"elementor-icon-list-item elementor-repeater-item-b014cd4 elementor-inline-item\" itemprop=\"datePublished\">\n\t\t\t\t\t\t<a href=\"https:\/\/secondsouffle.co\/index.php\/2021\/05\/18\/\">\n\t\t\t\t\t\t\t\t\t\t\t<span class=\"elementor-icon-list-icon\">\n\t\t\t\t\t\t\t\t<svg aria-hidden=\"true\" class=\"e-font-icon-svg e-fas-calendar\" viewBox=\"0 0 448 512\" xmlns=\"http:\/\/www.w3.org\/2000\/svg\"><path d=\"M12 192h424c6.6 0 12 5.4 12 12v260c0 26.5-21.5 48-48 48H48c-26.5 0-48-21.5-48-48V204c0-6.6 5.4-12 12-12zm436-44v-36c0-26.5-21.5-48-48-48h-48V12c0-6.6-5.4-12-12-12h-40c-6.6 0-12 5.4-12 12v52H160V12c0-6.6-5.4-12-12-12h-40c-6.6 0-12 5.4-12 12v52H48C21.5 64 0 85.5 0 112v36c0 6.6 5.4 12 12 12h424c6.6 0 12-5.4 12-12z\"><\/path><\/svg>\t\t\t\t\t\t\t<\/span>\n\t\t\t\t\t\t\t\t\t<span class=\"elementor-icon-list-text elementor-post-info__item elementor-post-info__item--type-date\">\n\t\t\t\t\t\t\t\t\t\t<time>mai 18, 2021<\/time>\t\t\t\t\t<\/span>\n\t\t\t\t\t\t\t\t\t<\/a>\n\t\t\t\t<\/li>\n\t\t\t\t<li class=\"elementor-icon-list-item elementor-repeater-item-4499c28 elementor-inline-item\">\n\t\t\t\t\t\t\t\t\t\t<span class=\"elementor-icon-list-icon\">\n\t\t\t\t\t\t\t\t<svg aria-hidden=\"true\" class=\"e-font-icon-svg e-far-clock\" viewBox=\"0 0 512 512\" xmlns=\"http:\/\/www.w3.org\/2000\/svg\"><path d=\"M256 8C119 8 8 119 8 256s111 248 248 248 248-111 248-248S393 8 256 8zm0 448c-110.5 0-200-89.5-200-200S145.5 56 256 56s200 89.5 200 200-89.5 200-200 200zm61.8-104.4l-84.9-61.7c-3.1-2.3-4.9-5.9-4.9-9.7V116c0-6.6 5.4-12 12-12h32c6.6 0 12 5.4 12 12v141.7l66.8 48.6c5.4 3.9 6.5 11.4 2.6 16.8L334.6 349c-3.9 5.3-11.4 6.5-16.8 2.6z\"><\/path><\/svg>\t\t\t\t\t\t\t<\/span>\n\t\t\t\t\t\t\t\t\t<span class=\"elementor-icon-list-text elementor-post-info__item elementor-post-info__item--type-time\">\n\t\t\t\t\t\t\t\t\t\t<time>3:24 pm<\/time>\t\t\t\t\t<\/span>\n\t\t\t\t\t\t\t\t<\/li>\n\t\t\t\t<li class=\"elementor-icon-list-item elementor-repeater-item-9026d4d elementor-inline-item\">\n\t\t\t\t\t\t\t\t\t\t<span class=\"elementor-icon-list-icon\">\n\t\t\t\t\t\t\t\t<svg aria-hidden=\"true\" class=\"e-font-icon-svg e-far-user\" viewBox=\"0 0 448 512\" xmlns=\"http:\/\/www.w3.org\/2000\/svg\"><path d=\"M313.6 304c-28.7 0-42.5 16-89.6 16-47.1 0-60.8-16-89.6-16C60.2 304 0 364.2 0 438.4V464c0 26.5 21.5 48 48 48h352c26.5 0 48-21.5 48-48v-25.6c0-74.2-60.2-134.4-134.4-134.4zM400 464H48v-25.6c0-47.6 38.8-86.4 86.4-86.4 14.6 0 38.3 16 89.6 16 51.7 0 74.9-16 89.6-16 47.6 0 86.4 38.8 86.4 86.4V464zM224 288c79.5 0 144-64.5 144-144S303.5 0 224 0 80 64.5 80 144s64.5 144 144 144zm0-240c52.9 0 96 43.1 96 96s-43.1 96-96 96-96-43.1-96-96 43.1-96 96-96z\"><\/path><\/svg>\t\t\t\t\t\t\t<\/span>\n\t\t\t\t\t\t\t\t\t<span class=\"elementor-icon-list-text elementor-post-info__item elementor-post-info__item--type-custom\">\n\t\t\t\t\t\t\t\t\t\tCamille Caire\t\t\t\t\t<\/span>\n\t\t\t\t\t\t\t\t<\/li>\n\t\t\t\t<li class=\"elementor-icon-list-item elementor-repeater-item-cfc54d4 elementor-inline-item\" itemprop=\"about\">\n\t\t\t\t\t\t\t\t\t\t<span class=\"elementor-icon-list-icon\">\n\t\t\t\t\t\t\t\t<svg aria-hidden=\"true\" class=\"e-font-icon-svg e-fas-tags\" viewBox=\"0 0 640 512\" xmlns=\"http:\/\/www.w3.org\/2000\/svg\"><path d=\"M497.941 225.941L286.059 14.059A48 48 0 0 0 252.118 0H48C21.49 0 0 21.49 0 48v204.118a48 48 0 0 0 14.059 33.941l211.882 211.882c18.744 18.745 49.136 18.746 67.882 0l204.118-204.118c18.745-18.745 18.745-49.137 0-67.882zM112 160c-26.51 0-48-21.49-48-48s21.49-48 48-48 48 21.49 48 48-21.49 48-48 48zm513.941 133.823L421.823 497.941c-18.745 18.745-49.137 18.745-67.882 0l-.36-.36L527.64 323.522c16.999-16.999 26.36-39.6 26.36-63.64s-9.362-46.641-26.36-63.64L331.397 0h48.721a48 48 0 0 1 33.941 14.059l211.882 211.882c18.745 18.745 18.745 49.137 0 67.882z\"><\/path><\/svg>\t\t\t\t\t\t\t<\/span>\n\t\t\t\t\t\t\t\t\t<span class=\"elementor-icon-list-text elementor-post-info__item elementor-post-info__item--type-terms\">\n\t\t\t\t\t\t\t\t\t\t<span class=\"elementor-post-info__terms-list\">\n\t\t\t\t<a href=\"https:\/\/secondsouffle.co\/index.php\/category\/architecture-et-amenagement-interieur\/\" class=\"elementor-post-info__terms-list-item\">Architecture et am\u00e9nagement d&#039;int\u00e9rieur<\/a>\t\t\t\t<\/span>\n\t\t\t\t\t<\/span>\n\t\t\t\t\t\t\t\t<\/li>\n\t\t\t\t<\/ul>\n\t\t\t\t\t\t<\/div>\n\t\t\t\t<\/div>\n\t\t\t\t\t<\/div>\n\t\t<\/div>\n\t\t\t\t\t<\/div>\n\t\t<\/section>\n\t\t\t\t<section class=\"elementor-section elementor-top-section elementor-element elementor-element-8c0a9df elementor-section-boxed elementor-section-height-default elementor-section-height-default\" data-id=\"8c0a9df\" data-element_type=\"section\" data-e-type=\"section\" data-settings=\"{&quot;_ha_eqh_enable&quot;:false}\">\n\t\t\t\t\t\t<div class=\"elementor-container elementor-column-gap-default\">\n\t\t\t\t\t<div class=\"elementor-column elementor-col-100 elementor-top-column elementor-element elementor-element-bfd61b0\" data-id=\"bfd61b0\" data-element_type=\"column\" data-e-type=\"column\">\n\t\t\t<div class=\"elementor-widget-wrap elementor-element-populated\">\n\t\t\t\t\t\t<div class=\"elementor-element elementor-element-6285f0a elementor-widget elementor-widget-theme-post-featured-image elementor-widget-image\" data-id=\"6285f0a\" data-element_type=\"widget\" data-e-type=\"widget\" data-widget_type=\"theme-post-featured-image.default\">\n\t\t\t\t<div class=\"elementor-widget-container\">\n\t\t\t\t\t\t\t\t\t\t\t\t\t\t\t<img decoding=\"async\" src=\"https:\/\/secondsouffle.co\/wp-content\/uploads\/elementor\/thumbs\/architecte-interieur-missions-scaled-p7p8el57rexggj8uj05aqlxwqgav4nq48nr8u1laq0.jpg\" title=\"Les missions d&rsquo;un architecte d&rsquo;int\u00e9rieur\" alt=\"Les missions d&#039;un architecte d&#039;int\u00e9rieur\" loading=\"lazy\" \/>\t\t\t\t\t\t\t\t\t\t\t\t\t\t\t<\/div>\n\t\t\t\t<\/div>\n\t\t\t\t\t<\/div>\n\t\t<\/div>\n\t\t\t\t\t<\/div>\n\t\t<\/section>\n\t\t\t\t<section class=\"elementor-section elementor-top-section elementor-element elementor-element-1232b9e elementor-section-boxed elementor-section-height-default elementor-section-height-default\" data-id=\"1232b9e\" data-element_type=\"section\" data-e-type=\"section\" data-settings=\"{&quot;_ha_eqh_enable&quot;:false}\">\n\t\t\t\t\t\t<div class=\"elementor-container elementor-column-gap-default\">\n\t\t\t\t\t<div class=\"elementor-column elementor-col-100 elementor-top-column elementor-element elementor-element-fa121a6\" data-id=\"fa121a6\" data-element_type=\"column\" data-e-type=\"column\">\n\t\t\t<div class=\"elementor-widget-wrap elementor-element-populated\">\n\t\t\t\t\t\t<div class=\"elementor-element elementor-element-55ea867 elementor-widget elementor-widget-spacer\" data-id=\"55ea867\" data-element_type=\"widget\" data-e-type=\"widget\" data-widget_type=\"spacer.default\">\n\t\t\t\t<div class=\"elementor-widget-container\">\n\t\t\t\t\t\t\t<div class=\"elementor-spacer\">\n\t\t\t<div class=\"elementor-spacer-inner\"><\/div>\n\t\t<\/div>\n\t\t\t\t\t\t<\/div>\n\t\t\t\t<\/div>\n\t\t\t\t<div class=\"elementor-element elementor-element-208760e elementor-widget elementor-widget-text-editor\" data-id=\"208760e\" data-element_type=\"widget\" data-e-type=\"widget\" data-widget_type=\"text-editor.default\">\n\t\t\t\t<div class=\"elementor-widget-container\">\n\t\t\t\t\t\t\t\t\t<p class=\"ql-align-justify\">V\u00e9ritable expert de l&rsquo;am\u00e9nagement et de l&rsquo;optimisation des espaces, l&rsquo;architecte d&rsquo;int\u00e9rieur sera votre meilleur ami pour mener \u00e0 bien votre projet d&rsquo;int\u00e9rieur. Dans cet article, nous vous aidons \u00e0 comprendre les missions et les \u00e9tapes cl\u00e9s d&rsquo;une collaboration avec un architecte d&rsquo;int\u00e9rieur. D\u00e9couvrez \u00e9galement, les qualit\u00e9s requises \u00e0 reconna\u00eetre chez lui. <\/p>\t\t\t\t\t\t\t\t<\/div>\n\t\t\t\t<\/div>\n\t\t\t\t\t<\/div>\n\t\t<\/div>\n\t\t\t\t\t<\/div>\n\t\t<\/section>\n\t\t\t\t<section class=\"elementor-section elementor-top-section elementor-element elementor-element-089c51c elementor-section-boxed elementor-section-height-default elementor-section-height-default\" data-id=\"089c51c\" data-element_type=\"section\" data-e-type=\"section\" data-settings=\"{&quot;_ha_eqh_enable&quot;:false}\">\n\t\t\t\t\t\t<div class=\"elementor-container elementor-column-gap-default\">\n\t\t\t\t\t<div class=\"elementor-column elementor-col-100 elementor-top-column elementor-element elementor-element-61eb756\" data-id=\"61eb756\" data-element_type=\"column\" data-e-type=\"column\">\n\t\t\t<div class=\"elementor-widget-wrap elementor-element-populated\">\n\t\t\t\t\t\t<div class=\"elementor-element elementor-element-4db6fe4 elementor-widget-divider--view-line elementor-widget elementor-widget-divider\" data-id=\"4db6fe4\" data-element_type=\"widget\" data-e-type=\"widget\" data-widget_type=\"divider.default\">\n\t\t\t\t<div class=\"elementor-widget-container\">\n\t\t\t\t\t\t\t<div class=\"elementor-divider\">\n\t\t\t<span class=\"elementor-divider-separator\">\n\t\t\t\t\t\t<\/span>\n\t\t<\/div>\n\t\t\t\t\t\t<\/div>\n\t\t\t\t<\/div>\n\t\t\t\t\t<\/div>\n\t\t<\/div>\n\t\t\t\t\t<\/div>\n\t\t<\/section>\n\t\t\t\t<section class=\"elementor-section elementor-top-section elementor-element elementor-element-f41efb8 elementor-section-boxed elementor-section-height-default elementor-section-height-default\" data-id=\"f41efb8\" data-element_type=\"section\" data-e-type=\"section\" data-settings=\"{&quot;_ha_eqh_enable&quot;:false}\">\n\t\t\t\t\t\t<div class=\"elementor-container elementor-column-gap-default\">\n\t\t\t\t\t<div class=\"elementor-column elementor-col-100 elementor-top-column elementor-element elementor-element-04e5384\" data-id=\"04e5384\" data-element_type=\"column\" data-e-type=\"column\">\n\t\t\t<div class=\"elementor-widget-wrap elementor-element-populated\">\n\t\t\t\t\t\t<div class=\"elementor-element elementor-element-95ea28c elementor-widget elementor-widget-spacer\" data-id=\"95ea28c\" data-element_type=\"widget\" data-e-type=\"widget\" data-widget_type=\"spacer.default\">\n\t\t\t\t<div class=\"elementor-widget-container\">\n\t\t\t\t\t\t\t<div class=\"elementor-spacer\">\n\t\t\t<div class=\"elementor-spacer-inner\"><\/div>\n\t\t<\/div>\n\t\t\t\t\t\t<\/div>\n\t\t\t\t<\/div>\n\t\t\t\t<div class=\"elementor-element elementor-element-d012508 elementor-widget elementor-widget-heading\" data-id=\"d012508\" data-element_type=\"widget\" data-e-type=\"widget\" data-widget_type=\"heading.default\">\n\t\t\t\t<div class=\"elementor-widget-container\">\n\t\t\t\t\t<h2 class=\"elementor-heading-title elementor-size-default\">Les missions d'un architecte d'int\u00e9rieur<\/h2>\t\t\t\t<\/div>\n\t\t\t\t<\/div>\n\t\t\t\t<div class=\"elementor-element elementor-element-422f32d elementor-widget elementor-widget-text-editor\" data-id=\"422f32d\" data-element_type=\"widget\" data-e-type=\"widget\" data-widget_type=\"text-editor.default\">\n\t\t\t\t<div class=\"elementor-widget-container\">\n\t\t\t\t\t\t\t\t\t<p class=\"ql-align-justify\">Commen\u00e7ons par la base. Ne confondez pas l&rsquo;architecte DPLG\/DE et l&rsquo;architecte d&rsquo;int\u00e9rieur. Ce sont deux m\u00e9tiers \u00e0 part enti\u00e8re qui peuvent se compl\u00e9ter. L&rsquo;architecte d&rsquo;int\u00e9rieur a pour r\u00f4le <strong>de concevoir et de r\u00e9aliser des espaces int\u00e9rieurs.<\/strong> Il organise les pi\u00e8ces, la circulation, la lumi\u00e8re naturelle ou encore les couleurs. En d&rsquo;autres termes, il est le sp\u00e9cialiste pour jouer avec les volumes, la lumi\u00e8re, le mobilier, les mat\u00e9riaux et les couleurs. Il doit faire en sorte de rendre le logement \u00e0 la fois <strong>esth\u00e9tique, fonctionnel et confortable.<\/strong> Un bon architecte d&rsquo;int\u00e9rieur doit pouvoir am\u00e9nager un espace qui refl\u00e8te \u00e0 100% votre personnalit\u00e9.<\/p><p class=\"ql-align-justify\">L&rsquo;architecte d&rsquo;int\u00e9rieur peut am\u00e9nager un int\u00e9rieur pour le compte d&rsquo;un particulier, d&rsquo;un professionnel ou d&rsquo;une administration. Il est donc capable de concevoir une maison, une boutique, un restaurant, ou encore un mus\u00e9e.<\/p><p class=\"ql-align-justify\">L&rsquo;architecte d&rsquo;int\u00e9rieur r\u00e9alise \u00e0 chaque fois, dans un premier temps, les missions classiques d&rsquo;un architecte. <strong>Il prend des mesures et appr\u00e9hende les contraintes techniques <\/strong>(cloisons, ouvrants, arriv\u00e9es d&rsquo;\u00e9nergie et de fluides&#8230;). Suite \u00e0 ce rendez-vous pour analyser votre int\u00e9rieur, <strong>il r\u00e9alise un plan existant et des plans projets au sol, des mod\u00e9lisations 3D<\/strong> (ou parfois croquis papier) pour les pi\u00e8ces \u00e0 am\u00e9nager. Les mod\u00e9lisations 3D sont d&rsquo;une r\u00e9elle aide pour visualiser le r\u00e9sultat possible et les probl\u00e8mes potentiels. Gr\u00e2ce \u00e0 ces \u00e9l\u00e9ments, il est beaucoup plus simple de vous \u00e9tablir un <span style=\"text-decoration: underline;\"><strong><a href=\"https:\/\/secondsouffle.co\/index.php\/contact\/\" target=\"\" rel=\"\">devis de r\u00e9novation <\/a><\/strong><\/span>estimatif du projet.<\/p><p class=\"ql-align-justify\">Une fois la validation de sa mission de conception et de son devis de r\u00e9novation, l&rsquo;architecte d&rsquo;int\u00e9rieur <strong>coordonne les professionnels intervenants ou l&rsquo;entreprise de r\u00e9novation.<\/strong> Il est le lien entre les clients et les artisans. Il peut proc\u00e9der \u00e0 l&rsquo;achat des meubles, des \u00e9l\u00e9ments de d\u00e9coration, ou encore aux fournitures. C&rsquo;est lui le garant de la bonne ex\u00e9cution des travaux.<\/p>\t\t\t\t\t\t\t\t<\/div>\n\t\t\t\t<\/div>\n\t\t\t\t<div class=\"elementor-element elementor-element-7571dff elementor-blockquote--skin-border elementor-widget elementor-widget-blockquote\" data-id=\"7571dff\" data-element_type=\"widget\" data-e-type=\"widget\" data-widget_type=\"blockquote.default\">\n\t\t\t\t<div class=\"elementor-widget-container\">\n\t\t\t\t\t\t\t<blockquote class=\"elementor-blockquote\">\n\t\t\t<p class=\"elementor-blockquote__content\">\n\t\t\t\tBon \u00e0 savoir : L'architecte d'int\u00e9rieur a l'autorisation d'exercer le m\u00e9tier de ma\u00eetre d'\u0153uvre sous r\u00e9serve qu'il souscrive \u00e0 une assurance d\u00e9cennale professionnelle. \t\t\t<\/p>\n\t\t\t\t\t<\/blockquote>\n\t\t\t\t\t\t<\/div>\n\t\t\t\t<\/div>\n\t\t\t\t<div class=\"elementor-element elementor-element-db46f09 elementor-widget elementor-widget-spacer\" data-id=\"db46f09\" data-element_type=\"widget\" data-e-type=\"widget\" data-widget_type=\"spacer.default\">\n\t\t\t\t<div class=\"elementor-widget-container\">\n\t\t\t\t\t\t\t<div class=\"elementor-spacer\">\n\t\t\t<div class=\"elementor-spacer-inner\"><\/div>\n\t\t<\/div>\n\t\t\t\t\t\t<\/div>\n\t\t\t\t<\/div>\n\t\t\t\t\t<\/div>\n\t\t<\/div>\n\t\t\t\t\t<\/div>\n\t\t<\/section>\n\t\t\t\t<section class=\"elementor-section elementor-top-section elementor-element elementor-element-c05ebc0 elementor-section-boxed elementor-section-height-default elementor-section-height-default\" data-id=\"c05ebc0\" data-element_type=\"section\" data-e-type=\"section\" data-settings=\"{&quot;_ha_eqh_enable&quot;:false}\">\n\t\t\t\t\t\t<div class=\"elementor-container elementor-column-gap-default\">\n\t\t\t\t\t<div class=\"elementor-column elementor-col-100 elementor-top-column elementor-element elementor-element-e12b9fd\" data-id=\"e12b9fd\" data-element_type=\"column\" data-e-type=\"column\">\n\t\t\t<div class=\"elementor-widget-wrap elementor-element-populated\">\n\t\t\t\t\t\t<div class=\"elementor-element elementor-element-1222a5e elementor-widget elementor-widget-heading\" data-id=\"1222a5e\" data-element_type=\"widget\" data-e-type=\"widget\" data-widget_type=\"heading.default\">\n\t\t\t\t<div class=\"elementor-widget-container\">\n\t\t\t\t\t<h2 class=\"elementor-heading-title elementor-size-default\">Ses zones d'intervention<\/h2>\t\t\t\t<\/div>\n\t\t\t\t<\/div>\n\t\t\t\t<div class=\"elementor-element elementor-element-0d26083 elementor-widget elementor-widget-text-editor\" data-id=\"0d26083\" data-element_type=\"widget\" data-e-type=\"widget\" data-widget_type=\"text-editor.default\">\n\t\t\t\t<div class=\"elementor-widget-container\">\n\t\t\t\t\t\t\t\t\t<p class=\"ql-align-justify\">Afin que vous compreniez mieux son m\u00e9tier, voici les zones d&rsquo;intervention d&rsquo;un architecte d&rsquo;int\u00e9rieur :<\/p><ul><li class=\"ql-align-justify\"><strong>L&rsquo;optimisation des espaces :<\/strong> une salle de bain trop petite, le besoin d&rsquo;une chambre suppl\u00e9mentaire&#8230; Gr\u00e2ce \u00e0 sa cr\u00e9ativit\u00e9 et ses comp\u00e9tences, il est la personne id\u00e9ale pour repenser l&rsquo;ensemble de votre logement.<\/li><li class=\"ql-align-justify\"><strong>Le changement de destination d&rsquo;une pi\u00e8ce : <\/strong>d\u00e9placer une salle de bain ou une cuisine ou encore am\u00e9nager une suite parentale dans une chambre.<\/li><li class=\"ql-align-justify\"><a href=\"https:\/\/secondsouffle.co\/index.php\/agencement-dinterieur-et-travaux\/\" target=\"\" rel=\"\"><span style=\"text-decoration: underline;\"><strong>La r\u00e9novation de votre logement<\/strong><\/span><\/a> : l&rsquo;accompagnement d&rsquo;un architecte d&rsquo;int\u00e9rieur lors de travaux de r\u00e9novation est primordial lorsqu&rsquo;il y a une restructuration des espaces.<\/li><\/ul>\t\t\t\t\t\t\t\t<\/div>\n\t\t\t\t<\/div>\n\t\t\t\t<div class=\"elementor-element elementor-element-a7c79b7 elementor-blockquote--skin-border elementor-widget elementor-widget-blockquote\" data-id=\"a7c79b7\" data-element_type=\"widget\" data-e-type=\"widget\" data-widget_type=\"blockquote.default\">\n\t\t\t\t<div class=\"elementor-widget-container\">\n\t\t\t\t\t\t\t<blockquote class=\"elementor-blockquote\">\n\t\t\t<p class=\"elementor-blockquote__content\">\n\t\t\t\tBon \u00e0 savoir : L'architecte d'int\u00e9rieur doit faire appel \u00e0 un architecte DPLG\/DE, \u00e0 un bureau d'\u00e9tudes ou \u00e0 un ing\u00e9nieur structure si les travaux touchent \u00e0 la structure du b\u00e2timent (abattre un mur porteur par exemple). Ces professionnels sont les seuls \u00e0 valider ou non ce type d'intervention. \t\t\t<\/p>\n\t\t\t\t\t<\/blockquote>\n\t\t\t\t\t\t<\/div>\n\t\t\t\t<\/div>\n\t\t\t\t<div class=\"elementor-element elementor-element-16d8a17 elementor-widget elementor-widget-spacer\" data-id=\"16d8a17\" data-element_type=\"widget\" data-e-type=\"widget\" data-widget_type=\"spacer.default\">\n\t\t\t\t<div class=\"elementor-widget-container\">\n\t\t\t\t\t\t\t<div class=\"elementor-spacer\">\n\t\t\t<div class=\"elementor-spacer-inner\"><\/div>\n\t\t<\/div>\n\t\t\t\t\t\t<\/div>\n\t\t\t\t<\/div>\n\t\t\t\t\t<\/div>\n\t\t<\/div>\n\t\t\t\t\t<\/div>\n\t\t<\/section>\n\t\t\t\t<section class=\"elementor-section elementor-top-section elementor-element elementor-element-d3aafd6 elementor-section-boxed elementor-section-height-default elementor-section-height-default\" data-id=\"d3aafd6\" data-element_type=\"section\" data-e-type=\"section\" data-settings=\"{&quot;_ha_eqh_enable&quot;:false}\">\n\t\t\t\t\t\t<div class=\"elementor-container elementor-column-gap-default\">\n\t\t\t\t\t<div class=\"elementor-column elementor-col-33 elementor-top-column elementor-element elementor-element-671d6de\" data-id=\"671d6de\" data-element_type=\"column\" data-e-type=\"column\">\n\t\t\t<div class=\"elementor-widget-wrap elementor-element-populated\">\n\t\t\t\t\t\t<div class=\"elementor-element elementor-element-a796865 elementor-widget elementor-widget-image\" data-id=\"a796865\" data-element_type=\"widget\" data-e-type=\"widget\" data-widget_type=\"image.default\">\n\t\t\t\t<div class=\"elementor-widget-container\">\n\t\t\t\t\t\t\t\t\t\t\t\t\t\t\t<img decoding=\"async\" src=\"https:\/\/secondsouffle.co\/wp-content\/uploads\/elementor\/thumbs\/jai-besoin-de-conception-et-de-travaux-scaled-p7p8sbk0nks27b9xygv4ghx7pj7aej3ahckg6k6xyo.jpg\" title=\"j&rsquo;ai besoin de conception et de travaux\" alt=\"Deux personnes prenant des mesures sur un chantier\" loading=\"lazy\" \/>\t\t\t\t\t\t\t\t\t\t\t\t\t\t\t<\/div>\n\t\t\t\t<\/div>\n\t\t\t\t\t<\/div>\n\t\t<\/div>\n\t\t\t\t<div class=\"elementor-column elementor-col-33 elementor-top-column elementor-element elementor-element-f62d2c8\" data-id=\"f62d2c8\" data-element_type=\"column\" data-e-type=\"column\">\n\t\t\t<div class=\"elementor-widget-wrap elementor-element-populated\">\n\t\t\t\t\t\t<div class=\"elementor-element elementor-element-25a07cd elementor-widget elementor-widget-image\" data-id=\"25a07cd\" data-element_type=\"widget\" data-e-type=\"widget\" data-widget_type=\"image.default\">\n\t\t\t\t<div class=\"elementor-widget-container\">\n\t\t\t\t\t\t\t\t\t\t\t\t\t\t\t<img decoding=\"async\" src=\"https:\/\/secondsouffle.co\/wp-content\/uploads\/elementor\/thumbs\/conception-3D-architecte-interieur-second-souffle-p7p8edm7a1oxzjj1dfwch0l2hrxa85qmkc75wsv69c.jpg\" title=\"conception-3D-architecte-interieur-second-souffle\" alt=\"conception-3D-architecte-interieur-second-souffle\" loading=\"lazy\" \/>\t\t\t\t\t\t\t\t\t\t\t\t\t\t\t<\/div>\n\t\t\t\t<\/div>\n\t\t\t\t\t<\/div>\n\t\t<\/div>\n\t\t\t\t<div class=\"elementor-column elementor-col-33 elementor-top-column elementor-element elementor-element-1c2dc91\" data-id=\"1c2dc91\" data-element_type=\"column\" data-e-type=\"column\">\n\t\t\t<div class=\"elementor-widget-wrap elementor-element-populated\">\n\t\t\t\t\t\t<div class=\"elementor-element elementor-element-b544426 elementor-widget elementor-widget-image\" data-id=\"b544426\" data-element_type=\"widget\" data-e-type=\"widget\" data-widget_type=\"image.default\">\n\t\t\t\t<div class=\"elementor-widget-container\">\n\t\t\t\t\t\t\t\t\t\t\t\t\t\t\t<img decoding=\"async\" src=\"https:\/\/secondsouffle.co\/wp-content\/uploads\/elementor\/thumbs\/jai-besoin-de-conception-et-de-travaux-2--scaled-p7p8sh71skzs4z1r1javvghz9ufhoppoi4hd27ykxc.jpg\" title=\"j&rsquo;ai besoin de conception et de travaux 2\" alt=\"D\u00e9couverte d&#039;un appartement \u00e0 r\u00e9nover\" loading=\"lazy\" \/>\t\t\t\t\t\t\t\t\t\t\t\t\t\t\t<\/div>\n\t\t\t\t<\/div>\n\t\t\t\t\t<\/div>\n\t\t<\/div>\n\t\t\t\t\t<\/div>\n\t\t<\/section>\n\t\t\t\t<section class=\"elementor-section elementor-top-section elementor-element elementor-element-ab992b0 elementor-section-boxed elementor-section-height-default elementor-section-height-default\" data-id=\"ab992b0\" data-element_type=\"section\" data-e-type=\"section\" data-settings=\"{&quot;_ha_eqh_enable&quot;:false}\">\n\t\t\t\t\t\t<div class=\"elementor-container elementor-column-gap-default\">\n\t\t\t\t\t<div class=\"elementor-column elementor-col-100 elementor-top-column elementor-element elementor-element-7b70470\" data-id=\"7b70470\" data-element_type=\"column\" data-e-type=\"column\">\n\t\t\t<div class=\"elementor-widget-wrap elementor-element-populated\">\n\t\t\t\t\t\t<div class=\"elementor-element elementor-element-82046ca elementor-widget elementor-widget-spacer\" data-id=\"82046ca\" data-element_type=\"widget\" data-e-type=\"widget\" data-widget_type=\"spacer.default\">\n\t\t\t\t<div class=\"elementor-widget-container\">\n\t\t\t\t\t\t\t<div class=\"elementor-spacer\">\n\t\t\t<div class=\"elementor-spacer-inner\"><\/div>\n\t\t<\/div>\n\t\t\t\t\t\t<\/div>\n\t\t\t\t<\/div>\n\t\t\t\t<div class=\"elementor-element elementor-element-62b7f73 elementor-widget elementor-widget-heading\" data-id=\"62b7f73\" data-element_type=\"widget\" data-e-type=\"widget\" data-widget_type=\"heading.default\">\n\t\t\t\t<div class=\"elementor-widget-container\">\n\t\t\t\t\t<h2 class=\"elementor-heading-title elementor-size-default\">Les \u00e9tapes cl\u00e9s pour une collaboration avec un architecte d'int\u00e9rieur <\/h2>\t\t\t\t<\/div>\n\t\t\t\t<\/div>\n\t\t\t\t<div class=\"elementor-element elementor-element-ec93204 elementor-widget elementor-widget-heading\" data-id=\"ec93204\" data-element_type=\"widget\" data-e-type=\"widget\" data-widget_type=\"heading.default\">\n\t\t\t\t<div class=\"elementor-widget-container\">\n\t\t\t\t\t<h3 class=\"elementor-heading-title elementor-size-default\">Evaluer vos besoins <\/h3>\t\t\t\t<\/div>\n\t\t\t\t<\/div>\n\t\t\t\t<div class=\"elementor-element elementor-element-7ca7e93 elementor-widget elementor-widget-text-editor\" data-id=\"7ca7e93\" data-element_type=\"widget\" data-e-type=\"widget\" data-widget_type=\"text-editor.default\">\n\t\t\t\t<div class=\"elementor-widget-container\">\n\t\t\t\t\t\t\t\t\t<p>Afin de se rendre compte de vos besoins et de vos attentes, l&rsquo;architecte d&rsquo;int\u00e9rieur doit obligatoirement se rendre \u00e0 votre logement. Sur place, <strong>il aura une id\u00e9e plus concr\u00e8te de l&rsquo;am\u00e9nagement possible des lieux.<\/strong> Il visite donc les lieux, prend les mesures et \u00e9change avec les diff\u00e9rents intervenants du futur chantier (\u00e9lectricien, plombier, peintre, carreleur&#8230;). Au-del\u00e0 de la partie am\u00e9nagement et conception des lieux, l&rsquo;architecte d&rsquo;int\u00e9rieur peut vous aider dans le choix de la d\u00e9coration, des couleurs, des mat\u00e9riaux et des mobiliers de votre logement.<\/p>\t\t\t\t\t\t\t\t<\/div>\n\t\t\t\t<\/div>\n\t\t\t\t<div class=\"elementor-element elementor-element-ce17102 elementor-widget elementor-widget-heading\" data-id=\"ce17102\" data-element_type=\"widget\" data-e-type=\"widget\" data-widget_type=\"heading.default\">\n\t\t\t\t<div class=\"elementor-widget-container\">\n\t\t\t\t\t<h3 class=\"elementor-heading-title elementor-size-default\">Etudier et concevoir de votre projet<\/h3>\t\t\t\t<\/div>\n\t\t\t\t<\/div>\n\t\t\t\t<div class=\"elementor-element elementor-element-8339fdf elementor-widget elementor-widget-text-editor\" data-id=\"8339fdf\" data-element_type=\"widget\" data-e-type=\"widget\" data-widget_type=\"text-editor.default\">\n\t\t\t\t<div class=\"elementor-widget-container\">\n\t\t\t\t\t\t\t\t\t<p>Apr\u00e8s votre rendez-vous, il con\u00e7oit les plans au sol et les plans 3D et 360\u00b0 des pi\u00e8ces que vous souhaitez am\u00e9nager. Il r\u00e9dige aussi un descriptif d&rsquo;\u00e9tudes techniques et un devis des travaux \u00e0 r\u00e9aliser. Il vous pr\u00e9sente alors le projet. Plusieurs retouches peuvent \u00eatre r\u00e9alis\u00e9es pour ajuster le projet. <strong>Une fois le projet valid\u00e9, les travaux peuvent d\u00e9buter. <\/strong><\/p>\t\t\t\t\t\t\t\t<\/div>\n\t\t\t\t<\/div>\n\t\t\t\t<div class=\"elementor-element elementor-element-29ce120 elementor-widget elementor-widget-heading\" data-id=\"29ce120\" data-element_type=\"widget\" data-e-type=\"widget\" data-widget_type=\"heading.default\">\n\t\t\t\t<div class=\"elementor-widget-container\">\n\t\t\t\t\t<h3 class=\"elementor-heading-title elementor-size-default\">R\u00e9diger les formalit\u00e9s administratives (si besoin)<\/h3>\t\t\t\t<\/div>\n\t\t\t\t<\/div>\n\t\t\t\t<div class=\"elementor-element elementor-element-20c2980 elementor-widget elementor-widget-text-editor\" data-id=\"20c2980\" data-element_type=\"widget\" data-e-type=\"widget\" data-widget_type=\"text-editor.default\">\n\t\t\t\t<div class=\"elementor-widget-container\">\n\t\t\t\t\t\t\t\t\t<p class=\"ql-align-justify\">Sachez que vous n&rsquo;\u00eates pas seul(e) pour vos d\u00e9marches administratives, l&rsquo;architecte d&rsquo;int\u00e9rieur vous assiste ! Ensemble, vous signez un <span style=\"text-decoration: underline;\"><strong><a href=\"https:\/\/www.service-public.fr\/particuliers\/vosdroits\/N319\" target=\"\" rel=\"\">dossier d&rsquo;autorisation administrative<\/a><\/strong><\/span> (DAA) qui inclut la conception de l&rsquo;ensemble des pi\u00e8ces et l&rsquo;autorisation du permis de construire.<\/p><p class=\"ql-align-justify\">L&rsquo;architecte d&rsquo;int\u00e9rieur combine aussi l&rsquo;int\u00e9gralit\u00e9 des plans d\u00e9taill\u00e9s n\u00e9cessaires \u00e0 la r\u00e9alisation du projet et r\u00e9dige un <strong>dossier de pi\u00e8ces de conception g\u00e9n\u00e9rales<\/strong> (PCG). Ce dossier comprend les sp\u00e9cifications techniques, le descriptif d\u00e9taill\u00e9 par corps de m\u00e9tier, les plans, coupes et \u00e9l\u00e9vations indispensables et le calendrier pr\u00e9visionnel des travaux.<\/p>\t\t\t\t\t\t\t\t<\/div>\n\t\t\t\t<\/div>\n\t\t\t\t<div class=\"elementor-element elementor-element-b835e1f elementor-widget elementor-widget-heading\" data-id=\"b835e1f\" data-element_type=\"widget\" data-e-type=\"widget\" data-widget_type=\"heading.default\">\n\t\t\t\t<div class=\"elementor-widget-container\">\n\t\t\t\t\t<h3 class=\"elementor-heading-title elementor-size-default\">Consulter les entreprises de r\u00e9novation <\/h3>\t\t\t\t<\/div>\n\t\t\t\t<\/div>\n\t\t\t\t<div class=\"elementor-element elementor-element-a81e739 elementor-widget elementor-widget-text-editor\" data-id=\"a81e739\" data-element_type=\"widget\" data-e-type=\"widget\" data-widget_type=\"text-editor.default\">\n\t\t\t\t<div class=\"elementor-widget-container\">\n\t\t\t\t\t\t\t\t\t<p>Vous avez peut-\u00eatre d\u00e9j\u00e0 une entreprise de r\u00e9novation pour vos travaux. Si ce n&rsquo;est pas le cas, l&rsquo;architecte d&rsquo;int\u00e9rieur peut vous aider <strong>\u00e0 choisir l&rsquo;entreprise ou les artisans<\/strong> qui travailleront sur votre chantier.<\/p>\t\t\t\t\t\t\t\t<\/div>\n\t\t\t\t<\/div>\n\t\t\t\t<div class=\"elementor-element elementor-element-ce8f55a elementor-widget elementor-widget-heading\" data-id=\"ce8f55a\" data-element_type=\"widget\" data-e-type=\"widget\" data-widget_type=\"heading.default\">\n\t\t\t\t<div class=\"elementor-widget-container\">\n\t\t\t\t\t<h3 class=\"elementor-heading-title elementor-size-default\">Suivre votre chantier et r\u00e9ceptionner les travaux<\/h3>\t\t\t\t<\/div>\n\t\t\t\t<\/div>\n\t\t\t\t<div class=\"elementor-element elementor-element-c16bc03 elementor-widget elementor-widget-text-editor\" data-id=\"c16bc03\" data-element_type=\"widget\" data-e-type=\"widget\" data-widget_type=\"text-editor.default\">\n\t\t\t\t<div class=\"elementor-widget-container\">\n\t\t\t\t\t\t\t\t\t<p>Votre chantier peut enfin commencer. L&rsquo;architecte d&rsquo;int\u00e9rieur prend <strong>le r\u00f4le de chef de chantier et coordonne les travaux de r\u00e9novation<\/strong>. Comment le fait-il ? Il se rend r\u00e9guli\u00e8rement sur votre chantier pour v\u00e9rifier l&rsquo;avancement des travaux et organise des r\u00e9unions. Il \u00e9tablit des comptes-rendus hebdomadaires avec des photos et un d\u00e9compte d\u00e9finitif des travaux. Au moment de la r\u00e9ception du chantier, l&rsquo;architecte d&rsquo;int\u00e9rieur vous fait signer un PV de r\u00e9ception, annote des r\u00e9serves si besoin et valide la conformit\u00e9 de vos travaux.<\/p>\t\t\t\t\t\t\t\t<\/div>\n\t\t\t\t<\/div>\n\t\t\t\t\t<\/div>\n\t\t<\/div>\n\t\t\t\t\t<\/div>\n\t\t<\/section>\n\t\t\t\t<section class=\"elementor-section elementor-top-section elementor-element elementor-element-ccfde54 elementor-section-boxed elementor-section-height-default elementor-section-height-default\" data-id=\"ccfde54\" data-element_type=\"section\" data-e-type=\"section\" data-settings=\"{&quot;_ha_eqh_enable&quot;:false}\">\n\t\t\t\t\t\t<div class=\"elementor-container elementor-column-gap-default\">\n\t\t\t\t\t<div class=\"elementor-column elementor-col-100 elementor-top-column elementor-element elementor-element-51d6f2c\" data-id=\"51d6f2c\" data-element_type=\"column\" data-e-type=\"column\">\n\t\t\t<div class=\"elementor-widget-wrap elementor-element-populated\">\n\t\t\t\t\t\t<div class=\"elementor-element elementor-element-abbab26 elementor-widget elementor-widget-spacer\" data-id=\"abbab26\" data-element_type=\"widget\" data-e-type=\"widget\" data-widget_type=\"spacer.default\">\n\t\t\t\t<div class=\"elementor-widget-container\">\n\t\t\t\t\t\t\t<div class=\"elementor-spacer\">\n\t\t\t<div class=\"elementor-spacer-inner\"><\/div>\n\t\t<\/div>\n\t\t\t\t\t\t<\/div>\n\t\t\t\t<\/div>\n\t\t\t\t<div class=\"elementor-element elementor-element-3b1eef8 elementor-widget elementor-widget-heading\" data-id=\"3b1eef8\" data-element_type=\"widget\" data-e-type=\"widget\" data-widget_type=\"heading.default\">\n\t\t\t\t<div class=\"elementor-widget-container\">\n\t\t\t\t\t<h2 class=\"elementor-heading-title elementor-size-default\">Reconna\u00eetre un bon architecte d'int\u00e9rieur : les qualit\u00e9s requises<\/h2>\t\t\t\t<\/div>\n\t\t\t\t<\/div>\n\t\t\t\t<div class=\"elementor-element elementor-element-78429dd elementor-widget elementor-widget-text-editor\" data-id=\"78429dd\" data-element_type=\"widget\" data-e-type=\"widget\" data-widget_type=\"text-editor.default\">\n\t\t\t\t<div class=\"elementor-widget-container\">\n\t\t\t\t\t\t\t\t\t<p class=\"ql-align-justify\">L&rsquo;architecte d&rsquo;int\u00e9rieur doit avoir des qualit\u00e9s humaines comme l&rsquo;\u00e9coute et l&rsquo;analyse. <strong>Il est en capacit\u00e9 de comprendre vos besoins et de vous en imposer ses limites.<\/strong> C&rsquo;est une personne qui est aussi sensible que cr\u00e9ative. Elle ma\u00eetrise aussi bien le sens de l&rsquo;esth\u00e9tisme, les questions techniques, les normes de construction que les mat\u00e9riaux. Gr\u00e2ce \u00e0 ces connaissances, elle sait imaginer des \u00e9l\u00e9ments sur-mesure mais aussi de retravailler les espaces d&rsquo;un logement sans risquer de mettre en danger la structure du b\u00e2timent.<\/p><p class=\"ql-align-justify\">L&rsquo;architecte d&rsquo;int\u00e9rieur r\u00e9alise souvent des vieilles de tendance en mati\u00e8re de d\u00e9coration, mat\u00e9riaux, styles&#8230; Il a donc de tr\u00e8s bonnes comp\u00e9tences en histoire de l&rsquo;art. Il peut s&rsquo;il en a l&rsquo;opportunit\u00e9, intervenir pour la r\u00e9novation de b\u00e2timents anciens.<\/p><p class=\"ql-align-justify\">C&rsquo;est une personne tr\u00e8s autonome, qui a le sens de la communication, qui peut g\u00e9rer une \u00e9quipe et qui ma\u00eetrise les logiciels de conceptions graphique (PAO\/DAO) pour mener \u00e0 bien ses missions d&rsquo;am\u00e9nagement d&rsquo;espaces.<\/p><p class=\"ql-align-justify\">Concernant les travaux de r\u00e9novation, l&rsquo;architecte d&rsquo;int\u00e9rieur est capable de vous \u00e9tablir un devis pour estimer les co\u00fbts des travaux d&rsquo;am\u00e9nagement.<\/p><p><strong>Un v\u00e9ritable couteau suisse sur un chantier, il dispose en r\u00e9sum\u00e9 \u00e0 la fois de comp\u00e9tences en d\u00e9coration, en am\u00e9nagement et en gestion de travaux.<\/strong><\/p>\t\t\t\t\t\t\t\t<\/div>\n\t\t\t\t<\/div>\n\t\t\t\t\t<\/div>\n\t\t<\/div>\n\t\t\t\t\t<\/div>\n\t\t<\/section>\n\t\t\t\t<section class=\"elementor-section elementor-top-section elementor-element elementor-element-b6c3889 elementor-section-boxed elementor-section-height-default elementor-section-height-default\" data-id=\"b6c3889\" data-element_type=\"section\" data-e-type=\"section\" data-settings=\"{&quot;_ha_eqh_enable&quot;:false}\">\n\t\t\t\t\t\t<div class=\"elementor-container elementor-column-gap-default\">\n\t\t\t\t\t<div class=\"elementor-column elementor-col-100 elementor-top-column elementor-element elementor-element-b9cdc08\" data-id=\"b9cdc08\" data-element_type=\"column\" data-e-type=\"column\">\n\t\t\t<div class=\"elementor-widget-wrap elementor-element-populated\">\n\t\t\t\t\t\t<div class=\"elementor-element elementor-element-86dbe11 elementor-widget elementor-widget-spacer\" data-id=\"86dbe11\" data-element_type=\"widget\" data-e-type=\"widget\" data-widget_type=\"spacer.default\">\n\t\t\t\t<div class=\"elementor-widget-container\">\n\t\t\t\t\t\t\t<div class=\"elementor-spacer\">\n\t\t\t<div class=\"elementor-spacer-inner\"><\/div>\n\t\t<\/div>\n\t\t\t\t\t\t<\/div>\n\t\t\t\t<\/div>\n\t\t\t\t<div class=\"elementor-element elementor-element-ede813a elementor-widget elementor-widget-heading\" data-id=\"ede813a\" data-element_type=\"widget\" data-e-type=\"widget\" data-widget_type=\"heading.default\">\n\t\t\t\t<div class=\"elementor-widget-container\">\n\t\t\t\t\t<h2 class=\"elementor-heading-title elementor-size-default\">Nos derni\u00e8res r\u00e9alisations \u00e0 Paris et Ile-de-France<\/h2>\t\t\t\t<\/div>\n\t\t\t\t<\/div>\n\t\t\t\t<div class=\"elementor-element elementor-element-d9c3436 elementor-widget elementor-widget-text-editor\" data-id=\"d9c3436\" data-element_type=\"widget\" data-e-type=\"widget\" data-widget_type=\"text-editor.default\">\n\t\t\t\t<div class=\"elementor-widget-container\">\n\t\t\t\t\t\t\t\t\t<p>Avec<strong> plus de 47 projets<\/strong> r\u00e9alis\u00e9s en 2020, Second Souffle vous accompagne de la conception jusqu&rsquo;\u00e0 la r\u00e9alisation de tous types de travaux. Nous intervenons pour des budgets de quelques milliers d&rsquo;euros \u00e0 plusieurs centaines de milliers d&rsquo;euros. Voici quelques projets de conception et de r\u00e9novation r\u00e9alis\u00e9s \u00e0 Paris et en Ile-de-France.<\/p>\t\t\t\t\t\t\t\t<\/div>\n\t\t\t\t<\/div>\n\t\t\t\t\t<\/div>\n\t\t<\/div>\n\t\t\t\t\t<\/div>\n\t\t<\/section>\n\t\t\t\t<section class=\"elementor-section elementor-top-section elementor-element elementor-element-a4f947f elementor-section-boxed elementor-section-height-default elementor-section-height-default\" data-id=\"a4f947f\" data-element_type=\"section\" data-e-type=\"section\" data-settings=\"{&quot;_ha_eqh_enable&quot;:false}\">\n\t\t\t\t\t\t<div class=\"elementor-container elementor-column-gap-default\">\n\t\t\t\t\t<div class=\"elementor-column elementor-col-33 elementor-top-column elementor-element elementor-element-4de4079\" data-id=\"4de4079\" data-element_type=\"column\" data-e-type=\"column\">\n\t\t\t<div class=\"elementor-widget-wrap elementor-element-populated\">\n\t\t\t\t\t\t<div class=\"elementor-element elementor-element-c872f74 elementor-widget elementor-widget-image\" data-id=\"c872f74\" data-element_type=\"widget\" data-e-type=\"widget\" data-widget_type=\"image.default\">\n\t\t\t\t<div class=\"elementor-widget-container\">\n\t\t\t\t\t\t\t\t\t\t\t\t\t\t\t\t<a href=\"https:\/\/secondsouffle.co\/index.php\/projet-rue-nelaton-3\/\">\n\t\t\t\t\t\t\t<img fetchpriority=\"high\" decoding=\"async\" width=\"800\" height=\"600\" src=\"https:\/\/secondsouffle.co\/wp-content\/uploads\/2021\/02\/nelaton-fin-chantier-salon-2-1024x768.jpg\" class=\"attachment-large size-large wp-image-10712\" alt=\"\" srcset=\"https:\/\/secondsouffle.co\/wp-content\/uploads\/2021\/02\/nelaton-fin-chantier-salon-2-1024x768.jpg 1024w, https:\/\/secondsouffle.co\/wp-content\/uploads\/2021\/02\/nelaton-fin-chantier-salon-2-300x225.jpg 300w, https:\/\/secondsouffle.co\/wp-content\/uploads\/2021\/02\/nelaton-fin-chantier-salon-2-768x576.jpg 768w, https:\/\/secondsouffle.co\/wp-content\/uploads\/2021\/02\/nelaton-fin-chantier-salon-2-1536x1152.jpg 1536w, https:\/\/secondsouffle.co\/wp-content\/uploads\/2021\/02\/nelaton-fin-chantier-salon-2-2048x1536.jpg 2048w\" sizes=\"(max-width: 800px) 100vw, 800px\" \/>\t\t\t\t\t\t\t\t<\/a>\n\t\t\t\t\t\t\t\t\t\t\t\t\t\t\t<\/div>\n\t\t\t\t<\/div>\n\t\t\t\t<div class=\"elementor-element elementor-element-2b0708a elementor-widget elementor-widget-heading\" data-id=\"2b0708a\" data-element_type=\"widget\" data-e-type=\"widget\" data-widget_type=\"heading.default\">\n\t\t\t\t<div class=\"elementor-widget-container\">\n\t\t\t\t\t<h3 class=\"elementor-heading-title elementor-size-default\"><a href=\"https:\/\/secondsouffle.co\/index.php\/projet-rue-nelaton-3\/\" target=\"_blank\">Appartement Paris 15\u00e8me<\/a><\/h3>\t\t\t\t<\/div>\n\t\t\t\t<\/div>\n\t\t\t\t<div class=\"elementor-element elementor-element-beba045 elementor-widget elementor-widget-text-editor\" data-id=\"beba045\" data-element_type=\"widget\" data-e-type=\"widget\" data-widget_type=\"text-editor.default\">\n\t\t\t\t<div class=\"elementor-widget-container\">\n\t\t\t\t\t\t\t\t\t<p>R\u00e9novation compl\u00e8te de l&rsquo;appartement, budget de 73 456 \u20ac TTC<\/p>\t\t\t\t\t\t\t\t<\/div>\n\t\t\t\t<\/div>\n\t\t\t\t\t<\/div>\n\t\t<\/div>\n\t\t\t\t<div class=\"elementor-column elementor-col-33 elementor-top-column elementor-element elementor-element-c782ae5\" data-id=\"c782ae5\" data-element_type=\"column\" data-e-type=\"column\">\n\t\t\t<div class=\"elementor-widget-wrap elementor-element-populated\">\n\t\t\t\t\t\t<div class=\"elementor-element elementor-element-80ee409 elementor-widget elementor-widget-image\" data-id=\"80ee409\" data-element_type=\"widget\" data-e-type=\"widget\" data-widget_type=\"image.default\">\n\t\t\t\t<div class=\"elementor-widget-container\">\n\t\t\t\t\t\t\t\t\t\t\t\t\t\t\t\t<a href=\"https:\/\/secondsouffle.co\/index.php\/projet-paris-18\/\" target=\"_blank\">\n\t\t\t\t\t\t\t<img decoding=\"async\" src=\"https:\/\/secondsouffle.co\/wp-content\/uploads\/2021\/05\/PROJET-18-CUISINE.jpg\" title=\"PROJET-18-CUISINE\" alt=\"am\u00e9nagement d&#039;une nouvelle cuisine\" loading=\"lazy\" \/>\t\t\t\t\t\t\t\t<\/a>\n\t\t\t\t\t\t\t\t\t\t\t\t\t\t\t<\/div>\n\t\t\t\t<\/div>\n\t\t\t\t<div class=\"elementor-element elementor-element-80df561 elementor-widget elementor-widget-heading\" data-id=\"80df561\" data-element_type=\"widget\" data-e-type=\"widget\" data-widget_type=\"heading.default\">\n\t\t\t\t<div class=\"elementor-widget-container\">\n\t\t\t\t\t<h3 class=\"elementor-heading-title elementor-size-default\"><a href=\"https:\/\/secondsouffle.co\/index.php\/projet-paris-18\/\" target=\"_blank\">Appartement Paris 18\u00e8me<\/a><\/h3>\t\t\t\t<\/div>\n\t\t\t\t<\/div>\n\t\t\t\t<div class=\"elementor-element elementor-element-f01d300 elementor-widget elementor-widget-text-editor\" data-id=\"f01d300\" data-element_type=\"widget\" data-e-type=\"widget\" data-widget_type=\"text-editor.default\">\n\t\t\t\t<div class=\"elementor-widget-container\">\n\t\t\t\t\t\t\t\t\t<p>R\u00e9novation compl\u00e8te de l&rsquo;appartement + cr\u00e9ation d&rsquo;une cuisine et d&rsquo;un bureau sur mesure , budget de 48 500\u20ac TTC<\/p>\t\t\t\t\t\t\t\t<\/div>\n\t\t\t\t<\/div>\n\t\t\t\t\t<\/div>\n\t\t<\/div>\n\t\t\t\t<div class=\"elementor-column elementor-col-33 elementor-top-column elementor-element elementor-element-b50d867\" data-id=\"b50d867\" data-element_type=\"column\" data-e-type=\"column\">\n\t\t\t<div class=\"elementor-widget-wrap elementor-element-populated\">\n\t\t\t\t\t\t<div class=\"elementor-element elementor-element-56e4a43 elementor-widget elementor-widget-image\" data-id=\"56e4a43\" data-element_type=\"widget\" data-e-type=\"widget\" data-widget_type=\"image.default\">\n\t\t\t\t<div class=\"elementor-widget-container\">\n\t\t\t\t\t\t\t\t\t\t\t\t\t\t\t\t<a href=\"https:\/\/secondsouffle.co\/index.php\/projet-viroflay\/\" target=\"_blank\">\n\t\t\t\t\t\t\t<img decoding=\"async\" width=\"800\" height=\"600\" src=\"https:\/\/secondsouffle.co\/wp-content\/uploads\/2021\/05\/renovation-salon-asnieres-1024x768.jpg\" class=\"attachment-large size-large wp-image-12849\" alt=\"\" srcset=\"https:\/\/secondsouffle.co\/wp-content\/uploads\/2021\/05\/renovation-salon-asnieres-1024x768.jpg 1024w, https:\/\/secondsouffle.co\/wp-content\/uploads\/2021\/05\/renovation-salon-asnieres-300x225.jpg 300w, https:\/\/secondsouffle.co\/wp-content\/uploads\/2021\/05\/renovation-salon-asnieres-768x576.jpg 768w, https:\/\/secondsouffle.co\/wp-content\/uploads\/2021\/05\/renovation-salon-asnieres-1536x1152.jpg 1536w, https:\/\/secondsouffle.co\/wp-content\/uploads\/2021\/05\/renovation-salon-asnieres-2048x1536.jpg 2048w\" sizes=\"(max-width: 800px) 100vw, 800px\" \/>\t\t\t\t\t\t\t\t<\/a>\n\t\t\t\t\t\t\t\t\t\t\t\t\t\t\t<\/div>\n\t\t\t\t<\/div>\n\t\t\t\t<div class=\"elementor-element elementor-element-998f3b2 elementor-widget elementor-widget-heading\" data-id=\"998f3b2\" data-element_type=\"widget\" data-e-type=\"widget\" data-widget_type=\"heading.default\">\n\t\t\t\t<div class=\"elementor-widget-container\">\n\t\t\t\t\t<h3 class=\"elementor-heading-title elementor-size-default\"><a href=\"https:\/\/secondsouffle.co\/index.php\/projet-asnieres\/\" target=\"_blank\">Appartement Asni\u00e8res-sur-Seine<\/a><\/h3>\t\t\t\t<\/div>\n\t\t\t\t<\/div>\n\t\t\t\t<div class=\"elementor-element elementor-element-61334d7 elementor-widget elementor-widget-text-editor\" data-id=\"61334d7\" data-element_type=\"widget\" data-e-type=\"widget\" data-widget_type=\"text-editor.default\">\n\t\t\t\t<div class=\"elementor-widget-container\">\n\t\t\t\t\t\t\t\t\t<p>R\u00e9novation compl\u00e8te de l&rsquo;appartement, budget de 41 852\u20ac TTC<\/p>\t\t\t\t\t\t\t\t<\/div>\n\t\t\t\t<\/div>\n\t\t\t\t\t<\/div>\n\t\t<\/div>\n\t\t\t\t\t<\/div>\n\t\t<\/section>\n\t\t\t\t<section class=\"elementor-section elementor-top-section elementor-element elementor-element-7e0007f elementor-section-boxed elementor-section-height-default elementor-section-height-default\" data-id=\"7e0007f\" data-element_type=\"section\" data-e-type=\"section\" data-settings=\"{&quot;_ha_eqh_enable&quot;:false}\">\n\t\t\t\t\t\t<div class=\"elementor-container elementor-column-gap-default\">\n\t\t\t\t\t<div class=\"elementor-column elementor-col-100 elementor-top-column elementor-element elementor-element-86312e7\" data-id=\"86312e7\" data-element_type=\"column\" data-e-type=\"column\">\n\t\t\t<div class=\"elementor-widget-wrap elementor-element-populated\">\n\t\t\t\t\t\t<div class=\"elementor-element elementor-element-840ef49 elementor-widget elementor-widget-spacer\" data-id=\"840ef49\" data-element_type=\"widget\" data-e-type=\"widget\" data-widget_type=\"spacer.default\">\n\t\t\t\t<div class=\"elementor-widget-container\">\n\t\t\t\t\t\t\t<div class=\"elementor-spacer\">\n\t\t\t<div class=\"elementor-spacer-inner\"><\/div>\n\t\t<\/div>\n\t\t\t\t\t\t<\/div>\n\t\t\t\t<\/div>\n\t\t\t\t<div class=\"elementor-element elementor-element-2d4f41c elementor-widget elementor-widget-post-navigation\" data-id=\"2d4f41c\" data-element_type=\"widget\" data-e-type=\"widget\" data-widget_type=\"post-navigation.default\">\n\t\t\t\t<div class=\"elementor-widget-container\">\n\t\t\t\t\t\t\t<div class=\"elementor-post-navigation\" role=\"navigation\" aria-label=\"Navigation de publication\">\n\t\t\t<div class=\"elementor-post-navigation__prev elementor-post-navigation__link\">\n\t\t\t\t<a href=\"https:\/\/secondsouffle.co\/index.php\/2021\/05\/10\/pourquoi-renover-son-appartement-a-paris\/\" rel=\"prev\"><span class=\"post-navigation__arrow-wrapper post-navigation__arrow-prev\"><svg aria-hidden=\"true\" class=\"e-font-icon-svg e-fas-angle-left\" viewBox=\"0 0 256 512\" xmlns=\"http:\/\/www.w3.org\/2000\/svg\"><path d=\"M31.7 239l136-136c9.4-9.4 24.6-9.4 33.9 0l22.6 22.6c9.4 9.4 9.4 24.6 0 33.9L127.9 256l96.4 96.4c9.4 9.4 9.4 24.6 0 33.9L201.7 409c-9.4 9.4-24.6 9.4-33.9 0l-136-136c-9.5-9.4-9.5-24.6-.1-34z\"><\/path><\/svg><span class=\"elementor-screen-only\">Pr\u00e9c\u00e9dent<\/span><\/span><span class=\"elementor-post-navigation__link__prev\"><span class=\"post-navigation__prev--label\">Article Pr\u00e9c\u00e9dent<\/span><span class=\"post-navigation__prev--title\">Pourquoi r\u00e9nover son appartement \u00e0 Paris ?<\/span><\/span><\/a>\t\t\t<\/div>\n\t\t\t\t\t\t<div class=\"elementor-post-navigation__next elementor-post-navigation__link\">\n\t\t\t\t<a href=\"https:\/\/secondsouffle.co\/index.php\/2021\/05\/25\/remplir-son-attestation-de-tva-simplifiee-10-et-55-en-moins-de-5-minutes\/\" rel=\"next\"><span class=\"elementor-post-navigation__link__next\"><span class=\"post-navigation__next--label\">Article Suivant<\/span><span class=\"post-navigation__next--title\">Remplir son attestation de TVA simplifi\u00e9e (10% et 5,5%) en moins de 5 minutes<\/span><\/span><span class=\"post-navigation__arrow-wrapper post-navigation__arrow-next\"><svg aria-hidden=\"true\" class=\"e-font-icon-svg e-fas-angle-right\" viewBox=\"0 0 256 512\" xmlns=\"http:\/\/www.w3.org\/2000\/svg\"><path d=\"M224.3 273l-136 136c-9.4 9.4-24.6 9.4-33.9 0l-22.6-22.6c-9.4-9.4-9.4-24.6 0-33.9l96.4-96.4-96.4-96.4c-9.4-9.4-9.4-24.6 0-33.9L54.3 103c9.4-9.4 24.6-9.4 33.9 0l136 136c9.5 9.4 9.5 24.6.1 34z\"><\/path><\/svg><span class=\"elementor-screen-only\">Suivant<\/span><\/span><\/a>\t\t\t<\/div>\n\t\t<\/div>\n\t\t\t\t\t\t<\/div>\n\t\t\t\t<\/div>\n\t\t\t\t<div class=\"elementor-element elementor-element-aabcd80 elementor-widget elementor-widget-spacer\" data-id=\"aabcd80\" data-element_type=\"widget\" data-e-type=\"widget\" data-widget_type=\"spacer.default\">\n\t\t\t\t<div class=\"elementor-widget-container\">\n\t\t\t\t\t\t\t<div class=\"elementor-spacer\">\n\t\t\t<div class=\"elementor-spacer-inner\"><\/div>\n\t\t<\/div>\n\t\t\t\t\t\t<\/div>\n\t\t\t\t<\/div>\n\t\t\t\t\t<\/div>\n\t\t<\/div>\n\t\t\t\t\t<\/div>\n\t\t<\/section>\n\t\t\t\t<\/div>\n\t\t","protected":false},"excerpt":{"rendered":"<p>V\u00e9ritable expert de l\u2019am\u00e9nagement et de l\u2019optimisation des espaces, l\u2019architecte d\u2019int\u00e9rieur sera votre meilleur ami pour mener \u00e0 bien votre projet d\u2019int\u00e9rieur. Dans cet article, nous vous aidons \u00e0 comprendre les missions et les \u00e9tapes cl\u00e9s d\u2019une collaboration avec un architecte d\u2019int\u00e9rieur. D\u00e9couvrez \u00e9galement, les qualit\u00e9s requises \u00e0 reconna\u00eetre chez lui.<\/p>\n","protected":false},"author":1,"featured_media":12667,"comment_status":"open","ping_status":"open","sticky":false,"template":"","format":"standard","meta":{"_monsterinsights_skip_tracking":false,"_monsterinsights_sitenote_active":false,"_monsterinsights_sitenote_note":"","_monsterinsights_sitenote_category":0,"footnotes":""},"categories":[26],"tags":[],"class_list":["post-12664","post","type-post","status-publish","format-standard","has-post-thumbnail","hentry","category-architecture-et-amenagement-interieur"],"aioseo_notices":[],"amp_enabled":true,"_links":{"self":[{"href":"https:\/\/secondsouffle.co\/index.php\/wp-json\/wp\/v2\/posts\/12664","targetHints":{"allow":["GET"]}}],"collection":[{"href":"https:\/\/secondsouffle.co\/index.php\/wp-json\/wp\/v2\/posts"}],"about":[{"href":"https:\/\/secondsouffle.co\/index.php\/wp-json\/wp\/v2\/types\/post"}],"author":[{"embeddable":true,"href":"https:\/\/secondsouffle.co\/index.php\/wp-json\/wp\/v2\/users\/1"}],"replies":[{"embeddable":true,"href":"https:\/\/secondsouffle.co\/index.php\/wp-json\/wp\/v2\/comments?post=12664"}],"version-history":[{"count":0,"href":"https:\/\/secondsouffle.co\/index.php\/wp-json\/wp\/v2\/posts\/12664\/revisions"}],"wp:featuredmedia":[{"embeddable":true,"href":"https:\/\/secondsouffle.co\/index.php\/wp-json\/wp\/v2\/media\/12667"}],"wp:attachment":[{"href":"https:\/\/secondsouffle.co\/index.php\/wp-json\/wp\/v2\/media?parent=12664"}],"wp:term":[{"taxonomy":"category","embeddable":true,"href":"https:\/\/secondsouffle.co\/index.php\/wp-json\/wp\/v2\/categories?post=12664"},{"taxonomy":"post_tag","embeddable":true,"href":"https:\/\/secondsouffle.co\/index.php\/wp-json\/wp\/v2\/tags?post=12664"}],"curies":[{"name":"wp","href":"https:\/\/api.w.org\/{rel}","templated":true}]}}