{"id":13114,"date":"2021-06-29T15:23:53","date_gmt":"2021-06-29T13:23:53","guid":{"rendered":"https:\/\/secondsouffle.co\/?p=13114"},"modified":"2021-09-21T13:51:35","modified_gmt":"2021-09-21T11:51:35","slug":"les-demarches-pour-surelever-un-immeuble-guide-pratique-en-5-etapes","status":"publish","type":"post","link":"https:\/\/secondsouffle.co\/index.php\/2021\/06\/29\/les-demarches-pour-surelever-un-immeuble-guide-pratique-en-5-etapes\/","title":{"rendered":"Les d\u00e9marches pour sur\u00e9lever un immeuble : guide pratique en 5 \u00e9tapes"},"content":{"rendered":"\t\t<div data-elementor-type=\"wp-post\" data-elementor-id=\"13114\" class=\"elementor elementor-13114\" data-elementor-settings=\"{&quot;ha_cmc_init_switcher&quot;:&quot;no&quot;}\" data-elementor-post-type=\"post\">\n\t\t\t\t\t\t<section class=\"elementor-section elementor-top-section elementor-element elementor-element-12f64cb elementor-section-content-middle elementor-section-boxed elementor-section-height-default elementor-section-height-default\" data-id=\"12f64cb\" data-element_type=\"section\" data-e-type=\"section\" data-settings=\"{&quot;background_background&quot;:&quot;gradient&quot;,&quot;_ha_eqh_enable&quot;:false}\">\n\t\t\t\t\t\t\t<div class=\"elementor-background-overlay\"><\/div>\n\t\t\t\t\t\t\t<div class=\"elementor-container elementor-column-gap-no\">\n\t\t\t\t\t<div class=\"elementor-column elementor-col-100 elementor-top-column elementor-element elementor-element-c28cff5\" data-id=\"c28cff5\" data-element_type=\"column\" data-e-type=\"column\">\n\t\t\t<div class=\"elementor-widget-wrap elementor-element-populated\">\n\t\t\t\t\t\t<div class=\"elementor-element elementor-element-84e68e3 elementor-widget elementor-widget-heading\" data-id=\"84e68e3\" data-element_type=\"widget\" data-e-type=\"widget\" data-widget_type=\"heading.default\">\n\t\t\t\t<div class=\"elementor-widget-container\">\n\t\t\t\t\t<h1 class=\"elementor-heading-title elementor-size-default\">Les d\u00e9marches pour sur\u00e9lever un immeuble : guide pratique en 5 \u00e9tapes<\/h1>\t\t\t\t<\/div>\n\t\t\t\t<\/div>\n\t\t\t\t<div class=\"elementor-element elementor-element-a66c58a elementor-mobile-align-center elementor-widget elementor-widget-post-info\" data-id=\"a66c58a\" data-element_type=\"widget\" data-e-type=\"widget\" data-widget_type=\"post-info.default\">\n\t\t\t\t<div class=\"elementor-widget-container\">\n\t\t\t\t\t\t\t<ul class=\"elementor-inline-items elementor-icon-list-items elementor-post-info\">\n\t\t\t\t\t\t\t\t<li class=\"elementor-icon-list-item elementor-repeater-item-b014cd4 elementor-inline-item\" itemprop=\"datePublished\">\n\t\t\t\t\t\t<a href=\"https:\/\/secondsouffle.co\/index.php\/2021\/06\/29\/\">\n\t\t\t\t\t\t\t\t\t\t\t<span class=\"elementor-icon-list-icon\">\n\t\t\t\t\t\t\t\t<svg aria-hidden=\"true\" class=\"e-font-icon-svg e-fas-calendar\" viewBox=\"0 0 448 512\" xmlns=\"http:\/\/www.w3.org\/2000\/svg\"><path d=\"M12 192h424c6.6 0 12 5.4 12 12v260c0 26.5-21.5 48-48 48H48c-26.5 0-48-21.5-48-48V204c0-6.6 5.4-12 12-12zm436-44v-36c0-26.5-21.5-48-48-48h-48V12c0-6.6-5.4-12-12-12h-40c-6.6 0-12 5.4-12 12v52H160V12c0-6.6-5.4-12-12-12h-40c-6.6 0-12 5.4-12 12v52H48C21.5 64 0 85.5 0 112v36c0 6.6 5.4 12 12 12h424c6.6 0 12-5.4 12-12z\"><\/path><\/svg>\t\t\t\t\t\t\t<\/span>\n\t\t\t\t\t\t\t\t\t<span class=\"elementor-icon-list-text elementor-post-info__item elementor-post-info__item--type-date\">\n\t\t\t\t\t\t\t\t\t\t<time>juin 29, 2021<\/time>\t\t\t\t\t<\/span>\n\t\t\t\t\t\t\t\t\t<\/a>\n\t\t\t\t<\/li>\n\t\t\t\t<li class=\"elementor-icon-list-item elementor-repeater-item-4499c28 elementor-inline-item\">\n\t\t\t\t\t\t\t\t\t\t<span class=\"elementor-icon-list-icon\">\n\t\t\t\t\t\t\t\t<svg aria-hidden=\"true\" class=\"e-font-icon-svg e-far-clock\" viewBox=\"0 0 512 512\" xmlns=\"http:\/\/www.w3.org\/2000\/svg\"><path d=\"M256 8C119 8 8 119 8 256s111 248 248 248 248-111 248-248S393 8 256 8zm0 448c-110.5 0-200-89.5-200-200S145.5 56 256 56s200 89.5 200 200-89.5 200-200 200zm61.8-104.4l-84.9-61.7c-3.1-2.3-4.9-5.9-4.9-9.7V116c0-6.6 5.4-12 12-12h32c6.6 0 12 5.4 12 12v141.7l66.8 48.6c5.4 3.9 6.5 11.4 2.6 16.8L334.6 349c-3.9 5.3-11.4 6.5-16.8 2.6z\"><\/path><\/svg>\t\t\t\t\t\t\t<\/span>\n\t\t\t\t\t\t\t\t\t<span class=\"elementor-icon-list-text elementor-post-info__item elementor-post-info__item--type-time\">\n\t\t\t\t\t\t\t\t\t\t<time>3:23 pm<\/time>\t\t\t\t\t<\/span>\n\t\t\t\t\t\t\t\t<\/li>\n\t\t\t\t<li class=\"elementor-icon-list-item elementor-repeater-item-9026d4d elementor-inline-item\">\n\t\t\t\t\t\t\t\t\t\t<span class=\"elementor-icon-list-icon\">\n\t\t\t\t\t\t\t\t<svg aria-hidden=\"true\" class=\"e-font-icon-svg e-far-user\" viewBox=\"0 0 448 512\" xmlns=\"http:\/\/www.w3.org\/2000\/svg\"><path d=\"M313.6 304c-28.7 0-42.5 16-89.6 16-47.1 0-60.8-16-89.6-16C60.2 304 0 364.2 0 438.4V464c0 26.5 21.5 48 48 48h352c26.5 0 48-21.5 48-48v-25.6c0-74.2-60.2-134.4-134.4-134.4zM400 464H48v-25.6c0-47.6 38.8-86.4 86.4-86.4 14.6 0 38.3 16 89.6 16 51.7 0 74.9-16 89.6-16 47.6 0 86.4 38.8 86.4 86.4V464zM224 288c79.5 0 144-64.5 144-144S303.5 0 224 0 80 64.5 80 144s64.5 144 144 144zm0-240c52.9 0 96 43.1 96 96s-43.1 96-96 96-96-43.1-96-96 43.1-96 96-96z\"><\/path><\/svg>\t\t\t\t\t\t\t<\/span>\n\t\t\t\t\t\t\t\t\t<span class=\"elementor-icon-list-text elementor-post-info__item elementor-post-info__item--type-custom\">\n\t\t\t\t\t\t\t\t\t\tCamille Caire\t\t\t\t\t<\/span>\n\t\t\t\t\t\t\t\t<\/li>\n\t\t\t\t<li class=\"elementor-icon-list-item elementor-repeater-item-cfc54d4 elementor-inline-item\" itemprop=\"about\">\n\t\t\t\t\t\t\t\t\t\t<span class=\"elementor-icon-list-icon\">\n\t\t\t\t\t\t\t\t<svg aria-hidden=\"true\" class=\"e-font-icon-svg e-fas-tags\" viewBox=\"0 0 640 512\" xmlns=\"http:\/\/www.w3.org\/2000\/svg\"><path d=\"M497.941 225.941L286.059 14.059A48 48 0 0 0 252.118 0H48C21.49 0 0 21.49 0 48v204.118a48 48 0 0 0 14.059 33.941l211.882 211.882c18.744 18.745 49.136 18.746 67.882 0l204.118-204.118c18.745-18.745 18.745-49.137 0-67.882zM112 160c-26.51 0-48-21.49-48-48s21.49-48 48-48 48 21.49 48 48-21.49 48-48 48zm513.941 133.823L421.823 497.941c-18.745 18.745-49.137 18.745-67.882 0l-.36-.36L527.64 323.522c16.999-16.999 26.36-39.6 26.36-63.64s-9.362-46.641-26.36-63.64L331.397 0h48.721a48 48 0 0 1 33.941 14.059l211.882 211.882c18.745 18.745 18.745 49.137 0 67.882z\"><\/path><\/svg>\t\t\t\t\t\t\t<\/span>\n\t\t\t\t\t\t\t\t\t<span class=\"elementor-icon-list-text elementor-post-info__item elementor-post-info__item--type-terms\">\n\t\t\t\t\t\t\t\t\t\t<span class=\"elementor-post-info__terms-list\">\n\t\t\t\t<a href=\"https:\/\/secondsouffle.co\/index.php\/category\/renovation\/\" class=\"elementor-post-info__terms-list-item\">R\u00e9novation<\/a>\t\t\t\t<\/span>\n\t\t\t\t\t<\/span>\n\t\t\t\t\t\t\t\t<\/li>\n\t\t\t\t<\/ul>\n\t\t\t\t\t\t<\/div>\n\t\t\t\t<\/div>\n\t\t\t\t\t<\/div>\n\t\t<\/div>\n\t\t\t\t\t<\/div>\n\t\t<\/section>\n\t\t\t\t<section class=\"elementor-section elementor-top-section elementor-element elementor-element-8c0a9df elementor-section-boxed elementor-section-height-default elementor-section-height-default\" data-id=\"8c0a9df\" data-element_type=\"section\" data-e-type=\"section\" data-settings=\"{&quot;_ha_eqh_enable&quot;:false}\">\n\t\t\t\t\t\t<div class=\"elementor-container elementor-column-gap-default\">\n\t\t\t\t\t<div class=\"elementor-column elementor-col-100 elementor-top-column elementor-element elementor-element-bfd61b0\" data-id=\"bfd61b0\" data-element_type=\"column\" data-e-type=\"column\">\n\t\t\t<div class=\"elementor-widget-wrap elementor-element-populated\">\n\t\t\t\t\t\t<div class=\"elementor-element elementor-element-6285f0a elementor-widget elementor-widget-theme-post-featured-image elementor-widget-image\" data-id=\"6285f0a\" data-element_type=\"widget\" data-e-type=\"widget\" data-widget_type=\"theme-post-featured-image.default\">\n\t\t\t\t<div class=\"elementor-widget-container\">\n\t\t\t\t\t\t\t\t\t\t\t\t\t\t\t<img decoding=\"async\" src=\"https:\/\/secondsouffle.co\/wp-content\/uploads\/elementor\/thumbs\/surelevation-immeuble-p9dqj4hw9xs5eanrdr6a5z8hm4vusd2baoq63sjgjs.jpg\" title=\"sur\u00e9l\u00e9vation-immeuble\" alt=\"sur\u00e9l\u00e9vation-immeuble\" loading=\"lazy\" \/>\t\t\t\t\t\t\t\t\t\t\t\t\t\t\t<\/div>\n\t\t\t\t<\/div>\n\t\t\t\t\t<\/div>\n\t\t<\/div>\n\t\t\t\t\t<\/div>\n\t\t<\/section>\n\t\t\t\t<section class=\"elementor-section elementor-top-section elementor-element elementor-element-1232b9e elementor-section-boxed elementor-section-height-default elementor-section-height-default\" data-id=\"1232b9e\" data-element_type=\"section\" data-e-type=\"section\" data-settings=\"{&quot;_ha_eqh_enable&quot;:false}\">\n\t\t\t\t\t\t<div class=\"elementor-container elementor-column-gap-default\">\n\t\t\t\t\t<div class=\"elementor-column elementor-col-100 elementor-top-column elementor-element elementor-element-fa121a6\" data-id=\"fa121a6\" data-element_type=\"column\" data-e-type=\"column\">\n\t\t\t<div class=\"elementor-widget-wrap elementor-element-populated\">\n\t\t\t\t\t\t<div class=\"elementor-element elementor-element-55ea867 elementor-widget elementor-widget-spacer\" data-id=\"55ea867\" data-element_type=\"widget\" data-e-type=\"widget\" data-widget_type=\"spacer.default\">\n\t\t\t\t<div class=\"elementor-widget-container\">\n\t\t\t\t\t\t\t<div class=\"elementor-spacer\">\n\t\t\t<div class=\"elementor-spacer-inner\"><\/div>\n\t\t<\/div>\n\t\t\t\t\t\t<\/div>\n\t\t\t\t<\/div>\n\t\t\t\t<div class=\"elementor-element elementor-element-208760e elementor-widget elementor-widget-text-editor\" data-id=\"208760e\" data-element_type=\"widget\" data-e-type=\"widget\" data-widget_type=\"text-editor.default\">\n\t\t\t\t<div class=\"elementor-widget-container\">\n\t\t\t\t\t\t\t\t\t<p>Paris is the new New York ? Devons-nous nous attendre \u00e0 voir \u00e9voluer le paysage parisien avec la nouvelle <span style=\"text-decoration: underline;\"><a href=\"https:\/\/www.legifrance.gouv.fr\/loda\/id\/JORFTEXT000028772256\/\" target=\"\" rel=\"\">loi ALUR<\/a><\/span> datant de mars 2014, qui a valu la suppression du Coefficient d&rsquo;Occupation des Sols (COS) ? Motiv\u00e9e pour favoriser la cr\u00e9ation de nouveaux logements, Anne Hidalgo, maire de Paris, pr\u00e9voit la sur\u00e9l\u00e9vation de certains immeubles parisiens. Cette sur\u00e9l\u00e9vation est envisag\u00e9e dans les rues larges (au moins 12 m\u00e8tres), dans les quartiers o\u00f9 la hauteur n&rsquo;est pas plafonn\u00e9e \u00e0 25 m\u00e8tres et sur les angles de rues qui disposent d&rsquo;une surface plus ample. Dans ce guide, appr\u00e9hendez les 5 \u00e9tapes pour mener \u00e0 bien un projet de sur\u00e9l\u00e9vation.<\/p>\t\t\t\t\t\t\t\t<\/div>\n\t\t\t\t<\/div>\n\t\t\t\t\t<\/div>\n\t\t<\/div>\n\t\t\t\t\t<\/div>\n\t\t<\/section>\n\t\t\t\t<section class=\"elementor-section elementor-top-section elementor-element elementor-element-089c51c elementor-section-boxed elementor-section-height-default elementor-section-height-default\" data-id=\"089c51c\" data-element_type=\"section\" data-e-type=\"section\" data-settings=\"{&quot;_ha_eqh_enable&quot;:false}\">\n\t\t\t\t\t\t<div class=\"elementor-container elementor-column-gap-default\">\n\t\t\t\t\t<div class=\"elementor-column elementor-col-100 elementor-top-column elementor-element elementor-element-61eb756\" data-id=\"61eb756\" data-element_type=\"column\" data-e-type=\"column\">\n\t\t\t<div class=\"elementor-widget-wrap elementor-element-populated\">\n\t\t\t\t\t\t<div class=\"elementor-element elementor-element-4db6fe4 elementor-widget-divider--view-line elementor-widget elementor-widget-divider\" data-id=\"4db6fe4\" data-element_type=\"widget\" data-e-type=\"widget\" data-widget_type=\"divider.default\">\n\t\t\t\t<div class=\"elementor-widget-container\">\n\t\t\t\t\t\t\t<div class=\"elementor-divider\">\n\t\t\t<span class=\"elementor-divider-separator\">\n\t\t\t\t\t\t<\/span>\n\t\t<\/div>\n\t\t\t\t\t\t<\/div>\n\t\t\t\t<\/div>\n\t\t\t\t\t<\/div>\n\t\t<\/div>\n\t\t\t\t\t<\/div>\n\t\t<\/section>\n\t\t\t\t<section class=\"elementor-section elementor-top-section elementor-element elementor-element-f41efb8 elementor-section-boxed elementor-section-height-default elementor-section-height-default\" data-id=\"f41efb8\" data-element_type=\"section\" data-e-type=\"section\" data-settings=\"{&quot;_ha_eqh_enable&quot;:false}\">\n\t\t\t\t\t\t<div class=\"elementor-container elementor-column-gap-default\">\n\t\t\t\t\t<div class=\"elementor-column elementor-col-100 elementor-top-column elementor-element elementor-element-04e5384\" data-id=\"04e5384\" data-element_type=\"column\" data-e-type=\"column\">\n\t\t\t<div class=\"elementor-widget-wrap elementor-element-populated\">\n\t\t\t\t\t\t<div class=\"elementor-element elementor-element-95ea28c elementor-widget elementor-widget-spacer\" data-id=\"95ea28c\" data-element_type=\"widget\" data-e-type=\"widget\" data-widget_type=\"spacer.default\">\n\t\t\t\t<div class=\"elementor-widget-container\">\n\t\t\t\t\t\t\t<div class=\"elementor-spacer\">\n\t\t\t<div class=\"elementor-spacer-inner\"><\/div>\n\t\t<\/div>\n\t\t\t\t\t\t<\/div>\n\t\t\t\t<\/div>\n\t\t\t\t<div class=\"elementor-element elementor-element-d012508 elementor-widget elementor-widget-heading\" data-id=\"d012508\" data-element_type=\"widget\" data-e-type=\"widget\" data-widget_type=\"heading.default\">\n\t\t\t\t<div class=\"elementor-widget-container\">\n\t\t\t\t\t<h2 class=\"elementor-heading-title elementor-size-default\">Pourquoi sur\u00e9lever un immeuble ?<\/h2>\t\t\t\t<\/div>\n\t\t\t\t<\/div>\n\t\t\t\t<div class=\"elementor-element elementor-element-422f32d elementor-widget elementor-widget-text-editor\" data-id=\"422f32d\" data-element_type=\"widget\" data-e-type=\"widget\" data-widget_type=\"text-editor.default\">\n\t\t\t\t<div class=\"elementor-widget-container\">\n\t\t\t\t\t\t\t\t\t<p class=\"ql-align-justify\">Trouver un logement \u00e0 la location ou \u00e0 la vente sur Paris s&rsquo;apparente souvent \u00e0 un parcours du combattant. Bonjour la p\u00e9nurie des logements ! Pour r\u00e9pondre \u00e0 ce probl\u00e8me, la loi s&rsquo;est assouplie permettant <strong>l&rsquo;ajout d&rsquo;un ou plusieurs \u00e9tages sur un immeuble ancien.<\/strong> Les nouveaux immeubles exploitent d\u00e9j\u00e0 au maximum leur droit \u00e0 construction.<\/p><p class=\"ql-align-justify\">Mais la sur\u00e9l\u00e9vation d&rsquo;immeuble, quesaco ? le projet consiste \u00e0 <strong>ajouter des parties privatives et\/ ou communes \u00e0 un immeuble.<\/strong> Comment ? En modifiant la toiture et en cr\u00e9ant des nouvelles constructions dans le prolongement de la fa\u00e7ade de l&rsquo;immeuble.<\/p><p>Pourquoi le faire ? <strong>Pour valoriser tout l&rsquo;immeuble<\/strong> en cr\u00e9ant de nouveaux lots.<\/p>\t\t\t\t\t\t\t\t<\/div>\n\t\t\t\t<\/div>\n\t\t\t\t\t<\/div>\n\t\t<\/div>\n\t\t\t\t\t<\/div>\n\t\t<\/section>\n\t\t\t\t<section class=\"elementor-section elementor-top-section elementor-element elementor-element-6223a41 elementor-section-boxed elementor-section-height-default elementor-section-height-default\" data-id=\"6223a41\" data-element_type=\"section\" data-e-type=\"section\" data-settings=\"{&quot;_ha_eqh_enable&quot;:false}\">\n\t\t\t\t\t\t<div class=\"elementor-container elementor-column-gap-default\">\n\t\t\t\t\t<div class=\"elementor-column elementor-col-100 elementor-top-column elementor-element elementor-element-22ffe7f\" data-id=\"22ffe7f\" data-element_type=\"column\" data-e-type=\"column\">\n\t\t\t<div class=\"elementor-widget-wrap elementor-element-populated\">\n\t\t\t\t\t\t<div class=\"elementor-element elementor-element-b8122df elementor-widget elementor-widget-spacer\" data-id=\"b8122df\" data-element_type=\"widget\" data-e-type=\"widget\" data-widget_type=\"spacer.default\">\n\t\t\t\t<div class=\"elementor-widget-container\">\n\t\t\t\t\t\t\t<div class=\"elementor-spacer\">\n\t\t\t<div class=\"elementor-spacer-inner\"><\/div>\n\t\t<\/div>\n\t\t\t\t\t\t<\/div>\n\t\t\t\t<\/div>\n\t\t\t\t<div class=\"elementor-element elementor-element-cd1ef4a elementor-widget elementor-widget-heading\" data-id=\"cd1ef4a\" data-element_type=\"widget\" data-e-type=\"widget\" data-widget_type=\"heading.default\">\n\t\t\t\t<div class=\"elementor-widget-container\">\n\t\t\t\t\t<h2 class=\"elementor-heading-title elementor-size-default\">Quels sont les avantages de la sur\u00e9l\u00e9vation d'un immeuble ?<\/h2>\t\t\t\t<\/div>\n\t\t\t\t<\/div>\n\t\t\t\t<div class=\"elementor-element elementor-element-632b3a2 elementor-widget elementor-widget-text-editor\" data-id=\"632b3a2\" data-element_type=\"widget\" data-e-type=\"widget\" data-widget_type=\"text-editor.default\">\n\t\t\t\t<div class=\"elementor-widget-container\">\n\t\t\t\t\t\t\t\t\t<p class=\"ql-align-justify\">La sur\u00e9l\u00e9vation d&rsquo;immeuble offre plusieurs avantages comme :<\/p><ol><li class=\"ql-align-justify\">Qui dit augmentation du nombre d&rsquo;appartements, dit <strong>r\u00e9duction des charges<\/strong> \u00e0 long terme, puisque ces derni\u00e8res sont r\u00e9parties en davantage de tanti\u00e8mes.<\/li><li class=\"ql-align-justify\">Avantage non n\u00e9gligeable, la cr\u00e9ation de nouveaux logements cr\u00e9er<strong> une plus-value \u00e0 partager entre les diff\u00e9rents copropri\u00e9taires.<\/strong> Cette plus-value peut servir \u00e0 financer de lourds travaux : ravalement de fa\u00e7ade, remise aux normes \u00e9lectriques, r\u00e9novation \u00e9nerg\u00e9tique&#8230;<\/li><li class=\"ql-align-justify\">La cr\u00e9ation d&rsquo;un nouvel \u00e9tage va permettre <strong>d&rsquo;am\u00e9liorer l&rsquo;efficacit\u00e9 thermique <\/strong>gr\u00e2ce aux travaux d&rsquo;isolation. Coucou les \u00e9conomies d&rsquo;\u00e9nergie !<\/li><\/ol>\t\t\t\t\t\t\t\t<\/div>\n\t\t\t\t<\/div>\n\t\t\t\t\t<\/div>\n\t\t<\/div>\n\t\t\t\t\t<\/div>\n\t\t<\/section>\n\t\t\t\t<section class=\"elementor-section elementor-top-section elementor-element elementor-element-d9d4542 elementor-section-boxed elementor-section-height-default elementor-section-height-default\" data-id=\"d9d4542\" data-element_type=\"section\" data-e-type=\"section\" data-settings=\"{&quot;_ha_eqh_enable&quot;:false}\">\n\t\t\t\t\t\t<div class=\"elementor-container elementor-column-gap-default\">\n\t\t\t\t\t<div class=\"elementor-column elementor-col-100 elementor-top-column elementor-element elementor-element-c55808b\" data-id=\"c55808b\" data-element_type=\"column\" data-e-type=\"column\">\n\t\t\t<div class=\"elementor-widget-wrap elementor-element-populated\">\n\t\t\t\t\t\t<div class=\"elementor-element elementor-element-326bfc5 elementor-widget elementor-widget-spacer\" data-id=\"326bfc5\" data-element_type=\"widget\" data-e-type=\"widget\" data-widget_type=\"spacer.default\">\n\t\t\t\t<div class=\"elementor-widget-container\">\n\t\t\t\t\t\t\t<div class=\"elementor-spacer\">\n\t\t\t<div class=\"elementor-spacer-inner\"><\/div>\n\t\t<\/div>\n\t\t\t\t\t\t<\/div>\n\t\t\t\t<\/div>\n\t\t\t\t<div class=\"elementor-element elementor-element-5019794 elementor-widget elementor-widget-heading\" data-id=\"5019794\" data-element_type=\"widget\" data-e-type=\"widget\" data-widget_type=\"heading.default\">\n\t\t\t\t<div class=\"elementor-widget-container\">\n\t\t\t\t\t<h2 class=\"elementor-heading-title elementor-size-default\">Qui peut \u00eatre \u00e0 l'initiative de ce projet ?<\/h2>\t\t\t\t<\/div>\n\t\t\t\t<\/div>\n\t\t\t\t<div class=\"elementor-element elementor-element-d40dfd5 elementor-widget elementor-widget-text-editor\" data-id=\"d40dfd5\" data-element_type=\"widget\" data-e-type=\"widget\" data-widget_type=\"text-editor.default\">\n\t\t\t\t<div class=\"elementor-widget-container\">\n\t\t\t\t\t\t\t\t\t<p>Le projet de sur\u00e9l\u00e9vation d&rsquo;immeuble peut \u00eatre \u00e0 l&rsquo;initiative de :<\/p><ul><li class=\"ql-align-justify\"><strong>Du syndicat des copropri\u00e9taires :<\/strong> en devenant ma\u00eetre d&rsquo;ouvrage ou en vendant le toit et son droit de construire \u00e0 un promoteur pour la cr\u00e9ation de logements neufs. Ce droit est soumis au vote de l&rsquo;ensemble des copropri\u00e9taires, r\u00e9unis en assembl\u00e9e g\u00e9n\u00e9rale. Attention, selon <span style=\"text-decoration: underline;\"><strong><a href=\"https:\/\/www.legifrance.gouv.fr\/affichTexteArticle.do?idArticle=LEGIARTI000028807681&amp;cidTexte=LEGITEXT000006068256&amp;dateTexte=20140327\" target=\"\" rel=\"\">l&rsquo;article 35 de la loi du 10 juillet 1965<\/a><\/strong><\/span>, si une vente de lots est cr\u00e9\u00e9e dans le cadre d&rsquo;une sur\u00e9l\u00e9vation, les copropri\u00e9taires du dernier \u00e9tage seront prioritaires.<\/li><li class=\"ql-align-justify\"><strong>D&rsquo;un des copropri\u00e9taires du dernier \u00e9tage \u00e0 des fins priv\u00e9es :<\/strong> qui souhaite agrandir son logement. Il sera donc par cons\u00e9quent le ma\u00eetre d&rsquo;\u0153uvre . Les travaux seront sous sa responsabilit\u00e9. Cette d\u00e9cision est soumise au vote de l&rsquo;assembl\u00e9e g\u00e9n\u00e9rale. Pour mettre \u00e0 bien ce projet, le demandeur doit obtenir 2\/3 des voix des autres copropri\u00e9taires.<\/li><\/ul>\t\t\t\t\t\t\t\t<\/div>\n\t\t\t\t<\/div>\n\t\t\t\t\t<\/div>\n\t\t<\/div>\n\t\t\t\t\t<\/div>\n\t\t<\/section>\n\t\t\t\t<section class=\"elementor-section elementor-top-section elementor-element elementor-element-7115790 elementor-section-boxed elementor-section-height-default elementor-section-height-default\" data-id=\"7115790\" data-element_type=\"section\" data-e-type=\"section\" data-settings=\"{&quot;_ha_eqh_enable&quot;:false}\">\n\t\t\t\t\t\t<div class=\"elementor-container elementor-column-gap-default\">\n\t\t\t\t\t<div class=\"elementor-column elementor-col-100 elementor-top-column elementor-element elementor-element-2ac116f\" data-id=\"2ac116f\" data-element_type=\"column\" data-e-type=\"column\">\n\t\t\t<div class=\"elementor-widget-wrap elementor-element-populated\">\n\t\t\t\t\t\t<div class=\"elementor-element elementor-element-05165eb elementor-widget elementor-widget-spacer\" data-id=\"05165eb\" data-element_type=\"widget\" data-e-type=\"widget\" data-widget_type=\"spacer.default\">\n\t\t\t\t<div class=\"elementor-widget-container\">\n\t\t\t\t\t\t\t<div class=\"elementor-spacer\">\n\t\t\t<div class=\"elementor-spacer-inner\"><\/div>\n\t\t<\/div>\n\t\t\t\t\t\t<\/div>\n\t\t\t\t<\/div>\n\t\t\t\t<div class=\"elementor-element elementor-element-7afff0a elementor-widget elementor-widget-heading\" data-id=\"7afff0a\" data-element_type=\"widget\" data-e-type=\"widget\" data-widget_type=\"heading.default\">\n\t\t\t\t<div class=\"elementor-widget-container\">\n\t\t\t\t\t<h2 class=\"elementor-heading-title elementor-size-default\">Quel est le co\u00fbt d'une sur\u00e9l\u00e9vation d'immeuble ?<\/h2>\t\t\t\t<\/div>\n\t\t\t\t<\/div>\n\t\t\t\t<div class=\"elementor-element elementor-element-ebbba32 elementor-widget elementor-widget-text-editor\" data-id=\"ebbba32\" data-element_type=\"widget\" data-e-type=\"widget\" data-widget_type=\"text-editor.default\">\n\t\t\t\t<div class=\"elementor-widget-container\">\n\t\t\t\t\t\t\t\t\t<p>Comptez en moyenne entre<strong> 2000 et 4500\u20ac \/m\u00b2<\/strong>. La sur\u00e9l\u00e9vation est certes un investissement couteux, mais il l&rsquo;est bien moins que le prix du foncier \u00e0 Paris, qui se situe en moyenne \u00e0 <strong>11 361\u20ac \/ m\u00b2<\/strong>. Pensez donc \u00e0 la tr\u00e8s belle plus-value que vous pouvez faire lors de la revente !<\/p>\t\t\t\t\t\t\t\t<\/div>\n\t\t\t\t<\/div>\n\t\t\t\t\t<\/div>\n\t\t<\/div>\n\t\t\t\t\t<\/div>\n\t\t<\/section>\n\t\t\t\t<section class=\"elementor-section elementor-top-section elementor-element elementor-element-5cb4306 elementor-section-boxed elementor-section-height-default elementor-section-height-default\" data-id=\"5cb4306\" data-element_type=\"section\" data-e-type=\"section\" data-settings=\"{&quot;_ha_eqh_enable&quot;:false}\">\n\t\t\t\t\t\t<div class=\"elementor-container elementor-column-gap-default\">\n\t\t\t\t\t<div class=\"elementor-column elementor-col-100 elementor-top-column elementor-element elementor-element-2bd785e\" data-id=\"2bd785e\" data-element_type=\"column\" data-e-type=\"column\">\n\t\t\t<div class=\"elementor-widget-wrap elementor-element-populated\">\n\t\t\t\t\t\t<div class=\"elementor-element elementor-element-f0ce4d0 elementor-widget elementor-widget-spacer\" data-id=\"f0ce4d0\" data-element_type=\"widget\" data-e-type=\"widget\" data-widget_type=\"spacer.default\">\n\t\t\t\t<div class=\"elementor-widget-container\">\n\t\t\t\t\t\t\t<div class=\"elementor-spacer\">\n\t\t\t<div class=\"elementor-spacer-inner\"><\/div>\n\t\t<\/div>\n\t\t\t\t\t\t<\/div>\n\t\t\t\t<\/div>\n\t\t\t\t<div class=\"elementor-element elementor-element-e102147 elementor-widget elementor-widget-heading\" data-id=\"e102147\" data-element_type=\"widget\" data-e-type=\"widget\" data-widget_type=\"heading.default\">\n\t\t\t\t<div class=\"elementor-widget-container\">\n\t\t\t\t\t<h2 class=\"elementor-heading-title elementor-size-default\">Quel est le d\u00e9lai pour la sur\u00e9l\u00e9vation d'un immeuble ?<\/h2>\t\t\t\t<\/div>\n\t\t\t\t<\/div>\n\t\t\t\t<div class=\"elementor-element elementor-element-2ec7c87 elementor-widget elementor-widget-text-editor\" data-id=\"2ec7c87\" data-element_type=\"widget\" data-e-type=\"widget\" data-widget_type=\"text-editor.default\">\n\t\t\t\t<div class=\"elementor-widget-container\">\n\t\t\t\t\t\t\t\t\t<p class=\"ql-align-justify\">Il faut \u00eatre patient, car un projet d&rsquo;une telle envergure prend du temps \u00e0 se r\u00e9aliser. Comptez bien <strong>12 mois<\/strong> pour \u00e9tudier la faisabilit\u00e9 technique et juridique de la sur\u00e9l\u00e9vation, et pratiquement <strong>autant de temps <\/strong>pour l&rsquo;ex\u00e9cution des travaux.<\/p><p class=\"ql-align-justify\">C&rsquo;est une moyenne, parfois <strong>les d\u00e9lais peuvent \u00eatre rallong\u00e9s<\/strong> s&rsquo;il y a une modification du r\u00e8glement de la copropri\u00e9t\u00e9, un examen de la mitoyennet\u00e9, une \u00e9tude du march\u00e9 immobilier pour s&rsquo;assurer de l&rsquo;int\u00e9r\u00eat du projet&#8230;<\/p>\t\t\t\t\t\t\t\t<\/div>\n\t\t\t\t<\/div>\n\t\t\t\t\t<\/div>\n\t\t<\/div>\n\t\t\t\t\t<\/div>\n\t\t<\/section>\n\t\t\t\t<section class=\"elementor-section elementor-top-section elementor-element elementor-element-b4a8624 elementor-section-boxed elementor-section-height-default elementor-section-height-default\" data-id=\"b4a8624\" data-element_type=\"section\" data-e-type=\"section\" data-settings=\"{&quot;_ha_eqh_enable&quot;:false}\">\n\t\t\t\t\t\t<div class=\"elementor-container elementor-column-gap-default\">\n\t\t\t\t\t<div class=\"elementor-column elementor-col-100 elementor-top-column elementor-element elementor-element-a8d4458\" data-id=\"a8d4458\" data-element_type=\"column\" data-e-type=\"column\">\n\t\t\t<div class=\"elementor-widget-wrap elementor-element-populated\">\n\t\t\t\t\t\t<div class=\"elementor-element elementor-element-c0f173b elementor-widget elementor-widget-spacer\" data-id=\"c0f173b\" data-element_type=\"widget\" data-e-type=\"widget\" data-widget_type=\"spacer.default\">\n\t\t\t\t<div class=\"elementor-widget-container\">\n\t\t\t\t\t\t\t<div class=\"elementor-spacer\">\n\t\t\t<div class=\"elementor-spacer-inner\"><\/div>\n\t\t<\/div>\n\t\t\t\t\t\t<\/div>\n\t\t\t\t<\/div>\n\t\t\t\t<div class=\"elementor-element elementor-element-b5949f0 elementor-widget elementor-widget-heading\" data-id=\"b5949f0\" data-element_type=\"widget\" data-e-type=\"widget\" data-widget_type=\"heading.default\">\n\t\t\t\t<div class=\"elementor-widget-container\">\n\t\t\t\t\t<h2 class=\"elementor-heading-title elementor-size-default\">Sur\u00e9l\u00e9vation d'immeuble : une d\u00e9marche en 5 \u00e9tapes<\/h2>\t\t\t\t<\/div>\n\t\t\t\t<\/div>\n\t\t\t\t<div class=\"elementor-element elementor-element-e5e2419 elementor-widget elementor-widget-heading\" data-id=\"e5e2419\" data-element_type=\"widget\" data-e-type=\"widget\" data-widget_type=\"heading.default\">\n\t\t\t\t<div class=\"elementor-widget-container\">\n\t\t\t\t\t<h3 class=\"elementor-heading-title elementor-size-default\">1.Etudiez la faisabilit\u00e9 du projet<\/h3>\t\t\t\t<\/div>\n\t\t\t\t<\/div>\n\t\t\t\t<div class=\"elementor-element elementor-element-0635c41 elementor-widget elementor-widget-text-editor\" data-id=\"0635c41\" data-element_type=\"widget\" data-e-type=\"widget\" data-widget_type=\"text-editor.default\">\n\t\t\t\t<div class=\"elementor-widget-container\">\n\t\t\t\t\t\t\t\t\t<p class=\"ql-align-justify\">Sans faisabilit\u00e9 du projet, pas de sur\u00e9l\u00e9vation. Cette \u00e9tape est donc primordiale pour enclencher le processus des travaux. Vous pouvez faire appel \u00e0 diff\u00e9rents professionnels comme un bureau d&rsquo;\u00e9tudes structure qui va s&rsquo;occuper de r\u00e9pondre aux questions techniques et financi\u00e8res du projet. Cette consultation est obligatoire pour s&rsquo;assurer du bon d\u00e9roulement des travaux.<\/p><p class=\"ql-align-justify\">Il faut aussi consulter le <span style=\"text-decoration: underline;\"><strong><a href=\"https:\/\/www.paris.fr\/pages\/le-plan-local-d-urbanisme-plu-2329\" target=\"\" rel=\"\">Plan Local d&rsquo;Urbanisme<\/a> <\/strong><\/span>(PLU) de la ville. C&rsquo;est un document qui regroupe les normes de construction \u00e0 adapter. Il doit fournir l&rsquo;information selon laquelle, il est possible ou non de faire une sur\u00e9l\u00e9vation. La consultation du PLU est gratuite en mairie. Demandez le service urbanisme.<\/p><p class=\"ql-align-justify\">Autre \u00e9l\u00e9ment \u00e0 prendre en compte : est-ce qu&rsquo;il y a la pr\u00e9sence ou non d&rsquo;une carri\u00e8re dans les sous-sols de votre terrain ? Pour avoir la r\u00e9ponse, consultez <span style=\"text-decoration: underline;\"><strong><a href=\"https:\/\/www.paris.fr\/pages\/tout-savoir-sur-les-sous-sols-2317\/\" target=\"\" rel=\"\">l&rsquo;Inspection G\u00e9n\u00e9rale des Carri\u00e8res<\/a> <\/strong><\/span>(IGC) qui v\u00e9rifieront l&rsquo;\u00e9tat du sous-sol de la parcelle.<\/p><p class=\"ql-align-justify\">Pour mettre toutes les chances de votre c\u00f4t\u00e9, vous devez aussi faire appel \u00e0 un architecte. Il est qualifi\u00e9 pour rendre le projet admissible aux r\u00e8gles d&rsquo;urbanisme \u00e0 respecter et aux normes thermiques. Il travaillera aussi en collaboration avec le Bureau d&rsquo;Etude Structure, qui l&rsquo;assistera sur les sp\u00e9cificit\u00e9s techniques relevant de ses comp\u00e9tences.<\/p>\t\t\t\t\t\t\t\t<\/div>\n\t\t\t\t<\/div>\n\t\t\t\t\t<\/div>\n\t\t<\/div>\n\t\t\t\t\t<\/div>\n\t\t<\/section>\n\t\t\t\t<section class=\"elementor-section elementor-top-section elementor-element elementor-element-94ed009 elementor-section-boxed elementor-section-height-default elementor-section-height-default\" data-id=\"94ed009\" data-element_type=\"section\" data-e-type=\"section\" data-settings=\"{&quot;_ha_eqh_enable&quot;:false}\">\n\t\t\t\t\t\t<div class=\"elementor-container elementor-column-gap-default\">\n\t\t\t\t\t<div class=\"elementor-column elementor-col-33 elementor-top-column elementor-element elementor-element-90583c5\" data-id=\"90583c5\" data-element_type=\"column\" data-e-type=\"column\">\n\t\t\t<div class=\"elementor-widget-wrap elementor-element-populated\">\n\t\t\t\t\t\t<div class=\"elementor-element elementor-element-a934195 elementor-widget elementor-widget-image\" data-id=\"a934195\" data-element_type=\"widget\" data-e-type=\"widget\" data-widget_type=\"image.default\">\n\t\t\t\t<div class=\"elementor-widget-container\">\n\t\t\t\t\t\t\t\t\t\t\t\t<figure class=\"wp-caption\">\n\t\t\t\t\t\t\t\t\t\t<img decoding=\"async\" src=\"https:\/\/secondsouffle.co\/wp-content\/uploads\/elementor\/thumbs\/rehausse-d-un-garage-en-zinc-ondpwvvmp8rj3j15nw1uv7xf9awac1bmxjiyddybi0.jpg\" title=\"rehausse-d-un-garage-en-zinc\" alt=\"rehausse-d-un-garage-en-zinc\" loading=\"lazy\" \/>\t\t\t\t\t\t\t\t\t\t\t<figcaption class=\"widget-image-caption wp-caption-text\">Source : Pinterest<\/figcaption>\n\t\t\t\t\t\t\t\t\t\t<\/figure>\n\t\t\t\t\t\t\t\t\t<\/div>\n\t\t\t\t<\/div>\n\t\t\t\t<div class=\"elementor-element elementor-element-73de0e9 elementor-widget elementor-widget-heading\" data-id=\"73de0e9\" data-element_type=\"widget\" data-e-type=\"widget\" data-widget_type=\"heading.default\">\n\t\t\t\t<div class=\"elementor-widget-container\">\n\t\t\t\t\t<h4 class=\"elementor-heading-title elementor-size-default\">Le sur\u00e9l\u00e9vation l\u00e9g\u00e8re : modification de la pente de toit<\/h4>\t\t\t\t<\/div>\n\t\t\t\t<\/div>\n\t\t\t\t<div class=\"elementor-element elementor-element-e7fac27 elementor-widget elementor-widget-text-editor\" data-id=\"e7fac27\" data-element_type=\"widget\" data-e-type=\"widget\" data-widget_type=\"text-editor.default\">\n\t\t\t\t<div class=\"elementor-widget-container\">\n\t\t\t\t\t\t\t\t\t<p>La modification de la pente de toit permet <strong><span style=\"color: #333333;\">d\u2019augmenter l\u2019inclinaison de la toiture pour gagner de la hauteur sous plafond ou d\u2019augmenter la surface exploitable des combles<\/span><\/strong>. De plus, elle peut \u00eatre accompagn\u00e9e ou non de la rehausse des murs de la fa\u00e7ade et permet potentiellement de r\u00e9utiliser des mat\u00e9riaux d\u2019origine comme les tuiles.<\/p>\t\t\t\t\t\t\t\t<\/div>\n\t\t\t\t<\/div>\n\t\t\t\t\t<\/div>\n\t\t<\/div>\n\t\t\t\t<div class=\"elementor-column elementor-col-33 elementor-top-column elementor-element elementor-element-a2c6606\" data-id=\"a2c6606\" data-element_type=\"column\" data-e-type=\"column\">\n\t\t\t<div class=\"elementor-widget-wrap elementor-element-populated\">\n\t\t\t\t\t\t<div class=\"elementor-element elementor-element-0b9cba9 elementor-widget elementor-widget-image\" data-id=\"0b9cba9\" data-element_type=\"widget\" data-e-type=\"widget\" data-widget_type=\"image.default\">\n\t\t\t\t<div class=\"elementor-widget-container\">\n\t\t\t\t\t\t\t\t\t\t\t\t<figure class=\"wp-caption\">\n\t\t\t\t\t\t\t\t\t\t<img decoding=\"async\" src=\"https:\/\/secondsouffle.co\/wp-content\/uploads\/elementor\/thumbs\/vue-de-l-exterieur-une-petite-terrasse-trop\u00e9zienne-combles-plantes-vertes-coin-nature-d\u00e9tente-en-plein-air-p7pfjn1xcy9pwu6iz8smnbz12r1dchn9wle54dxq60.jpg\" title=\"vue-de-l-exterieur-une-petite-terrasse-trop\u00e9zienne-combles-plantes-vertes-coin-nature-d\u00e9tente-en-plein-air\" alt=\"vue-de-l-exterieur-une-petite-terrasse-trop\u00e9zienne-combles-plantes-vertes-coin-nature-d\u00e9tente-en-plein-air\" loading=\"lazy\" \/>\t\t\t\t\t\t\t\t\t\t\t<figcaption class=\"widget-image-caption wp-caption-text\">Source : Pinterest<\/figcaption>\n\t\t\t\t\t\t\t\t\t\t<\/figure>\n\t\t\t\t\t\t\t\t\t<\/div>\n\t\t\t\t<\/div>\n\t\t\t\t<div class=\"elementor-element elementor-element-811f525 elementor-widget elementor-widget-heading\" data-id=\"811f525\" data-element_type=\"widget\" data-e-type=\"widget\" data-widget_type=\"heading.default\">\n\t\t\t\t<div class=\"elementor-widget-container\">\n\t\t\t\t\t<h4 class=\"elementor-heading-title elementor-size-default\">La sur\u00e9l\u00e9vation partielle : r\u00e9hausser une partie de la toiture<\/h4>\t\t\t\t<\/div>\n\t\t\t\t<\/div>\n\t\t\t\t<div class=\"elementor-element elementor-element-eb020ac elementor-widget elementor-widget-text-editor\" data-id=\"eb020ac\" data-element_type=\"widget\" data-e-type=\"widget\" data-widget_type=\"text-editor.default\">\n\t\t\t\t<div class=\"elementor-widget-container\">\n\t\t\t\t\t\t\t\t\t<p>Le but de cette sur\u00e9l\u00e9vation est <strong><span style=\"color: #333333;\">de gagner en lumi\u00e8re, confort et qualit\u00e9s spatiales.<\/span><\/strong> Ce projet permet des installations comme une terrasse trop\u00e9zienne, un toit-terrasse, l\u2019ajout d\u2019une pi\u00e8ce suppl\u00e9mentaire pour un penthouse, ou la cr\u00e9ation d\u2019une double hauteur d\u2019une pi\u00e8ce de vie.<\/p>\t\t\t\t\t\t\t\t<\/div>\n\t\t\t\t<\/div>\n\t\t\t\t\t<\/div>\n\t\t<\/div>\n\t\t\t\t<div class=\"elementor-column elementor-col-33 elementor-top-column elementor-element elementor-element-5a7d3e6\" data-id=\"5a7d3e6\" data-element_type=\"column\" data-e-type=\"column\">\n\t\t\t<div class=\"elementor-widget-wrap elementor-element-populated\">\n\t\t\t\t\t\t<div class=\"elementor-element elementor-element-5b61bdd elementor-widget elementor-widget-image\" data-id=\"5b61bdd\" data-element_type=\"widget\" data-e-type=\"widget\" data-widget_type=\"image.default\">\n\t\t\t\t<div class=\"elementor-widget-container\">\n\t\t\t\t\t\t\t\t\t\t\t\t<figure class=\"wp-caption\">\n\t\t\t\t\t\t\t\t\t\t<img decoding=\"async\" src=\"https:\/\/secondsouffle.co\/wp-content\/uploads\/elementor\/thumbs\/sur\u00e9l\u00e9vation-p7pfjhew7y1zz6epw6cv8de9ift62b0vvth88q637c.jpg\" title=\"sur\u00e9l\u00e9vation\" alt=\"sur\u00e9l\u00e9vation\" loading=\"lazy\" \/>\t\t\t\t\t\t\t\t\t\t\t<figcaption class=\"widget-image-caption wp-caption-text\">Source : Pinterest<\/figcaption>\n\t\t\t\t\t\t\t\t\t\t<\/figure>\n\t\t\t\t\t\t\t\t\t<\/div>\n\t\t\t\t<\/div>\n\t\t\t\t<div class=\"elementor-element elementor-element-ca063d9 elementor-widget elementor-widget-heading\" data-id=\"ca063d9\" data-element_type=\"widget\" data-e-type=\"widget\" data-widget_type=\"heading.default\">\n\t\t\t\t<div class=\"elementor-widget-container\">\n\t\t\t\t\t<h4 class=\"elementor-heading-title elementor-size-default\">La sur\u00e9l\u00e9vation compl\u00e8te : ajout d'un ou plusieurs \u00e9tages<\/h4>\t\t\t\t<\/div>\n\t\t\t\t<\/div>\n\t\t\t\t<div class=\"elementor-element elementor-element-f65750c elementor-widget elementor-widget-text-editor\" data-id=\"f65750c\" data-element_type=\"widget\" data-e-type=\"widget\" data-widget_type=\"text-editor.default\">\n\t\t\t\t<div class=\"elementor-widget-container\">\n\t\t\t\t\t\t\t\t\t<p>Ce projet n\u00e9cessite de d\u00e9poser la toiture existante pour en installer une nouvelle plus haut, sur la totalit\u00e9 de la surface de l\u2019immeuble. Qu\u2019elle soit plate ou non, cette sur\u00e9l\u00e9vation permet <strong><span style=\"color: #333333;\">de gagner en surface habitable, voire de cr\u00e9er un ou plusieurs logements.<\/span><\/strong><\/p>\t\t\t\t\t\t\t\t<\/div>\n\t\t\t\t<\/div>\n\t\t\t\t\t<\/div>\n\t\t<\/div>\n\t\t\t\t\t<\/div>\n\t\t<\/section>\n\t\t\t\t<section class=\"elementor-section elementor-top-section elementor-element elementor-element-2dcb3c3 elementor-section-boxed elementor-section-height-default elementor-section-height-default\" data-id=\"2dcb3c3\" data-element_type=\"section\" data-e-type=\"section\" data-settings=\"{&quot;_ha_eqh_enable&quot;:false}\">\n\t\t\t\t\t\t<div class=\"elementor-container elementor-column-gap-default\">\n\t\t\t\t\t<div class=\"elementor-column elementor-col-100 elementor-top-column elementor-element elementor-element-3482231\" data-id=\"3482231\" data-element_type=\"column\" data-e-type=\"column\">\n\t\t\t<div class=\"elementor-widget-wrap elementor-element-populated\">\n\t\t\t\t\t\t<div class=\"elementor-element elementor-element-317cd85 elementor-widget elementor-widget-spacer\" data-id=\"317cd85\" data-element_type=\"widget\" data-e-type=\"widget\" data-widget_type=\"spacer.default\">\n\t\t\t\t<div class=\"elementor-widget-container\">\n\t\t\t\t\t\t\t<div class=\"elementor-spacer\">\n\t\t\t<div class=\"elementor-spacer-inner\"><\/div>\n\t\t<\/div>\n\t\t\t\t\t\t<\/div>\n\t\t\t\t<\/div>\n\t\t\t\t<div class=\"elementor-element elementor-element-fc4a87f elementor-widget elementor-widget-heading\" data-id=\"fc4a87f\" data-element_type=\"widget\" data-e-type=\"widget\" data-widget_type=\"heading.default\">\n\t\t\t\t<div class=\"elementor-widget-container\">\n\t\t\t\t\t<h3 class=\"elementor-heading-title elementor-size-default\">2.Demandez l'accord de la copropri\u00e9t\u00e9<\/h3>\t\t\t\t<\/div>\n\t\t\t\t<\/div>\n\t\t\t\t<div class=\"elementor-element elementor-element-191cdda elementor-widget elementor-widget-text-editor\" data-id=\"191cdda\" data-element_type=\"widget\" data-e-type=\"widget\" data-widget_type=\"text-editor.default\">\n\t\t\t\t<div class=\"elementor-widget-container\">\n\t\t\t\t\t\t\t\t\t<p class=\"ql-align-justify\">Comme je l&rsquo;ai \u00e9voqu\u00e9 plus haut dans l&rsquo;article, pour mettre \u00e0 bien un projet de sur\u00e9l\u00e9vation, vous devez obtenir favorablement 2\/3 des votes des membres lors de l&rsquo;assembl\u00e9e g\u00e9n\u00e9rale des propri\u00e9taires.<\/p><p class=\"ql-align-justify\">C&rsquo;est une d\u00e9marche qui peut para\u00eetre longue et difficile (\u00e0 convaincre), mais n&rsquo;oubliez pas que ces m\u00e8tres carr\u00e9s suppl\u00e9mentaires vont constituer une aide pr\u00e9cieuse pour le financement des travaux d&rsquo;entretien. C&rsquo;est en fait un investissement pour le futur !<\/p><p class=\"ql-align-justify\">Gr\u00e2ce \u00e0 la <span style=\"text-decoration: underline;\"><strong><a href=\"https:\/\/www.legifrance.gouv.fr\/loda\/id\/JORFTEXT000028772256\/\" target=\"\" rel=\"\">loi ALUR du 24 mars 2014<\/a><\/strong><\/span>, les r\u00e8gles relatives \u00e0 l&rsquo;Acc\u00e8s au logement et pour un Urbanisme R\u00e9nov\u00e9 se sont nettement assouplies. Avant cette loi, la sur\u00e9l\u00e9vation d&rsquo;un immeuble \u00e9tait soumise \u00e0 un vote \u00e0 l&rsquo;unanimit\u00e9 de la part des copropri\u00e9taires. D\u00e9sormais, comme indiqu\u00e9 plus haut, le demandeur ne doit obtenir plus que 2\/3 des voix, conform\u00e9ment \u00e0 <span style=\"text-decoration: underline;\"><strong><a href=\"https:\/\/www.legifrance.gouv.fr\/loda\/article_lc\/LEGIARTI000039313599\/\" target=\"\" rel=\"\">l&rsquo;article 26 de la loi n\u00b065-557 du 10 juillet 1965<\/a><\/strong><\/span><strong>.<\/strong><\/p>\t\t\t\t\t\t\t\t<\/div>\n\t\t\t\t<\/div>\n\t\t\t\t<div class=\"elementor-element elementor-element-6f90d41 elementor-blockquote--skin-border elementor-widget elementor-widget-blockquote\" data-id=\"6f90d41\" data-element_type=\"widget\" data-e-type=\"widget\" data-widget_type=\"blockquote.default\">\n\t\t\t\t<div class=\"elementor-widget-container\">\n\t\t\t\t\t\t\t<blockquote class=\"elementor-blockquote\">\n\t\t\t<p class=\"elementor-blockquote__content\">\n\t\t\t\tBon \u00e0 savoir : la sur\u00e9l\u00e9vation entra\u00eene de lourds travaux, il est normal que la copropri\u00e9t\u00e9 soit m\u00e9fiante face \u00e0 votre projet. Mettez donc bien en avant tous les atouts de la sur\u00e9l\u00e9vation d'un immeuble comme par exemple r\u00e9duire les charges de l'immeuble.\t\t\t<\/p>\n\t\t\t\t\t<\/blockquote>\n\t\t\t\t\t\t<\/div>\n\t\t\t\t<\/div>\n\t\t\t\t\t<\/div>\n\t\t<\/div>\n\t\t\t\t\t<\/div>\n\t\t<\/section>\n\t\t\t\t<section class=\"elementor-section elementor-top-section elementor-element elementor-element-ac5b21d elementor-section-boxed elementor-section-height-default elementor-section-height-default\" data-id=\"ac5b21d\" data-element_type=\"section\" data-e-type=\"section\" data-settings=\"{&quot;_ha_eqh_enable&quot;:false}\">\n\t\t\t\t\t\t<div class=\"elementor-container elementor-column-gap-default\">\n\t\t\t\t\t<div class=\"elementor-column elementor-col-100 elementor-top-column elementor-element elementor-element-ed55a55\" data-id=\"ed55a55\" data-element_type=\"column\" data-e-type=\"column\">\n\t\t\t<div class=\"elementor-widget-wrap elementor-element-populated\">\n\t\t\t\t\t\t<div class=\"elementor-element elementor-element-52e1d82 elementor-widget elementor-widget-spacer\" data-id=\"52e1d82\" data-element_type=\"widget\" data-e-type=\"widget\" data-widget_type=\"spacer.default\">\n\t\t\t\t<div class=\"elementor-widget-container\">\n\t\t\t\t\t\t\t<div class=\"elementor-spacer\">\n\t\t\t<div class=\"elementor-spacer-inner\"><\/div>\n\t\t<\/div>\n\t\t\t\t\t\t<\/div>\n\t\t\t\t<\/div>\n\t\t\t\t<div class=\"elementor-element elementor-element-fb50128 elementor-widget elementor-widget-heading\" data-id=\"fb50128\" data-element_type=\"widget\" data-e-type=\"widget\" data-widget_type=\"heading.default\">\n\t\t\t\t<div class=\"elementor-widget-container\">\n\t\t\t\t\t<h3 class=\"elementor-heading-title elementor-size-default\">3.Collaborez avec un architecte<\/h3>\t\t\t\t<\/div>\n\t\t\t\t<\/div>\n\t\t\t\t<div class=\"elementor-element elementor-element-b119823 elementor-widget elementor-widget-text-editor\" data-id=\"b119823\" data-element_type=\"widget\" data-e-type=\"widget\" data-widget_type=\"text-editor.default\">\n\t\t\t\t<div class=\"elementor-widget-container\">\n\t\t\t\t\t\t\t\t\t<p class=\"ql-align-justify\">Gros enjeu pour l&rsquo;architecte qui <strong>doit r\u00e9pondre vos attentes et vos besoins tout en respectant les caract\u00e9ristiques du terrain et de l&rsquo;environnement.<\/strong> L&rsquo;avantage est que vous aurez un projet sur-mesure (allant de la conception du plan au programme des travaux) qui r\u00e9pond aux normes techniques.<\/p><p class=\"ql-align-justify\">En faisant appel \u00e0 un architecte, vous n&rsquo;avez pas \u00e0 vous occuper de d\u00e9poser toutes les autorisations n\u00e9cessaires (comme le permis de construire) \u00e0 l&rsquo;avanc\u00e9e du projet aupr\u00e8s du service urbanisme de la mairie. Il s&rsquo;occupe de toute cette gestion administrative.<\/p><p class=\"ql-align-justify\">Autre point positif \u00e0 travailler avec un architecte, est qu&rsquo;il peut facilement int\u00e9grer des id\u00e9es d&rsquo;isolations thermiques plus performantes ainsi que des \u00e9quipements durables. Un bon point pour faire baisser consid\u00e9rablement sa facture d&rsquo;\u00e9nergie.<\/p>\t\t\t\t\t\t\t\t<\/div>\n\t\t\t\t<\/div>\n\t\t\t\t\t<\/div>\n\t\t<\/div>\n\t\t\t\t\t<\/div>\n\t\t<\/section>\n\t\t\t\t<section class=\"elementor-section elementor-top-section elementor-element elementor-element-3b41ef8 elementor-section-boxed elementor-section-height-default elementor-section-height-default\" data-id=\"3b41ef8\" data-element_type=\"section\" data-e-type=\"section\" data-settings=\"{&quot;_ha_eqh_enable&quot;:false}\">\n\t\t\t\t\t\t<div class=\"elementor-container elementor-column-gap-default\">\n\t\t\t\t\t<div class=\"elementor-column elementor-col-100 elementor-top-column elementor-element elementor-element-3e228ce\" data-id=\"3e228ce\" data-element_type=\"column\" data-e-type=\"column\">\n\t\t\t<div class=\"elementor-widget-wrap elementor-element-populated\">\n\t\t\t\t\t\t<div class=\"elementor-element elementor-element-02775a0 elementor-widget elementor-widget-spacer\" data-id=\"02775a0\" data-element_type=\"widget\" data-e-type=\"widget\" data-widget_type=\"spacer.default\">\n\t\t\t\t<div class=\"elementor-widget-container\">\n\t\t\t\t\t\t\t<div class=\"elementor-spacer\">\n\t\t\t<div class=\"elementor-spacer-inner\"><\/div>\n\t\t<\/div>\n\t\t\t\t\t\t<\/div>\n\t\t\t\t<\/div>\n\t\t\t\t<div class=\"elementor-element elementor-element-a507a13 elementor-widget elementor-widget-heading\" data-id=\"a507a13\" data-element_type=\"widget\" data-e-type=\"widget\" data-widget_type=\"heading.default\">\n\t\t\t\t<div class=\"elementor-widget-container\">\n\t\t\t\t\t<h3 class=\"elementor-heading-title elementor-size-default\">4.Attendez la validation du projet par la mairie<\/h3>\t\t\t\t<\/div>\n\t\t\t\t<\/div>\n\t\t\t\t<div class=\"elementor-element elementor-element-452aa5c elementor-widget elementor-widget-text-editor\" data-id=\"452aa5c\" data-element_type=\"widget\" data-e-type=\"widget\" data-widget_type=\"text-editor.default\">\n\t\t\t\t<div class=\"elementor-widget-container\">\n\t\t\t\t\t\t\t\t\t<p>La mairie a valid\u00e9 votre projet ? Super, vous avez fait le plus dur ! L&rsquo;architecte doit maintenant se charger de<strong> faire appel \u00e0 une ou des entreprises en b\u00e2timent. <\/strong>L&rsquo;id\u00e9e est d&rsquo;utiliser des mat\u00e9riaux innovants et l\u00e9gers pour faciliter le maintien de la sur\u00e9l\u00e9vation par l&rsquo;immeuble d\u00e9j\u00e0 existant.<\/p>\t\t\t\t\t\t\t\t<\/div>\n\t\t\t\t<\/div>\n\t\t\t\t\t<\/div>\n\t\t<\/div>\n\t\t\t\t\t<\/div>\n\t\t<\/section>\n\t\t\t\t<section class=\"elementor-section elementor-top-section elementor-element elementor-element-7350370 elementor-section-boxed elementor-section-height-default elementor-section-height-default\" data-id=\"7350370\" data-element_type=\"section\" data-e-type=\"section\" data-settings=\"{&quot;_ha_eqh_enable&quot;:false}\">\n\t\t\t\t\t\t<div class=\"elementor-container elementor-column-gap-default\">\n\t\t\t\t\t<div class=\"elementor-column elementor-col-100 elementor-top-column elementor-element elementor-element-167fd3a\" data-id=\"167fd3a\" data-element_type=\"column\" data-e-type=\"column\">\n\t\t\t<div class=\"elementor-widget-wrap elementor-element-populated\">\n\t\t\t\t\t\t<div class=\"elementor-element elementor-element-6a904c1 elementor-widget elementor-widget-spacer\" data-id=\"6a904c1\" data-element_type=\"widget\" data-e-type=\"widget\" data-widget_type=\"spacer.default\">\n\t\t\t\t<div class=\"elementor-widget-container\">\n\t\t\t\t\t\t\t<div class=\"elementor-spacer\">\n\t\t\t<div class=\"elementor-spacer-inner\"><\/div>\n\t\t<\/div>\n\t\t\t\t\t\t<\/div>\n\t\t\t\t<\/div>\n\t\t\t\t<div class=\"elementor-element elementor-element-977db9d elementor-widget elementor-widget-heading\" data-id=\"977db9d\" data-element_type=\"widget\" data-e-type=\"widget\" data-widget_type=\"heading.default\">\n\t\t\t\t<div class=\"elementor-widget-container\">\n\t\t\t\t\t<h3 class=\"elementor-heading-title elementor-size-default\">5.Lancez les travaux<\/h3>\t\t\t\t<\/div>\n\t\t\t\t<\/div>\n\t\t\t\t<div class=\"elementor-element elementor-element-926538d elementor-widget elementor-widget-text-editor\" data-id=\"926538d\" data-element_type=\"widget\" data-e-type=\"widget\" data-widget_type=\"text-editor.default\">\n\t\t\t\t<div class=\"elementor-widget-container\">\n\t\t\t\t\t\t\t\t\t<p class=\"ql-align-justify\">En faisant appel \u00e0 un architecte, celui-ci prend le r\u00f4le de ma\u00eetre d&rsquo;\u0153uvre durant toute la dur\u00e9e des travaux, pour<strong> s&rsquo;assurer que la construction et les plans coordonnent jusqu&rsquo;\u00e0 la livraison du chantier.<\/strong> Arriv\u00e9e \u00e0 cette \u00e9tape, il ne vous reste plus qu&rsquo;\u00e0 \u00eatre patient et d&rsquo;attendre la fin des travaux (dur\u00e9e qui peut varier selon les caract\u00e9ristiques de votre sur\u00e9l\u00e9vation).<\/p>\t\t\t\t\t\t\t\t<\/div>\n\t\t\t\t<\/div>\n\t\t\t\t\t<\/div>\n\t\t<\/div>\n\t\t\t\t\t<\/div>\n\t\t<\/section>\n\t\t\t\t<section class=\"elementor-section elementor-top-section elementor-element elementor-element-7e0007f elementor-section-boxed elementor-section-height-default elementor-section-height-default\" data-id=\"7e0007f\" data-element_type=\"section\" data-e-type=\"section\" data-settings=\"{&quot;_ha_eqh_enable&quot;:false}\">\n\t\t\t\t\t\t<div class=\"elementor-container elementor-column-gap-default\">\n\t\t\t\t\t<div class=\"elementor-column elementor-col-100 elementor-top-column elementor-element elementor-element-86312e7\" data-id=\"86312e7\" data-element_type=\"column\" data-e-type=\"column\">\n\t\t\t<div class=\"elementor-widget-wrap elementor-element-populated\">\n\t\t\t\t\t\t<div class=\"elementor-element elementor-element-840ef49 elementor-widget elementor-widget-spacer\" data-id=\"840ef49\" data-element_type=\"widget\" data-e-type=\"widget\" data-widget_type=\"spacer.default\">\n\t\t\t\t<div class=\"elementor-widget-container\">\n\t\t\t\t\t\t\t<div class=\"elementor-spacer\">\n\t\t\t<div class=\"elementor-spacer-inner\"><\/div>\n\t\t<\/div>\n\t\t\t\t\t\t<\/div>\n\t\t\t\t<\/div>\n\t\t\t\t<div class=\"elementor-element elementor-element-2d4f41c elementor-widget elementor-widget-post-navigation\" data-id=\"2d4f41c\" data-element_type=\"widget\" data-e-type=\"widget\" data-widget_type=\"post-navigation.default\">\n\t\t\t\t<div class=\"elementor-widget-container\">\n\t\t\t\t\t\t\t<div class=\"elementor-post-navigation\" role=\"navigation\" aria-label=\"Navigation de publication\">\n\t\t\t<div class=\"elementor-post-navigation__prev elementor-post-navigation__link\">\n\t\t\t\t<a href=\"https:\/\/secondsouffle.co\/index.php\/2021\/06\/25\/prix-moyen-dune-renovation-de-maison\/\" rel=\"prev\"><span class=\"post-navigation__arrow-wrapper post-navigation__arrow-prev\"><svg aria-hidden=\"true\" class=\"e-font-icon-svg e-fas-angle-left\" viewBox=\"0 0 256 512\" xmlns=\"http:\/\/www.w3.org\/2000\/svg\"><path d=\"M31.7 239l136-136c9.4-9.4 24.6-9.4 33.9 0l22.6 22.6c9.4 9.4 9.4 24.6 0 33.9L127.9 256l96.4 96.4c9.4 9.4 9.4 24.6 0 33.9L201.7 409c-9.4 9.4-24.6 9.4-33.9 0l-136-136c-9.5-9.4-9.5-24.6-.1-34z\"><\/path><\/svg><span class=\"elementor-screen-only\">Pr\u00e9c\u00e9dent<\/span><\/span><span class=\"elementor-post-navigation__link__prev\"><span class=\"post-navigation__prev--label\">Article Pr\u00e9c\u00e9dent<\/span><span class=\"post-navigation__prev--title\">Prix moyen d&rsquo;une r\u00e9novation de maison &#8211; Guide 2021 par m\u00b2<\/span><\/span><\/a>\t\t\t<\/div>\n\t\t\t\t\t\t<div class=\"elementor-post-navigation__next elementor-post-navigation__link\">\n\t\t\t\t<a href=\"https:\/\/secondsouffle.co\/index.php\/2021\/07\/05\/evier-de-cuisine-quelle-matiere-choisir\/\" rel=\"next\"><span class=\"elementor-post-navigation__link__next\"><span class=\"post-navigation__next--label\">Article Suivant<\/span><span class=\"post-navigation__next--title\">Evier de cuisine : quelle mati\u00e8re choisir ?<\/span><\/span><span class=\"post-navigation__arrow-wrapper post-navigation__arrow-next\"><svg aria-hidden=\"true\" class=\"e-font-icon-svg e-fas-angle-right\" viewBox=\"0 0 256 512\" xmlns=\"http:\/\/www.w3.org\/2000\/svg\"><path d=\"M224.3 273l-136 136c-9.4 9.4-24.6 9.4-33.9 0l-22.6-22.6c-9.4-9.4-9.4-24.6 0-33.9l96.4-96.4-96.4-96.4c-9.4-9.4-9.4-24.6 0-33.9L54.3 103c9.4-9.4 24.6-9.4 33.9 0l136 136c9.5 9.4 9.5 24.6.1 34z\"><\/path><\/svg><span class=\"elementor-screen-only\">Suivant<\/span><\/span><\/a>\t\t\t<\/div>\n\t\t<\/div>\n\t\t\t\t\t\t<\/div>\n\t\t\t\t<\/div>\n\t\t\t\t<div class=\"elementor-element elementor-element-aabcd80 elementor-widget elementor-widget-spacer\" data-id=\"aabcd80\" data-element_type=\"widget\" data-e-type=\"widget\" data-widget_type=\"spacer.default\">\n\t\t\t\t<div class=\"elementor-widget-container\">\n\t\t\t\t\t\t\t<div class=\"elementor-spacer\">\n\t\t\t<div class=\"elementor-spacer-inner\"><\/div>\n\t\t<\/div>\n\t\t\t\t\t\t<\/div>\n\t\t\t\t<\/div>\n\t\t\t\t\t<\/div>\n\t\t<\/div>\n\t\t\t\t\t<\/div>\n\t\t<\/section>\n\t\t\t\t<\/div>\n\t\t","protected":false},"excerpt":{"rendered":"<p>Paris is the new New York ? Devons-nous nous attendre \u00e0 voir \u00e9voluer le paysage parisien avec la nouvelle loi ALUR datant de mars 2014, qui a valu la suppression du Coefficient d&rsquo;Occupation des Sols (COS) ? Motiv\u00e9e pour favoriser la cr\u00e9ation de nouveaux logements, Anne Hidalgo, maire de Paris, pr\u00e9voit la sur\u00e9l\u00e9vation de certains immeubles parisiens.<\/p>\n","protected":false},"author":1,"featured_media":13116,"comment_status":"open","ping_status":"open","sticky":false,"template":"","format":"standard","meta":{"_monsterinsights_skip_tracking":false,"_monsterinsights_sitenote_active":false,"_monsterinsights_sitenote_note":"","_monsterinsights_sitenote_category":0,"footnotes":""},"categories":[1],"tags":[],"class_list":["post-13114","post","type-post","status-publish","format-standard","has-post-thumbnail","hentry","category-renovation"],"aioseo_notices":[],"amp_enabled":true,"_links":{"self":[{"href":"https:\/\/secondsouffle.co\/index.php\/wp-json\/wp\/v2\/posts\/13114","targetHints":{"allow":["GET"]}}],"collection":[{"href":"https:\/\/secondsouffle.co\/index.php\/wp-json\/wp\/v2\/posts"}],"about":[{"href":"https:\/\/secondsouffle.co\/index.php\/wp-json\/wp\/v2\/types\/post"}],"author":[{"embeddable":true,"href":"https:\/\/secondsouffle.co\/index.php\/wp-json\/wp\/v2\/users\/1"}],"replies":[{"embeddable":true,"href":"https:\/\/secondsouffle.co\/index.php\/wp-json\/wp\/v2\/comments?post=13114"}],"version-history":[{"count":0,"href":"https:\/\/secondsouffle.co\/index.php\/wp-json\/wp\/v2\/posts\/13114\/revisions"}],"wp:featuredmedia":[{"embeddable":true,"href":"https:\/\/secondsouffle.co\/index.php\/wp-json\/wp\/v2\/media\/13116"}],"wp:attachment":[{"href":"https:\/\/secondsouffle.co\/index.php\/wp-json\/wp\/v2\/media?parent=13114"}],"wp:term":[{"taxonomy":"category","embeddable":true,"href":"https:\/\/secondsouffle.co\/index.php\/wp-json\/wp\/v2\/categories?post=13114"},{"taxonomy":"post_tag","embeddable":true,"href":"https:\/\/secondsouffle.co\/index.php\/wp-json\/wp\/v2\/tags?post=13114"}],"curies":[{"name":"wp","href":"https:\/\/api.w.org\/{rel}","templated":true}]}}