{"id":13939,"date":"2021-07-16T17:14:02","date_gmt":"2021-07-16T15:14:02","guid":{"rendered":"https:\/\/secondsouffle.co\/?p=13939"},"modified":"2021-07-22T09:57:03","modified_gmt":"2021-07-22T07:57:03","slug":"escalier-comment-bien-le-choisir","status":"publish","type":"post","link":"https:\/\/secondsouffle.co\/index.php\/2021\/07\/16\/escalier-comment-bien-le-choisir\/","title":{"rendered":"Escalier : comment bien le choisir ?"},"content":{"rendered":"\t\t<div data-elementor-type=\"wp-post\" data-elementor-id=\"13939\" class=\"elementor elementor-13939\" data-elementor-settings=\"{&quot;ha_cmc_init_switcher&quot;:&quot;no&quot;}\" data-elementor-post-type=\"post\">\n\t\t\t\t\t\t<section class=\"elementor-section elementor-top-section elementor-element elementor-element-12f64cb elementor-section-content-middle elementor-section-boxed elementor-section-height-default elementor-section-height-default\" data-id=\"12f64cb\" data-element_type=\"section\" data-e-type=\"section\" data-settings=\"{&quot;background_background&quot;:&quot;classic&quot;,&quot;_ha_eqh_enable&quot;:false}\">\n\t\t\t\t\t\t\t<div class=\"elementor-background-overlay\"><\/div>\n\t\t\t\t\t\t\t<div class=\"elementor-container elementor-column-gap-no\">\n\t\t\t\t\t<div class=\"elementor-column elementor-col-100 elementor-top-column elementor-element elementor-element-c28cff5\" data-id=\"c28cff5\" data-element_type=\"column\" data-e-type=\"column\">\n\t\t\t<div class=\"elementor-widget-wrap elementor-element-populated\">\n\t\t\t\t\t\t<div class=\"elementor-element elementor-element-84e68e3 elementor-widget elementor-widget-heading\" data-id=\"84e68e3\" data-element_type=\"widget\" data-e-type=\"widget\" data-widget_type=\"heading.default\">\n\t\t\t\t<div class=\"elementor-widget-container\">\n\t\t\t\t\t<h1 class=\"elementor-heading-title elementor-size-default\">Escalier : comment bien le choisir ?<\/h1>\t\t\t\t<\/div>\n\t\t\t\t<\/div>\n\t\t\t\t<div class=\"elementor-element elementor-element-a66c58a elementor-mobile-align-center elementor-widget elementor-widget-post-info\" data-id=\"a66c58a\" data-element_type=\"widget\" data-e-type=\"widget\" data-widget_type=\"post-info.default\">\n\t\t\t\t<div class=\"elementor-widget-container\">\n\t\t\t\t\t\t\t<ul class=\"elementor-inline-items elementor-icon-list-items elementor-post-info\">\n\t\t\t\t\t\t\t\t<li class=\"elementor-icon-list-item elementor-repeater-item-b014cd4 elementor-inline-item\" itemprop=\"datePublished\">\n\t\t\t\t\t\t<a href=\"https:\/\/secondsouffle.co\/index.php\/2021\/07\/16\/\">\n\t\t\t\t\t\t\t\t\t\t\t<span class=\"elementor-icon-list-icon\">\n\t\t\t\t\t\t\t\t<svg aria-hidden=\"true\" class=\"e-font-icon-svg e-fas-calendar\" viewBox=\"0 0 448 512\" xmlns=\"http:\/\/www.w3.org\/2000\/svg\"><path d=\"M12 192h424c6.6 0 12 5.4 12 12v260c0 26.5-21.5 48-48 48H48c-26.5 0-48-21.5-48-48V204c0-6.6 5.4-12 12-12zm436-44v-36c0-26.5-21.5-48-48-48h-48V12c0-6.6-5.4-12-12-12h-40c-6.6 0-12 5.4-12 12v52H160V12c0-6.6-5.4-12-12-12h-40c-6.6 0-12 5.4-12 12v52H48C21.5 64 0 85.5 0 112v36c0 6.6 5.4 12 12 12h424c6.6 0 12-5.4 12-12z\"><\/path><\/svg>\t\t\t\t\t\t\t<\/span>\n\t\t\t\t\t\t\t\t\t<span class=\"elementor-icon-list-text elementor-post-info__item elementor-post-info__item--type-date\">\n\t\t\t\t\t\t\t\t\t\t<time>juillet 16, 2021<\/time>\t\t\t\t\t<\/span>\n\t\t\t\t\t\t\t\t\t<\/a>\n\t\t\t\t<\/li>\n\t\t\t\t<li class=\"elementor-icon-list-item elementor-repeater-item-4499c28 elementor-inline-item\">\n\t\t\t\t\t\t\t\t\t\t<span class=\"elementor-icon-list-icon\">\n\t\t\t\t\t\t\t\t<svg aria-hidden=\"true\" class=\"e-font-icon-svg e-far-clock\" viewBox=\"0 0 512 512\" xmlns=\"http:\/\/www.w3.org\/2000\/svg\"><path d=\"M256 8C119 8 8 119 8 256s111 248 248 248 248-111 248-248S393 8 256 8zm0 448c-110.5 0-200-89.5-200-200S145.5 56 256 56s200 89.5 200 200-89.5 200-200 200zm61.8-104.4l-84.9-61.7c-3.1-2.3-4.9-5.9-4.9-9.7V116c0-6.6 5.4-12 12-12h32c6.6 0 12 5.4 12 12v141.7l66.8 48.6c5.4 3.9 6.5 11.4 2.6 16.8L334.6 349c-3.9 5.3-11.4 6.5-16.8 2.6z\"><\/path><\/svg>\t\t\t\t\t\t\t<\/span>\n\t\t\t\t\t\t\t\t\t<span class=\"elementor-icon-list-text elementor-post-info__item elementor-post-info__item--type-time\">\n\t\t\t\t\t\t\t\t\t\t<time>5:14 pm<\/time>\t\t\t\t\t<\/span>\n\t\t\t\t\t\t\t\t<\/li>\n\t\t\t\t<li class=\"elementor-icon-list-item elementor-repeater-item-9026d4d elementor-inline-item\">\n\t\t\t\t\t\t\t\t\t\t<span class=\"elementor-icon-list-icon\">\n\t\t\t\t\t\t\t\t<svg aria-hidden=\"true\" class=\"e-font-icon-svg e-far-user\" viewBox=\"0 0 448 512\" xmlns=\"http:\/\/www.w3.org\/2000\/svg\"><path d=\"M313.6 304c-28.7 0-42.5 16-89.6 16-47.1 0-60.8-16-89.6-16C60.2 304 0 364.2 0 438.4V464c0 26.5 21.5 48 48 48h352c26.5 0 48-21.5 48-48v-25.6c0-74.2-60.2-134.4-134.4-134.4zM400 464H48v-25.6c0-47.6 38.8-86.4 86.4-86.4 14.6 0 38.3 16 89.6 16 51.7 0 74.9-16 89.6-16 47.6 0 86.4 38.8 86.4 86.4V464zM224 288c79.5 0 144-64.5 144-144S303.5 0 224 0 80 64.5 80 144s64.5 144 144 144zm0-240c52.9 0 96 43.1 96 96s-43.1 96-96 96-96-43.1-96-96 43.1-96 96-96z\"><\/path><\/svg>\t\t\t\t\t\t\t<\/span>\n\t\t\t\t\t\t\t\t\t<span class=\"elementor-icon-list-text elementor-post-info__item elementor-post-info__item--type-custom\">\n\t\t\t\t\t\t\t\t\t\tCamille Caire\t\t\t\t\t<\/span>\n\t\t\t\t\t\t\t\t<\/li>\n\t\t\t\t<li class=\"elementor-icon-list-item elementor-repeater-item-cfc54d4 elementor-inline-item\" itemprop=\"about\">\n\t\t\t\t\t\t\t\t\t\t<span class=\"elementor-icon-list-icon\">\n\t\t\t\t\t\t\t\t<svg aria-hidden=\"true\" class=\"e-font-icon-svg e-fas-tags\" viewBox=\"0 0 640 512\" xmlns=\"http:\/\/www.w3.org\/2000\/svg\"><path d=\"M497.941 225.941L286.059 14.059A48 48 0 0 0 252.118 0H48C21.49 0 0 21.49 0 48v204.118a48 48 0 0 0 14.059 33.941l211.882 211.882c18.744 18.745 49.136 18.746 67.882 0l204.118-204.118c18.745-18.745 18.745-49.137 0-67.882zM112 160c-26.51 0-48-21.49-48-48s21.49-48 48-48 48 21.49 48 48-21.49 48-48 48zm513.941 133.823L421.823 497.941c-18.745 18.745-49.137 18.745-67.882 0l-.36-.36L527.64 323.522c16.999-16.999 26.36-39.6 26.36-63.64s-9.362-46.641-26.36-63.64L331.397 0h48.721a48 48 0 0 1 33.941 14.059l211.882 211.882c18.745 18.745 18.745 49.137 0 67.882z\"><\/path><\/svg>\t\t\t\t\t\t\t<\/span>\n\t\t\t\t\t\t\t\t\t<span class=\"elementor-icon-list-text elementor-post-info__item elementor-post-info__item--type-terms\">\n\t\t\t\t\t\t\t\t\t\t<span class=\"elementor-post-info__terms-list\">\n\t\t\t\t<a href=\"https:\/\/secondsouffle.co\/index.php\/category\/architecture-et-amenagement-interieur\/\" class=\"elementor-post-info__terms-list-item\">Architecture et am\u00e9nagement d&#039;int\u00e9rieur<\/a>\t\t\t\t<\/span>\n\t\t\t\t\t<\/span>\n\t\t\t\t\t\t\t\t<\/li>\n\t\t\t\t<\/ul>\n\t\t\t\t\t\t<\/div>\n\t\t\t\t<\/div>\n\t\t\t\t\t<\/div>\n\t\t<\/div>\n\t\t\t\t\t<\/div>\n\t\t<\/section>\n\t\t\t\t<section class=\"elementor-section elementor-top-section elementor-element elementor-element-8c0a9df elementor-section-boxed elementor-section-height-default elementor-section-height-default\" data-id=\"8c0a9df\" data-element_type=\"section\" data-e-type=\"section\" data-settings=\"{&quot;_ha_eqh_enable&quot;:false}\">\n\t\t\t\t\t\t<div class=\"elementor-container elementor-column-gap-default\">\n\t\t\t\t\t<div class=\"elementor-column elementor-col-100 elementor-top-column elementor-element elementor-element-bfd61b0\" data-id=\"bfd61b0\" data-element_type=\"column\" data-e-type=\"column\">\n\t\t\t<div class=\"elementor-widget-wrap elementor-element-populated\">\n\t\t\t\t\t\t<div class=\"elementor-element elementor-element-6285f0a elementor-widget elementor-widget-theme-post-featured-image elementor-widget-image\" data-id=\"6285f0a\" data-element_type=\"widget\" data-e-type=\"widget\" data-widget_type=\"theme-post-featured-image.default\">\n\t\t\t\t<div class=\"elementor-widget-container\">\n\t\t\t\t\t\t\t\t\t\t\t\t\t\t\t<img decoding=\"async\" src=\"https:\/\/secondsouffle.co\/wp-content\/uploads\/elementor\/thumbs\/escalier-comment-bien-le-choisir-pahcovqgyerxyrw6l0f1mkcntpwgdla1ssdo9lltoo.jpg\" title=\"escalier-comment-bien-le-choisir\" alt=\"escalier-comment-bien-le-choisir\" loading=\"lazy\" \/>\t\t\t\t\t\t\t\t\t\t\t\t\t\t\t<\/div>\n\t\t\t\t<\/div>\n\t\t\t\t\t<\/div>\n\t\t<\/div>\n\t\t\t\t\t<\/div>\n\t\t<\/section>\n\t\t\t\t<section class=\"elementor-section elementor-top-section elementor-element elementor-element-1232b9e elementor-section-boxed elementor-section-height-default elementor-section-height-default\" data-id=\"1232b9e\" data-element_type=\"section\" data-e-type=\"section\" data-settings=\"{&quot;_ha_eqh_enable&quot;:false}\">\n\t\t\t\t\t\t<div class=\"elementor-container elementor-column-gap-default\">\n\t\t\t\t\t<div class=\"elementor-column elementor-col-100 elementor-top-column elementor-element elementor-element-fa121a6\" data-id=\"fa121a6\" data-element_type=\"column\" data-e-type=\"column\">\n\t\t\t<div class=\"elementor-widget-wrap elementor-element-populated\">\n\t\t\t\t\t\t<div class=\"elementor-element elementor-element-55ea867 elementor-widget elementor-widget-spacer\" data-id=\"55ea867\" data-element_type=\"widget\" data-e-type=\"widget\" data-widget_type=\"spacer.default\">\n\t\t\t\t<div class=\"elementor-widget-container\">\n\t\t\t\t\t\t\t<div class=\"elementor-spacer\">\n\t\t\t<div class=\"elementor-spacer-inner\"><\/div>\n\t\t<\/div>\n\t\t\t\t\t\t<\/div>\n\t\t\t\t<\/div>\n\t\t\t\t<div class=\"elementor-element elementor-element-208760e elementor-widget elementor-widget-text-editor\" data-id=\"208760e\" data-element_type=\"widget\" data-e-type=\"widget\" data-widget_type=\"text-editor.default\">\n\t\t\t\t<div class=\"elementor-widget-container\">\n\t\t\t\t\t\t\t\t\t<p>Qu&rsquo;il soit fixe ou mobile, l&rsquo;escalier est un ensemble de marches \u00e9chelonn\u00e9es qui permet de monter ou de descendre d&rsquo;un \u00e9tage \u00e0 un autre. Il joue aussi un r\u00f4le d\u00e9coratif non n\u00e9gligeable. Le choix du mod\u00e8le et des caract\u00e9ristiques de ce dernier ne doit en aucun cas se faire de fa\u00e7on hasardeuse. Voici quelques crit\u00e8res de choix qui vous seront utiles en ce sens.<\/p>\t\t\t\t\t\t\t\t<\/div>\n\t\t\t\t<\/div>\n\t\t\t\t\t<\/div>\n\t\t<\/div>\n\t\t\t\t\t<\/div>\n\t\t<\/section>\n\t\t\t\t<section class=\"elementor-section elementor-top-section elementor-element elementor-element-089c51c elementor-section-boxed elementor-section-height-default elementor-section-height-default\" data-id=\"089c51c\" data-element_type=\"section\" data-e-type=\"section\" data-settings=\"{&quot;_ha_eqh_enable&quot;:false}\">\n\t\t\t\t\t\t<div class=\"elementor-container elementor-column-gap-default\">\n\t\t\t\t\t<div class=\"elementor-column elementor-col-100 elementor-top-column elementor-element elementor-element-61eb756\" data-id=\"61eb756\" data-element_type=\"column\" data-e-type=\"column\">\n\t\t\t<div class=\"elementor-widget-wrap elementor-element-populated\">\n\t\t\t\t\t\t<div class=\"elementor-element elementor-element-4db6fe4 elementor-widget-divider--view-line elementor-widget elementor-widget-divider\" data-id=\"4db6fe4\" data-element_type=\"widget\" data-e-type=\"widget\" data-widget_type=\"divider.default\">\n\t\t\t\t<div class=\"elementor-widget-container\">\n\t\t\t\t\t\t\t<div class=\"elementor-divider\">\n\t\t\t<span class=\"elementor-divider-separator\">\n\t\t\t\t\t\t<\/span>\n\t\t<\/div>\n\t\t\t\t\t\t<\/div>\n\t\t\t\t<\/div>\n\t\t\t\t\t<\/div>\n\t\t<\/div>\n\t\t\t\t\t<\/div>\n\t\t<\/section>\n\t\t\t\t<section class=\"elementor-section elementor-top-section elementor-element elementor-element-f41efb8 elementor-section-boxed elementor-section-height-default elementor-section-height-default\" data-id=\"f41efb8\" data-element_type=\"section\" data-e-type=\"section\" data-settings=\"{&quot;_ha_eqh_enable&quot;:false}\">\n\t\t\t\t\t\t<div class=\"elementor-container elementor-column-gap-default\">\n\t\t\t\t\t<div class=\"elementor-column elementor-col-100 elementor-top-column elementor-element elementor-element-04e5384\" data-id=\"04e5384\" data-element_type=\"column\" data-e-type=\"column\">\n\t\t\t<div class=\"elementor-widget-wrap elementor-element-populated\">\n\t\t\t\t\t\t<div class=\"elementor-element elementor-element-479bf0a elementor-widget elementor-widget-heading\" data-id=\"479bf0a\" data-element_type=\"widget\" data-e-type=\"widget\" data-widget_type=\"heading.default\">\n\t\t\t\t<div class=\"elementor-widget-container\">\n\t\t\t\t\t<h2 class=\"elementor-heading-title elementor-size-default\">Choisissez votre escalier en fonction de l\u2019espace dont vous disposez<\/h2>\t\t\t\t<\/div>\n\t\t\t\t<\/div>\n\t\t\t\t<div class=\"elementor-element elementor-element-0635c41 elementor-widget elementor-widget-text-editor\" data-id=\"0635c41\" data-element_type=\"widget\" data-e-type=\"widget\" data-widget_type=\"text-editor.default\">\n\t\t\t\t<div class=\"elementor-widget-container\">\n\t\t\t\t\t\t\t\t\t<p>Quand on recherche un escalier pour sa maison, on peut \u00eatre amen\u00e9 \u00e0 choisir entre plusieurs mod\u00e8les. Ces derniers peuvent attirer l&rsquo;attention soit gr\u00e2ce \u00e0 de l\u2019esth\u00e9tique ou gr\u00e2ce \u00e0 des mat\u00e9riaux utilis\u00e9s pour leur conception. Cependant, il faut\u00a0<strong>tenir compte de l\u2019espace qui devra l\u2019accueillir<\/strong>. Vous devez en effet, choisir un escalier qui correspond parfaitement \u00e0 votre maison. Autrement dit, il ne doit \u00eatre ni trop grand, ni trop petit. Les escaliers occupent en g\u00e9n\u00e9ral entre 4 et 6 m\u00b2 au sol. Selon l\u2019espace dont vous disposez, vous pouvez choisir un mod\u00e8le d\u2019escalier parmi les trois mod\u00e8les les plus pratiques et les plus connus.<\/p>\t\t\t\t\t\t\t\t<\/div>\n\t\t\t\t<\/div>\n\t\t\t\t<div class=\"elementor-element elementor-element-80cb888 elementor-widget elementor-widget-spacer\" data-id=\"80cb888\" data-element_type=\"widget\" data-e-type=\"widget\" data-widget_type=\"spacer.default\">\n\t\t\t\t<div class=\"elementor-widget-container\">\n\t\t\t\t\t\t\t<div class=\"elementor-spacer\">\n\t\t\t<div class=\"elementor-spacer-inner\"><\/div>\n\t\t<\/div>\n\t\t\t\t\t\t<\/div>\n\t\t\t\t<\/div>\n\t\t\t\t<div class=\"elementor-element elementor-element-b3d38fc elementor-widget elementor-widget-heading\" data-id=\"b3d38fc\" data-element_type=\"widget\" data-e-type=\"widget\" data-widget_type=\"heading.default\">\n\t\t\t\t<div class=\"elementor-widget-container\">\n\t\t\t\t\t<h3 class=\"elementor-heading-title elementor-size-default\">L'escalier droit ou \u00e0 1\/4 tournant<\/h3>\t\t\t\t<\/div>\n\t\t\t\t<\/div>\n\t\t\t\t<div class=\"elementor-element elementor-element-5d5496c elementor-widget elementor-widget-text-editor\" data-id=\"5d5496c\" data-element_type=\"widget\" data-e-type=\"widget\" data-widget_type=\"text-editor.default\">\n\t\t\t\t<div class=\"elementor-widget-container\">\n\t\t\t\t\t\t\t\t\t<p>Ces deux types d\u2019escaliers occupent assez d\u2019espace. Ils sont donc appropri\u00e9s pour les grandes pi\u00e8ces de votre maison. Ces types d\u2019escaliers conviennent aussi aux personnes qui ont besoin d\u2019espace de rangement en plus car il est possible d\u2019utiliser l\u2019espace qui se trouve sous l\u2019escalier pour poser des meubles des placards ou \u00e9tag\u00e8res. Pour aller plus loin, l\u2019espace en dessous peut m\u00eame \u00eatre utilis\u00e9 pour installer un bureau.<\/p>\t\t\t\t\t\t\t\t<\/div>\n\t\t\t\t<\/div>\n\t\t\t\t<div class=\"elementor-element elementor-element-65aefed elementor-widget elementor-widget-image\" data-id=\"65aefed\" data-element_type=\"widget\" data-e-type=\"widget\" data-widget_type=\"image.default\">\n\t\t\t\t<div class=\"elementor-widget-container\">\n\t\t\t\t\t\t\t\t\t\t\t\t<figure class=\"wp-caption\">\n\t\t\t\t\t\t\t\t\t\t<img decoding=\"async\" src=\"https:\/\/secondsouffle.co\/wp-content\/uploads\/elementor\/thumbs\/escalier-1-4-tournant-pahcop5keps7ha0v8qqv4co3s7xv1m9rcjplu4z9zs.jpg\" title=\"escalier-1-4-tournant\" alt=\"escalier-1-4-tournant\" loading=\"lazy\" \/>\t\t\t\t\t\t\t\t\t\t\t<figcaption class=\"widget-image-caption wp-caption-text\">Source : https:\/\/www.monamenagementmaison.fr\/<\/figcaption>\n\t\t\t\t\t\t\t\t\t\t<\/figure>\n\t\t\t\t\t\t\t\t\t<\/div>\n\t\t\t\t<\/div>\n\t\t\t\t<div class=\"elementor-element elementor-element-b253ad6 elementor-widget elementor-widget-spacer\" data-id=\"b253ad6\" data-element_type=\"widget\" data-e-type=\"widget\" data-widget_type=\"spacer.default\">\n\t\t\t\t<div class=\"elementor-widget-container\">\n\t\t\t\t\t\t\t<div class=\"elementor-spacer\">\n\t\t\t<div class=\"elementor-spacer-inner\"><\/div>\n\t\t<\/div>\n\t\t\t\t\t\t<\/div>\n\t\t\t\t<\/div>\n\t\t\t\t<div class=\"elementor-element elementor-element-ccbe824 elementor-widget elementor-widget-heading\" data-id=\"ccbe824\" data-element_type=\"widget\" data-e-type=\"widget\" data-widget_type=\"heading.default\">\n\t\t\t\t<div class=\"elementor-widget-container\">\n\t\t\t\t\t<h3 class=\"elementor-heading-title elementor-size-default\">L'escalier h\u00e9lico\u00efdal<\/h3>\t\t\t\t<\/div>\n\t\t\t\t<\/div>\n\t\t\t\t<div class=\"elementor-element elementor-element-4c6cd25 elementor-widget elementor-widget-text-editor\" data-id=\"4c6cd25\" data-element_type=\"widget\" data-e-type=\"widget\" data-widget_type=\"text-editor.default\">\n\t\t\t\t<div class=\"elementor-widget-container\">\n\t\t\t\t\t\t\t\t\t<p>Ce mod\u00e8le d\u2019escalier ne n\u00e9cessite pas d\u2019\u00e9l\u00e9ment porteur comme un mur ou le limon, pour le maintenir :\u00a0<strong>il est<\/strong>\u00a0<strong>autoportant<\/strong>. C\u2019est un escalier qui peut s\u2019installer dans les plus petits espaces. Il n\u2019est pas du tout encombrant et son installation est beaucoup plus facile que les autres mod\u00e8les. Il n\u2019est cependant pas tr\u00e8s recommand\u00e9 pour les familles car en plus de r\u00e9duire la libert\u00e9 de mouvement, il peut \u00eatre dangereux pour les enfants d\u2019y monter ou d\u2019y jouer. Il n\u2019offre pas non plus, d\u2019espaces utilisables en dessous comme c\u2019est le cas pour l\u2019escalier droit.<\/p>\t\t\t\t\t\t\t\t<\/div>\n\t\t\t\t<\/div>\n\t\t\t\t<div class=\"elementor-element elementor-element-cd973fd elementor-widget elementor-widget-image\" data-id=\"cd973fd\" data-element_type=\"widget\" data-e-type=\"widget\" data-widget_type=\"image.default\">\n\t\t\t\t<div class=\"elementor-widget-container\">\n\t\t\t\t\t\t\t\t\t\t\t\t<figure class=\"wp-caption\">\n\t\t\t\t\t\t\t\t\t\t<img decoding=\"async\" src=\"https:\/\/secondsouffle.co\/wp-content\/uploads\/elementor\/thumbs\/escalier-helicoidal-pahco96b6j6bzwo2u1u7fyp9oo4meribmcmcofmyxk.jpg\" title=\"escalier-h\u00e9lico\u00efdal\" alt=\"escalier-h\u00e9lico\u00efdal\" loading=\"lazy\" \/>\t\t\t\t\t\t\t\t\t\t\t<figcaption class=\"widget-image-caption wp-caption-text\">Source : https:\/\/www.monamenagementmaison.fr\/<\/figcaption>\n\t\t\t\t\t\t\t\t\t\t<\/figure>\n\t\t\t\t\t\t\t\t\t<\/div>\n\t\t\t\t<\/div>\n\t\t\t\t<div class=\"elementor-element elementor-element-83fe1f7 elementor-widget elementor-widget-spacer\" data-id=\"83fe1f7\" data-element_type=\"widget\" data-e-type=\"widget\" data-widget_type=\"spacer.default\">\n\t\t\t\t<div class=\"elementor-widget-container\">\n\t\t\t\t\t\t\t<div class=\"elementor-spacer\">\n\t\t\t<div class=\"elementor-spacer-inner\"><\/div>\n\t\t<\/div>\n\t\t\t\t\t\t<\/div>\n\t\t\t\t<\/div>\n\t\t\t\t<div class=\"elementor-element elementor-element-d462f5c elementor-widget elementor-widget-heading\" data-id=\"d462f5c\" data-element_type=\"widget\" data-e-type=\"widget\" data-widget_type=\"heading.default\">\n\t\t\t\t<div class=\"elementor-widget-container\">\n\t\t\t\t\t<h3 class=\"elementor-heading-title elementor-size-default\">L\u2019escalier 2\/4 tournant<\/h3>\t\t\t\t<\/div>\n\t\t\t\t<\/div>\n\t\t\t\t<div class=\"elementor-element elementor-element-b934934 elementor-widget elementor-widget-text-editor\" data-id=\"b934934\" data-element_type=\"widget\" data-e-type=\"widget\" data-widget_type=\"text-editor.default\">\n\t\t\t\t<div class=\"elementor-widget-container\">\n\t\t\t\t\t\t\t\t\t<p><strong>L\u2019escalier 2\/4 tournant<\/strong>\u00a0est l\u2019un des escaliers les plus confortables. C\u2019est le mod\u00e8le id\u00e9al si vous souhaitez avoir beaucoup plus de libert\u00e9 de mouvement tout en maximisant votre espace. Avec ses deux angles de 90 degr\u00e9s, c\u2019est le mod\u00e8le interm\u00e9diaire entre les deux mod\u00e8les cit\u00e9s plus hauts. Cependant, pour ce genre d\u2019escalier, il convient de pr\u00e9voir un espace de tr\u00e9mie beaucoup plus grand.<\/p><p>Concernant la tr\u00e9mie, il convient de souligner que c\u2019est elle qui d\u00e9terminera la forme de l\u2019escalier que vous devrez choisir. Si vous disposez d\u2019une tr\u00e9mie poss\u00e9dant une longue et petite ouverture, le meilleur choix serait l\u2019escalier droit. Par contre, si vous avez une tr\u00e9mie courte, l\u2019escalier le plus adapt\u00e9 sera\u00a0<strong>l\u2019escalier \u00bc tournant<\/strong>. Pour les plus petites tr\u00e9mies, pensez \u00e0 acheter un escalier h\u00e9lico\u00efdal et pour les surfaces carr\u00e9es, privil\u00e9giez plut\u00f4t les escaliers 2\/4 tournant.<\/p>\t\t\t\t\t\t\t\t<\/div>\n\t\t\t\t<\/div>\n\t\t\t\t<div class=\"elementor-element elementor-element-8312102 elementor-widget elementor-widget-image\" data-id=\"8312102\" data-element_type=\"widget\" data-e-type=\"widget\" data-widget_type=\"image.default\">\n\t\t\t\t<div class=\"elementor-widget-container\">\n\t\t\t\t\t\t\t\t\t\t\t\t<figure class=\"wp-caption\">\n\t\t\t\t\t\t\t\t\t\t<img decoding=\"async\" src=\"https:\/\/secondsouffle.co\/wp-content\/uploads\/elementor\/thumbs\/Escalier-demi-tournant-pahcoetcbje1xkfvx49yuxa18zctoy4pn4j9k3elw8.jpg\" title=\"Escalier-demi-tournant\" alt=\"Escalier-demi-tournant\" loading=\"lazy\" \/>\t\t\t\t\t\t\t\t\t\t\t<figcaption class=\"widget-image-caption wp-caption-text\">Source : https:\/\/www.monamenagementmaison.fr\/<\/figcaption>\n\t\t\t\t\t\t\t\t\t\t<\/figure>\n\t\t\t\t\t\t\t\t\t<\/div>\n\t\t\t\t<\/div>\n\t\t\t\t\t<\/div>\n\t\t<\/div>\n\t\t\t\t\t<\/div>\n\t\t<\/section>\n\t\t\t\t<section class=\"elementor-section elementor-top-section elementor-element elementor-element-87d4728 elementor-section-boxed elementor-section-height-default elementor-section-height-default\" data-id=\"87d4728\" data-element_type=\"section\" data-e-type=\"section\" data-settings=\"{&quot;_ha_eqh_enable&quot;:false}\">\n\t\t\t\t\t\t<div class=\"elementor-container elementor-column-gap-default\">\n\t\t\t\t\t<div class=\"elementor-column elementor-col-100 elementor-top-column elementor-element elementor-element-81b12ba\" data-id=\"81b12ba\" data-element_type=\"column\" data-e-type=\"column\">\n\t\t\t<div class=\"elementor-widget-wrap elementor-element-populated\">\n\t\t\t\t\t\t<div class=\"elementor-element elementor-element-1dbe183 elementor-widget elementor-widget-spacer\" data-id=\"1dbe183\" data-element_type=\"widget\" data-e-type=\"widget\" data-widget_type=\"spacer.default\">\n\t\t\t\t<div class=\"elementor-widget-container\">\n\t\t\t\t\t\t\t<div class=\"elementor-spacer\">\n\t\t\t<div class=\"elementor-spacer-inner\"><\/div>\n\t\t<\/div>\n\t\t\t\t\t\t<\/div>\n\t\t\t\t<\/div>\n\t\t\t\t<div class=\"elementor-element elementor-element-4f0987a elementor-widget elementor-widget-heading\" data-id=\"4f0987a\" data-element_type=\"widget\" data-e-type=\"widget\" data-widget_type=\"heading.default\">\n\t\t\t\t<div class=\"elementor-widget-container\">\n\t\t\t\t\t<h2 class=\"elementor-heading-title elementor-size-default\">Choisissez votre escalier en fonction de l\u2019usage que vous souhaitez en faire<\/h2>\t\t\t\t<\/div>\n\t\t\t\t<\/div>\n\t\t\t\t<div class=\"elementor-element elementor-element-68e9087 elementor-widget elementor-widget-text-editor\" data-id=\"68e9087\" data-element_type=\"widget\" data-e-type=\"widget\" data-widget_type=\"text-editor.default\">\n\t\t\t\t<div class=\"elementor-widget-container\">\n\t\t\t\t\t\t\t\t\t<p>Il faut aussi choisir un escalier en tenant compte de sa finalit\u00e9. En fonction donc des diff\u00e9rentes utilisations, il convient de choisir un type d\u2019escalier adapt\u00e9. Ainsi, si vous comptez acheter un escalier pour relier des pi\u00e8ces comme le salon, la chambre ou encore d\u2019autres pi\u00e8ces qui sont tr\u00e8s fr\u00e9quent\u00e9es, il convient d\u2019opter pour un escalier dont la largeur est vraiment importante. N\u2019h\u00e9sitez pas \u00e0 en choisir un mod\u00e8le de plus de 70 cm de largeur. Ainsi, les mod\u00e8les d\u2019escaliers qui conviennent le plus sont soit<strong>\u00a0l\u2019escalier droit, l\u2019escalier \u00bc tournant ou le 2\/4 tournant<\/strong>.<\/p><p>Inversement, si vous souhaitez acheter un escalier que vous n\u2019utiliserez pas fr\u00e9quemment, vous pouvez choisir les mod\u00e8les\u00a0<strong>escamotables<\/strong>. Ces derniers sont pliants et coulissants, ils peuvent parfaitement desservir tous types de surface :\u00a0<strong>les combles, les surfaces \u00e9troites ou les paliers d\u2019\u00e9tages<\/strong>.<\/p>\t\t\t\t\t\t\t\t<\/div>\n\t\t\t\t<\/div>\n\t\t\t\t\t<\/div>\n\t\t<\/div>\n\t\t\t\t\t<\/div>\n\t\t<\/section>\n\t\t\t\t<section class=\"elementor-section elementor-top-section elementor-element elementor-element-940a125 elementor-section-boxed elementor-section-height-default elementor-section-height-default\" data-id=\"940a125\" data-element_type=\"section\" data-e-type=\"section\" data-settings=\"{&quot;_ha_eqh_enable&quot;:false}\">\n\t\t\t\t\t\t<div class=\"elementor-container elementor-column-gap-default\">\n\t\t\t\t\t<div class=\"elementor-column elementor-col-100 elementor-top-column elementor-element elementor-element-4e29c5c\" data-id=\"4e29c5c\" data-element_type=\"column\" data-e-type=\"column\">\n\t\t\t<div class=\"elementor-widget-wrap elementor-element-populated\">\n\t\t\t\t\t\t<div class=\"elementor-element elementor-element-ed32ba6 elementor-widget elementor-widget-spacer\" data-id=\"ed32ba6\" data-element_type=\"widget\" data-e-type=\"widget\" data-widget_type=\"spacer.default\">\n\t\t\t\t<div class=\"elementor-widget-container\">\n\t\t\t\t\t\t\t<div class=\"elementor-spacer\">\n\t\t\t<div class=\"elementor-spacer-inner\"><\/div>\n\t\t<\/div>\n\t\t\t\t\t\t<\/div>\n\t\t\t\t<\/div>\n\t\t\t\t<div class=\"elementor-element elementor-element-aa5ffe1 elementor-widget elementor-widget-heading\" data-id=\"aa5ffe1\" data-element_type=\"widget\" data-e-type=\"widget\" data-widget_type=\"heading.default\">\n\t\t\t\t<div class=\"elementor-widget-container\">\n\t\t\t\t\t<h2 class=\"elementor-heading-title elementor-size-default\">Choisissez votre escalier en fonction du mat\u00e9riau<\/h2>\t\t\t\t<\/div>\n\t\t\t\t<\/div>\n\t\t\t\t<div class=\"elementor-element elementor-element-382b70f elementor-widget elementor-widget-text-editor\" data-id=\"382b70f\" data-element_type=\"widget\" data-e-type=\"widget\" data-widget_type=\"text-editor.default\">\n\t\t\t\t<div class=\"elementor-widget-container\">\n\t\t\t\t\t\t\t\t\t<p>Vous devez aussi choisir votre escalier en fonction des mat\u00e9riaux utilis\u00e9s pour la fabrication. Les mod\u00e8les les plus demand\u00e9s sur le march\u00e9 sont fabriqu\u00e9s\u00a0<strong>en bois, en m\u00e9tal, en b\u00e9ton ou en pierre<\/strong>.<\/p><p>Ici, vous pouvez vous en tenir \u00e0 votre go\u00fbt sans perdre de vue l\u2019usage que vous souhaitez en faire. Si vous \u00eates un amateur d\u2019accessoires traditionnels, vous pouvez opter pour des escaliers en bois de tous types : des bois durs, ch\u00eanes les h\u00eatres. Le b\u00e9mol avec les escaliers en bois, c&rsquo;est qu&rsquo;ils pourraient craquer avec le temps. Il se pose alors un probl\u00e8me de r\u00e9sistance.<\/p><p>En revanche, si vous \u00eates beaucoup plus port\u00e9s vers les accessoires contemporains, vous pouvez choisir des escaliers en m\u00e9tal. Vous aurez le choix entre un escalier en\u00a0<strong>aluminium<\/strong>, un escalier en\u00a0<strong>inox\u00a0<\/strong>ou un mod\u00e8le en\u00a0<strong>acier<\/strong>. Le m\u00e9tal donnera \u00e0 votre espace une touche esth\u00e9tique particuli\u00e8re. Vous pouvez aussi opter pour un escalier en\u00a0<strong>b\u00e9ton\u00a0<\/strong>ou en\u00a0<strong>pierre<\/strong>. Pour ces derniers choix, l\u2019installation peut \u00eatre assez complexe. Cependant, avec l&rsquo;intervention d&rsquo;un professionnel, le rendu est g\u00e9n\u00e9ralement satisfaisant.<\/p>\t\t\t\t\t\t\t\t<\/div>\n\t\t\t\t<\/div>\n\t\t\t\t\t<\/div>\n\t\t<\/div>\n\t\t\t\t\t<\/div>\n\t\t<\/section>\n\t\t\t\t<section class=\"elementor-section elementor-top-section elementor-element elementor-element-10764fb elementor-section-boxed elementor-section-height-default elementor-section-height-default\" data-id=\"10764fb\" data-element_type=\"section\" data-e-type=\"section\" data-settings=\"{&quot;_ha_eqh_enable&quot;:false}\">\n\t\t\t\t\t\t<div class=\"elementor-container elementor-column-gap-default\">\n\t\t\t\t\t<div class=\"elementor-column elementor-col-100 elementor-top-column elementor-element elementor-element-92a31ce\" data-id=\"92a31ce\" data-element_type=\"column\" data-e-type=\"column\">\n\t\t\t<div class=\"elementor-widget-wrap elementor-element-populated\">\n\t\t\t\t\t\t<div class=\"elementor-element elementor-element-2606cf4 elementor-widget elementor-widget-spacer\" data-id=\"2606cf4\" data-element_type=\"widget\" data-e-type=\"widget\" data-widget_type=\"spacer.default\">\n\t\t\t\t<div class=\"elementor-widget-container\">\n\t\t\t\t\t\t\t<div class=\"elementor-spacer\">\n\t\t\t<div class=\"elementor-spacer-inner\"><\/div>\n\t\t<\/div>\n\t\t\t\t\t\t<\/div>\n\t\t\t\t<\/div>\n\t\t\t\t<div class=\"elementor-element elementor-element-2cbb0b3 elementor-widget elementor-widget-heading\" data-id=\"2cbb0b3\" data-element_type=\"widget\" data-e-type=\"widget\" data-widget_type=\"heading.default\">\n\t\t\t\t<div class=\"elementor-widget-container\">\n\t\t\t\t\t<h2 class=\"elementor-heading-title elementor-size-default\">Choisissez votre escalier en fonction de votre budget<\/h2>\t\t\t\t<\/div>\n\t\t\t\t<\/div>\n\t\t\t\t<div class=\"elementor-element elementor-element-681934c elementor-widget elementor-widget-text-editor\" data-id=\"681934c\" data-element_type=\"widget\" data-e-type=\"widget\" data-widget_type=\"text-editor.default\">\n\t\t\t\t<div class=\"elementor-widget-container\">\n\t\t\t\t\t\t\t\t\t<p>Quel que soit le mod\u00e8le que vous voulez pour votre escalier et l\u2019utilisation que vous souhaitez en faire, l\u2019un des param\u00e8tres qui influencera consid\u00e9rablement votre choix est le prix. En effet, le budget \u00e0 pr\u00e9voir pour l&rsquo;acquisition de votre escalier d\u00e9pend de sa forme et du mat\u00e9riau avec lequel il est con\u00e7u.<\/p><p>Aussi, un escalier aux caract\u00e9ristiques sp\u00e9cifiques sera plus on\u00e9reux qu&rsquo;un mod\u00e8le classique. Parmi les diff\u00e9rents mod\u00e8les d\u2019escaliers qui existent, celui qui est vendu au prix le plus bas est l\u2019escalier droit. Concernant les mati\u00e8res de construction, il convient de souligner qu\u2019un escalier con\u00e7u dans du bois est d&rsquo;un co\u00fbt plus avantageux que celui qui est fabriqu\u00e9 avec du m\u00e9tal ou encore avec des pierres.<\/p><p>Avec un budget d\u2019environ\u00a0<strong>700 \u00e0 800 euros<\/strong>, vous pouvez donc vous acheter un escalier droit en bois. Pour ce qui est des escaliers tournants et des h\u00e9lico\u00efdaux, les prix sont l\u00e9g\u00e8rement plus \u00e9lev\u00e9s. Il faut pour s\u2019en procurer, d\u00e9penser\u00a0<strong>environ 1 500 euros<\/strong>. Les escaliers les plus chers sont les escaliers tournants ou h\u00e9lico\u00efdaux con\u00e7us dans de l\u2019aluminium, ou encore dans de l\u2019inox. Il convient en outre de pr\u00e9ciser, que certains escaliers sont con\u00e7us dans un m\u00e9lange de mat\u00e9riaux. Ces derniers sont parfois tr\u00e8s chers suivant les mat\u00e9riaux mix\u00e9s.<\/p>\t\t\t\t\t\t\t\t<\/div>\n\t\t\t\t<\/div>\n\t\t\t\t\t<\/div>\n\t\t<\/div>\n\t\t\t\t\t<\/div>\n\t\t<\/section>\n\t\t\t\t<section class=\"elementor-section elementor-top-section elementor-element elementor-element-7e0007f elementor-section-boxed elementor-section-height-default elementor-section-height-default\" data-id=\"7e0007f\" data-element_type=\"section\" data-e-type=\"section\" data-settings=\"{&quot;_ha_eqh_enable&quot;:false}\">\n\t\t\t\t\t\t<div class=\"elementor-container elementor-column-gap-default\">\n\t\t\t\t\t<div class=\"elementor-column elementor-col-100 elementor-top-column elementor-element elementor-element-86312e7\" data-id=\"86312e7\" data-element_type=\"column\" data-e-type=\"column\">\n\t\t\t<div class=\"elementor-widget-wrap elementor-element-populated\">\n\t\t\t\t\t\t<div class=\"elementor-element elementor-element-840ef49 elementor-widget elementor-widget-spacer\" data-id=\"840ef49\" data-element_type=\"widget\" data-e-type=\"widget\" data-widget_type=\"spacer.default\">\n\t\t\t\t<div class=\"elementor-widget-container\">\n\t\t\t\t\t\t\t<div class=\"elementor-spacer\">\n\t\t\t<div class=\"elementor-spacer-inner\"><\/div>\n\t\t<\/div>\n\t\t\t\t\t\t<\/div>\n\t\t\t\t<\/div>\n\t\t\t\t<div class=\"elementor-element elementor-element-2d4f41c elementor-widget elementor-widget-post-navigation\" data-id=\"2d4f41c\" data-element_type=\"widget\" data-e-type=\"widget\" data-widget_type=\"post-navigation.default\">\n\t\t\t\t<div class=\"elementor-widget-container\">\n\t\t\t\t\t\t\t<div class=\"elementor-post-navigation\" role=\"navigation\" aria-label=\"Navigation de publication\">\n\t\t\t<div class=\"elementor-post-navigation__prev elementor-post-navigation__link\">\n\t\t\t\t<a href=\"https:\/\/secondsouffle.co\/index.php\/2021\/07\/15\/quelles-annees-de-construction-favoriser-pour-lachat-dun-appartement\/\" rel=\"prev\"><span class=\"post-navigation__arrow-wrapper post-navigation__arrow-prev\"><svg aria-hidden=\"true\" class=\"e-font-icon-svg e-fas-angle-left\" viewBox=\"0 0 256 512\" xmlns=\"http:\/\/www.w3.org\/2000\/svg\"><path d=\"M31.7 239l136-136c9.4-9.4 24.6-9.4 33.9 0l22.6 22.6c9.4 9.4 9.4 24.6 0 33.9L127.9 256l96.4 96.4c9.4 9.4 9.4 24.6 0 33.9L201.7 409c-9.4 9.4-24.6 9.4-33.9 0l-136-136c-9.5-9.4-9.5-24.6-.1-34z\"><\/path><\/svg><span class=\"elementor-screen-only\">Pr\u00e9c\u00e9dent<\/span><\/span><span class=\"elementor-post-navigation__link__prev\"><span class=\"post-navigation__prev--label\">Article Pr\u00e9c\u00e9dent<\/span><span class=\"post-navigation__prev--title\">Quelles ann\u00e9es de construction favoriser pour l&rsquo;achat d&rsquo;un appartement ?<\/span><\/span><\/a>\t\t\t<\/div>\n\t\t\t\t\t\t<div class=\"elementor-post-navigation__next elementor-post-navigation__link\">\n\t\t\t\t<a href=\"https:\/\/secondsouffle.co\/index.php\/2021\/07\/22\/cuisine-rustique-comment-bien-la-repeindre\/\" rel=\"next\"><span class=\"elementor-post-navigation__link__next\"><span class=\"post-navigation__next--label\">Article Suivant<\/span><span class=\"post-navigation__next--title\">Cuisine rustique : comment bien la repeindre ?<\/span><\/span><span class=\"post-navigation__arrow-wrapper post-navigation__arrow-next\"><svg aria-hidden=\"true\" class=\"e-font-icon-svg e-fas-angle-right\" viewBox=\"0 0 256 512\" xmlns=\"http:\/\/www.w3.org\/2000\/svg\"><path d=\"M224.3 273l-136 136c-9.4 9.4-24.6 9.4-33.9 0l-22.6-22.6c-9.4-9.4-9.4-24.6 0-33.9l96.4-96.4-96.4-96.4c-9.4-9.4-9.4-24.6 0-33.9L54.3 103c9.4-9.4 24.6-9.4 33.9 0l136 136c9.5 9.4 9.5 24.6.1 34z\"><\/path><\/svg><span class=\"elementor-screen-only\">Suivant<\/span><\/span><\/a>\t\t\t<\/div>\n\t\t<\/div>\n\t\t\t\t\t\t<\/div>\n\t\t\t\t<\/div>\n\t\t\t\t<div class=\"elementor-element elementor-element-aabcd80 elementor-widget elementor-widget-spacer\" data-id=\"aabcd80\" data-element_type=\"widget\" data-e-type=\"widget\" data-widget_type=\"spacer.default\">\n\t\t\t\t<div class=\"elementor-widget-container\">\n\t\t\t\t\t\t\t<div class=\"elementor-spacer\">\n\t\t\t<div class=\"elementor-spacer-inner\"><\/div>\n\t\t<\/div>\n\t\t\t\t\t\t<\/div>\n\t\t\t\t<\/div>\n\t\t\t\t\t<\/div>\n\t\t<\/div>\n\t\t\t\t\t<\/div>\n\t\t<\/section>\n\t\t\t\t<\/div>\n\t\t","protected":false},"excerpt":{"rendered":"<p>Qu&rsquo;il soit fixe ou mobile, l&rsquo;escalier est un ensemble de marches \u00e9chelonn\u00e9es qui permet de monter ou de descendre d&rsquo;un \u00e9tage \u00e0 un autre. Il joue aussi un r\u00f4le d\u00e9coratif non n\u00e9gligeable. Le choix du mod\u00e8le et des caract\u00e9ristiques de ce dernier ne doit en aucun cas se faire de fa\u00e7on hasardeuse. Voici quelques crit\u00e8res de choix qui vous seront utiles en ce sens.<\/p>\n","protected":false},"author":1,"featured_media":13940,"comment_status":"open","ping_status":"open","sticky":false,"template":"","format":"standard","meta":{"_monsterinsights_skip_tracking":false,"_monsterinsights_sitenote_active":false,"_monsterinsights_sitenote_note":"","_monsterinsights_sitenote_category":0,"footnotes":""},"categories":[26],"tags":[],"class_list":["post-13939","post","type-post","status-publish","format-standard","has-post-thumbnail","hentry","category-architecture-et-amenagement-interieur"],"aioseo_notices":[],"amp_enabled":true,"_links":{"self":[{"href":"https:\/\/secondsouffle.co\/index.php\/wp-json\/wp\/v2\/posts\/13939","targetHints":{"allow":["GET"]}}],"collection":[{"href":"https:\/\/secondsouffle.co\/index.php\/wp-json\/wp\/v2\/posts"}],"about":[{"href":"https:\/\/secondsouffle.co\/index.php\/wp-json\/wp\/v2\/types\/post"}],"author":[{"embeddable":true,"href":"https:\/\/secondsouffle.co\/index.php\/wp-json\/wp\/v2\/users\/1"}],"replies":[{"embeddable":true,"href":"https:\/\/secondsouffle.co\/index.php\/wp-json\/wp\/v2\/comments?post=13939"}],"version-history":[{"count":0,"href":"https:\/\/secondsouffle.co\/index.php\/wp-json\/wp\/v2\/posts\/13939\/revisions"}],"wp:featuredmedia":[{"embeddable":true,"href":"https:\/\/secondsouffle.co\/index.php\/wp-json\/wp\/v2\/media\/13940"}],"wp:attachment":[{"href":"https:\/\/secondsouffle.co\/index.php\/wp-json\/wp\/v2\/media?parent=13939"}],"wp:term":[{"taxonomy":"category","embeddable":true,"href":"https:\/\/secondsouffle.co\/index.php\/wp-json\/wp\/v2\/categories?post=13939"},{"taxonomy":"post_tag","embeddable":true,"href":"https:\/\/secondsouffle.co\/index.php\/wp-json\/wp\/v2\/tags?post=13939"}],"curies":[{"name":"wp","href":"https:\/\/api.w.org\/{rel}","templated":true}]}}