{"id":1408,"date":"2020-03-22T14:03:06","date_gmt":"2020-03-22T13:03:06","guid":{"rendered":"http:\/\/secondsouffle.co\/?p=1408"},"modified":"2021-07-09T14:31:07","modified_gmt":"2021-07-09T12:31:07","slug":"quels-travaux-de-renovation-energetique-faut-il-realiser-en-fonction-de-son-budget","status":"publish","type":"post","link":"https:\/\/secondsouffle.co\/index.php\/2020\/03\/22\/quels-travaux-de-renovation-energetique-faut-il-realiser-en-fonction-de-son-budget\/","title":{"rendered":"Quels travaux de r\u00e9novation \u00e9nerg\u00e9tique r\u00e9aliser selon son budget ?"},"content":{"rendered":"\t\t<div data-elementor-type=\"wp-post\" data-elementor-id=\"1408\" class=\"elementor elementor-1408\" data-elementor-settings=\"{&quot;ha_cmc_init_switcher&quot;:&quot;no&quot;}\" data-elementor-post-type=\"post\">\n\t\t\t\t\t\t<section class=\"elementor-section elementor-top-section elementor-element elementor-element-12f64cb elementor-section-content-middle elementor-section-boxed elementor-section-height-default elementor-section-height-default\" data-id=\"12f64cb\" data-element_type=\"section\" data-e-type=\"section\" data-settings=\"{&quot;background_background&quot;:&quot;classic&quot;,&quot;_ha_eqh_enable&quot;:false}\">\n\t\t\t\t\t\t\t<div class=\"elementor-background-overlay\"><\/div>\n\t\t\t\t\t\t\t<div class=\"elementor-container elementor-column-gap-no\">\n\t\t\t\t\t<div class=\"elementor-column elementor-col-100 elementor-top-column elementor-element elementor-element-c28cff5\" data-id=\"c28cff5\" data-element_type=\"column\" data-e-type=\"column\">\n\t\t\t<div class=\"elementor-widget-wrap elementor-element-populated\">\n\t\t\t\t\t\t<div class=\"elementor-element elementor-element-68fb137 elementor-widget elementor-widget-heading\" data-id=\"68fb137\" data-element_type=\"widget\" data-e-type=\"widget\" data-widget_type=\"heading.default\">\n\t\t\t\t<div class=\"elementor-widget-container\">\n\t\t\t\t\t<h1 class=\"elementor-heading-title elementor-size-default\">Quels travaux de r\u00e9novation \u00e9nerg\u00e9tique faut-il r\u00e9aliser en fonction de son budget ?<\/h1>\t\t\t\t<\/div>\n\t\t\t\t<\/div>\n\t\t\t\t<div class=\"elementor-element elementor-element-a66c58a elementor-mobile-align-center elementor-widget elementor-widget-post-info\" data-id=\"a66c58a\" data-element_type=\"widget\" data-e-type=\"widget\" data-widget_type=\"post-info.default\">\n\t\t\t\t<div class=\"elementor-widget-container\">\n\t\t\t\t\t\t\t<ul class=\"elementor-inline-items elementor-icon-list-items elementor-post-info\">\n\t\t\t\t\t\t\t\t<li class=\"elementor-icon-list-item elementor-repeater-item-b014cd4 elementor-inline-item\" itemprop=\"datePublished\">\n\t\t\t\t\t\t<a href=\"https:\/\/secondsouffle.co\/index.php\/2020\/03\/22\/\">\n\t\t\t\t\t\t\t\t\t\t\t<span class=\"elementor-icon-list-icon\">\n\t\t\t\t\t\t\t\t<svg aria-hidden=\"true\" class=\"e-font-icon-svg e-fas-calendar\" viewBox=\"0 0 448 512\" xmlns=\"http:\/\/www.w3.org\/2000\/svg\"><path d=\"M12 192h424c6.6 0 12 5.4 12 12v260c0 26.5-21.5 48-48 48H48c-26.5 0-48-21.5-48-48V204c0-6.6 5.4-12 12-12zm436-44v-36c0-26.5-21.5-48-48-48h-48V12c0-6.6-5.4-12-12-12h-40c-6.6 0-12 5.4-12 12v52H160V12c0-6.6-5.4-12-12-12h-40c-6.6 0-12 5.4-12 12v52H48C21.5 64 0 85.5 0 112v36c0 6.6 5.4 12 12 12h424c6.6 0 12-5.4 12-12z\"><\/path><\/svg>\t\t\t\t\t\t\t<\/span>\n\t\t\t\t\t\t\t\t\t<span class=\"elementor-icon-list-text elementor-post-info__item elementor-post-info__item--type-date\">\n\t\t\t\t\t\t\t\t\t\t<time>mars 22, 2020<\/time>\t\t\t\t\t<\/span>\n\t\t\t\t\t\t\t\t\t<\/a>\n\t\t\t\t<\/li>\n\t\t\t\t<li class=\"elementor-icon-list-item elementor-repeater-item-4499c28 elementor-inline-item\">\n\t\t\t\t\t\t\t\t\t\t<span class=\"elementor-icon-list-icon\">\n\t\t\t\t\t\t\t\t<svg aria-hidden=\"true\" class=\"e-font-icon-svg e-far-clock\" viewBox=\"0 0 512 512\" xmlns=\"http:\/\/www.w3.org\/2000\/svg\"><path d=\"M256 8C119 8 8 119 8 256s111 248 248 248 248-111 248-248S393 8 256 8zm0 448c-110.5 0-200-89.5-200-200S145.5 56 256 56s200 89.5 200 200-89.5 200-200 200zm61.8-104.4l-84.9-61.7c-3.1-2.3-4.9-5.9-4.9-9.7V116c0-6.6 5.4-12 12-12h32c6.6 0 12 5.4 12 12v141.7l66.8 48.6c5.4 3.9 6.5 11.4 2.6 16.8L334.6 349c-3.9 5.3-11.4 6.5-16.8 2.6z\"><\/path><\/svg>\t\t\t\t\t\t\t<\/span>\n\t\t\t\t\t\t\t\t\t<span class=\"elementor-icon-list-text elementor-post-info__item elementor-post-info__item--type-time\">\n\t\t\t\t\t\t\t\t\t\t<time>2:03 pm<\/time>\t\t\t\t\t<\/span>\n\t\t\t\t\t\t\t\t<\/li>\n\t\t\t\t<li class=\"elementor-icon-list-item elementor-repeater-item-9026d4d elementor-inline-item\">\n\t\t\t\t\t\t\t\t\t\t<span class=\"elementor-icon-list-icon\">\n\t\t\t\t\t\t\t\t<svg aria-hidden=\"true\" class=\"e-font-icon-svg e-far-user\" viewBox=\"0 0 448 512\" xmlns=\"http:\/\/www.w3.org\/2000\/svg\"><path d=\"M313.6 304c-28.7 0-42.5 16-89.6 16-47.1 0-60.8-16-89.6-16C60.2 304 0 364.2 0 438.4V464c0 26.5 21.5 48 48 48h352c26.5 0 48-21.5 48-48v-25.6c0-74.2-60.2-134.4-134.4-134.4zM400 464H48v-25.6c0-47.6 38.8-86.4 86.4-86.4 14.6 0 38.3 16 89.6 16 51.7 0 74.9-16 89.6-16 47.6 0 86.4 38.8 86.4 86.4V464zM224 288c79.5 0 144-64.5 144-144S303.5 0 224 0 80 64.5 80 144s64.5 144 144 144zm0-240c52.9 0 96 43.1 96 96s-43.1 96-96 96-96-43.1-96-96 43.1-96 96-96z\"><\/path><\/svg>\t\t\t\t\t\t\t<\/span>\n\t\t\t\t\t\t\t\t\t<span class=\"elementor-icon-list-text elementor-post-info__item elementor-post-info__item--type-custom\">\n\t\t\t\t\t\t\t\t\t\tCamille Caire\t\t\t\t\t<\/span>\n\t\t\t\t\t\t\t\t<\/li>\n\t\t\t\t<li class=\"elementor-icon-list-item elementor-repeater-item-cfc54d4 elementor-inline-item\" itemprop=\"about\">\n\t\t\t\t\t\t\t\t\t\t<span class=\"elementor-icon-list-icon\">\n\t\t\t\t\t\t\t\t<svg aria-hidden=\"true\" class=\"e-font-icon-svg e-fas-tags\" viewBox=\"0 0 640 512\" xmlns=\"http:\/\/www.w3.org\/2000\/svg\"><path d=\"M497.941 225.941L286.059 14.059A48 48 0 0 0 252.118 0H48C21.49 0 0 21.49 0 48v204.118a48 48 0 0 0 14.059 33.941l211.882 211.882c18.744 18.745 49.136 18.746 67.882 0l204.118-204.118c18.745-18.745 18.745-49.137 0-67.882zM112 160c-26.51 0-48-21.49-48-48s21.49-48 48-48 48 21.49 48 48-21.49 48-48 48zm513.941 133.823L421.823 497.941c-18.745 18.745-49.137 18.745-67.882 0l-.36-.36L527.64 323.522c16.999-16.999 26.36-39.6 26.36-63.64s-9.362-46.641-26.36-63.64L331.397 0h48.721a48 48 0 0 1 33.941 14.059l211.882 211.882c18.745 18.745 18.745 49.137 0 67.882z\"><\/path><\/svg>\t\t\t\t\t\t\t<\/span>\n\t\t\t\t\t\t\t\t\t<span class=\"elementor-icon-list-text elementor-post-info__item elementor-post-info__item--type-terms\">\n\t\t\t\t\t\t\t\t\t\t<span class=\"elementor-post-info__terms-list\">\n\t\t\t\t<a href=\"https:\/\/secondsouffle.co\/index.php\/category\/renovation\/\" class=\"elementor-post-info__terms-list-item\">R\u00e9novation<\/a>\t\t\t\t<\/span>\n\t\t\t\t\t<\/span>\n\t\t\t\t\t\t\t\t<\/li>\n\t\t\t\t<\/ul>\n\t\t\t\t\t\t<\/div>\n\t\t\t\t<\/div>\n\t\t\t\t\t<\/div>\n\t\t<\/div>\n\t\t\t\t\t<\/div>\n\t\t<\/section>\n\t\t\t\t<section class=\"elementor-section elementor-top-section elementor-element elementor-element-d39d9c5 elementor-section-boxed elementor-section-height-default elementor-section-height-default\" data-id=\"d39d9c5\" data-element_type=\"section\" data-e-type=\"section\" data-settings=\"{&quot;_ha_eqh_enable&quot;:false}\">\n\t\t\t\t\t\t<div class=\"elementor-container elementor-column-gap-default\">\n\t\t\t\t\t<div class=\"elementor-column elementor-col-100 elementor-top-column elementor-element elementor-element-b4d81d5\" data-id=\"b4d81d5\" data-element_type=\"column\" data-e-type=\"column\">\n\t\t\t<div class=\"elementor-widget-wrap elementor-element-populated\">\n\t\t\t\t\t\t<div class=\"elementor-element elementor-element-fe446f3 elementor-widget elementor-widget-theme-post-featured-image elementor-widget-image\" data-id=\"fe446f3\" data-element_type=\"widget\" data-e-type=\"widget\" data-widget_type=\"theme-post-featured-image.default\">\n\t\t\t\t<div class=\"elementor-widget-container\">\n\t\t\t\t\t\t\t\t\t\t\t\t\t\t\t<img decoding=\"async\" src=\"https:\/\/secondsouffle.co\/wp-content\/uploads\/elementor\/thumbs\/travaux-renovation-energetique-p7pf3rkfc331emx57r6708ynulkb4u6qedraqxzs7c.jpg\" title=\"travaux-renovation-energetique\" alt=\"Homme r\u00e9alisant des travaux de r\u00e9novation \u00e9nerg\u00e9tique\" loading=\"lazy\" \/>\t\t\t\t\t\t\t\t\t\t\t\t\t\t\t<\/div>\n\t\t\t\t<\/div>\n\t\t\t\t\t<\/div>\n\t\t<\/div>\n\t\t\t\t\t<\/div>\n\t\t<\/section>\n\t\t\t\t<section class=\"elementor-section elementor-top-section elementor-element elementor-element-22b1634 elementor-section-boxed elementor-section-height-default elementor-section-height-default\" data-id=\"22b1634\" data-element_type=\"section\" data-e-type=\"section\" data-settings=\"{&quot;_ha_eqh_enable&quot;:false}\">\n\t\t\t\t\t\t<div class=\"elementor-container elementor-column-gap-default\">\n\t\t\t\t\t<div class=\"elementor-column elementor-col-100 elementor-top-column elementor-element elementor-element-e50f3e5\" data-id=\"e50f3e5\" data-element_type=\"column\" data-e-type=\"column\">\n\t\t\t<div class=\"elementor-widget-wrap elementor-element-populated\">\n\t\t\t\t\t\t<div class=\"elementor-element elementor-element-a04910c elementor-widget elementor-widget-text-editor\" data-id=\"a04910c\" data-element_type=\"widget\" data-e-type=\"widget\" data-widget_type=\"text-editor.default\">\n\t\t\t\t<div class=\"elementor-widget-container\">\n\t\t\t\t\t\t\t\t\t<p>Vous souhaitez effectuer des <span style=\"color: #ca3d45;\"><a style=\"color: #ca3d45;\" href=\"https:\/\/secondsouffle.co\/index.php\/2020\/02\/05\/pourquoi-confier-vos-travaux-a-une-entreprise-de-renovation\/\" target=\"_blank\" rel=\"noopener\"><span style=\"text-decoration: underline;\"><strong>travaux de r\u00e9novation \u00e9nerg\u00e9tique<\/strong><\/span><\/a><\/span>, mais vous ne savez pas par quels travaux commencer\u00a0? Isolation des combles ou des murs, changement de chaudi\u00e8re ou encore remplacement des fen\u00eatres\u2026 Autant de travaux, dont le montant est souvent \u00e9ligibles aux aides propos\u00e9 par l\u2019Etat.\u00a0Voici donc une liste des travaux \u00e0 r\u00e9aliser en priorit\u00e9 en fonction de son budget.<\/p><h3>\u00a0<\/h3><h2 style=\"text-align: left;\"><span style=\"color: #284383;\">R\u00e9novation \u00e9nerg\u00e9tique de moins de 5000\u20ac : renforcez l\u2019isolation des combles<\/span><\/h2><p>Un toit ou des combles mal isol\u00e9s repr\u00e9sentent jusqu\u2019\u00e0 <strong><span style=\"color: #333333;\">30% des d\u00e9perditions totales de chaleur.<\/span><\/strong> Il s\u2019agit donc d\u2019une zone \u00e0 privil\u00e9gier ! Comptez entre 2500\u20ac et 5000\u20ac en moyenne selon la surface et le mat\u00e9riau qui va servir \u00e0 isoler vos combles.\u00a0<\/p><p>En revanche, si vous souhaitez am\u00e9nager vos combles, sachez que le co\u00fbt est plus \u00e9lev\u00e9, car d\u2019autres prestations sont n\u00e9cessaires pour les transformer en pi\u00e8ces de vie.\u00a0<\/p>\t\t\t\t\t\t\t\t<\/div>\n\t\t\t\t<\/div>\n\t\t\t\t<div class=\"elementor-element elementor-element-7bfb7ad elementor-blockquote--skin-border elementor-widget elementor-widget-blockquote\" data-id=\"7bfb7ad\" data-element_type=\"widget\" data-e-type=\"widget\" data-widget_type=\"blockquote.default\">\n\t\t\t\t<div class=\"elementor-widget-container\">\n\t\t\t\t\t\t\t<blockquote class=\"elementor-blockquote\">\n\t\t\t<p class=\"elementor-blockquote__content\">\n\t\t\t\tAides \u00e9ligibles pour l\u2019isolation du toit\u00a0et des murs : l\u2019\u00e9co-PTZ est un emprunt remboursable sans int\u00e9r\u00eat et qui vous permet de r\u00e9aliser des travaux d\u2019\u00e9conomie d\u2019\u00e9nergie. Il est accessible sous conditions de revenus et selon les travaux effectu\u00e9s.\u00a0\t\t\t<\/p>\n\t\t\t\t\t<\/blockquote>\n\t\t\t\t\t\t<\/div>\n\t\t\t\t<\/div>\n\t\t\t\t<div class=\"elementor-element elementor-element-9280a3e elementor-align-left elementor-widget elementor-widget-button\" data-id=\"9280a3e\" data-element_type=\"widget\" data-e-type=\"widget\" data-widget_type=\"button.default\">\n\t\t\t\t<div class=\"elementor-widget-container\">\n\t\t\t\t\t\t\t\t\t<div class=\"elementor-button-wrapper\">\n\t\t\t\t\t<a class=\"elementor-button elementor-button-link elementor-size-sm elementor-animation-buzz-out\" href=\"https:\/\/www.service-public.fr\/particuliers\/vosdroits\/F19905\" target=\"_blank\">\n\t\t\t\t\t\t<span class=\"elementor-button-content-wrapper\">\n\t\t\t\t\t\t<span class=\"elementor-button-icon\">\n\t\t\t\t<svg aria-hidden=\"true\" class=\"e-font-icon-svg e-fas-wrench\" viewBox=\"0 0 512 512\" xmlns=\"http:\/\/www.w3.org\/2000\/svg\"><path d=\"M507.73 109.1c-2.24-9.03-13.54-12.09-20.12-5.51l-74.36 74.36-67.88-11.31-11.31-67.88 74.36-74.36c6.62-6.62 3.43-17.9-5.66-20.16-47.38-11.74-99.55.91-136.58 37.93-39.64 39.64-50.55 97.1-34.05 147.2L18.74 402.76c-24.99 24.99-24.99 65.51 0 90.5 24.99 24.99 65.51 24.99 90.5 0l213.21-213.21c50.12 16.71 107.47 5.68 147.37-34.22 37.07-37.07 49.7-89.32 37.91-136.73zM64 472c-13.25 0-24-10.75-24-24 0-13.26 10.75-24 24-24s24 10.74 24 24c0 13.25-10.75 24-24 24z\"><\/path><\/svg>\t\t\t<\/span>\n\t\t\t\t\t\t\t\t\t<span class=\"elementor-button-text\">L'\u00e9co-ptz<\/span>\n\t\t\t\t\t<\/span>\n\t\t\t\t\t<\/a>\n\t\t\t\t<\/div>\n\t\t\t\t\t\t\t\t<\/div>\n\t\t\t\t<\/div>\n\t\t\t\t\t<\/div>\n\t\t<\/div>\n\t\t\t\t\t<\/div>\n\t\t<\/section>\n\t\t\t\t<section class=\"elementor-section elementor-top-section elementor-element elementor-element-7bbf276 elementor-section-boxed elementor-section-height-default elementor-section-height-default\" data-id=\"7bbf276\" data-element_type=\"section\" data-e-type=\"section\" data-settings=\"{&quot;_ha_eqh_enable&quot;:false}\">\n\t\t\t\t\t\t<div class=\"elementor-container elementor-column-gap-default\">\n\t\t\t\t\t<div class=\"elementor-column elementor-col-100 elementor-top-column elementor-element elementor-element-f6b4a07\" data-id=\"f6b4a07\" data-element_type=\"column\" data-e-type=\"column\">\n\t\t\t<div class=\"elementor-widget-wrap elementor-element-populated\">\n\t\t\t\t\t\t<div class=\"elementor-element elementor-element-0c6d73b elementor-widget elementor-widget-spacer\" data-id=\"0c6d73b\" data-element_type=\"widget\" data-e-type=\"widget\" data-widget_type=\"spacer.default\">\n\t\t\t\t<div class=\"elementor-widget-container\">\n\t\t\t\t\t\t\t<div class=\"elementor-spacer\">\n\t\t\t<div class=\"elementor-spacer-inner\"><\/div>\n\t\t<\/div>\n\t\t\t\t\t\t<\/div>\n\t\t\t\t<\/div>\n\t\t\t\t<div class=\"elementor-element elementor-element-5bba67a elementor-widget elementor-widget-text-editor\" data-id=\"5bba67a\" data-element_type=\"widget\" data-e-type=\"widget\" data-widget_type=\"text-editor.default\">\n\t\t\t\t<div class=\"elementor-widget-container\">\n\t\t\t\t\t\t\t\t\t<h2 style=\"text-align: left;\"><span style=\"color: #284383;\">R\u00e9novation \u00e9nerg\u00e9tique entre 2 000 et 5 000 : changez de chaudi\u00e8re<\/span><\/h2><p>Acqu\u00e9rir une nouvelle chaudi\u00e8re plus performante vous permet de r\u00e9aliser des \u00e9conomies. Parmi les chaudi\u00e8res \u00e0 privil\u00e9gier, on rel\u00e8ve :\u00a0<\/p><ul><li><span style=\"color: #333333;\">La<\/span> <strong><span style=\"text-decoration: underline;\"><span style=\"color: #da2445; text-decoration: underline;\"><a style=\"color: #da2445; text-decoration: underline;\" href=\"https:\/\/www.leroymerlin.fr\/v3\/p\/produits\/chaudiere-gaz-standard-microaccumulee-elm-leblanc-acleis-bas-nox-24-kw-e1501584242\" target=\"_blank\" rel=\"noopener\">chaudi\u00e8re gaz basse temp\u00e9rature<\/a><\/span><\/span>\u00a0<span style=\"color: #da2445;\">:<\/span><\/strong> elle utilise des temp\u00e9ratures entre 35 et 60\u00b0C, ce qui \u00e9conomise du combustible. Elle est id\u00e9ale lorsqu\u2019elle est associ\u00e9e \u00e0 des radiateurs ou des planchers chauffants.\u00a0<\/li><\/ul><ul><li>La <strong><span style=\"text-decoration: underline; color: #da2445;\"><a style=\"color: #da2445; text-decoration: underline;\" href=\"https:\/\/www.manomano.fr\/p\/chaudiere-centrale-a-granules-27kw-ferlux-f24-couleur-anthracite-puissance-27-kw-1178880?model_id=1178880\" target=\"_blank\" rel=\"noopener\">chaudi\u00e8re \u00e0 granul\u00e9s bois<\/a><\/span> <\/strong><span style=\"color: #da2445;\">:<\/span> elle est aliment\u00e9e par des granul\u00e9s qui sont br\u00fbl\u00e9s pour produire de la chaleur.\u00a0<\/li><\/ul><ul><li>Une <strong><span style=\"text-decoration: underline;\"><span style=\"color: #da2445; text-decoration: underline;\"><a style=\"color: #da2445; text-decoration: underline;\" href=\"https:\/\/www.azurahomedesign.com\/fr\/chaudi%C3%A8re-%C3%A0-bois\/1672-chaudi%C3%A8re-bois-popter-gs-24-kw.html\" target=\"_blank\" rel=\"noopener\">chaudi\u00e8re bois<\/a><\/span><\/span><span style=\"color: #da2445;\"><span style=\"text-decoration: underline;\"><a style=\"color: #da2445; text-decoration: underline;\" href=\"https:\/\/www.azurahomedesign.com\/fr\/chaudi%C3%A8re-%C3%A0-bois\/1672-chaudi%C3%A8re-bois-popter-gs-24-kw.html\" target=\"_blank\" rel=\"noopener\">\u00a0<\/a><\/span>:<\/span><\/strong> elle est la plus \u00e9conomique, car les b\u00fbches de bois pr\u00e9sentent un co\u00fbt tr\u00e8s avantageux.\u00a0<\/li><li>La <strong><span style=\"text-decoration: underline;\"><span style=\"color: #da2445; text-decoration: underline;\"><a style=\"color: #da2445; text-decoration: underline;\" href=\"https:\/\/www.leroymerlin.fr\/v3\/p\/produits\/chaudiere-gaz-a-condensation-accumulee-saunier-duval-isomax-35-kw-e133649\" target=\"_blank\" rel=\"noopener\">chaudi\u00e8re gaz \u00e0 condensation<\/a><\/span><\/span><span style=\"color: #da2445;\">\u00a0:<\/span><\/strong> elle est aliment\u00e9e par le gaz, mais elle contient un br\u00fbleur qui d\u00e9gage de la chaleur par combustion du gaz, et ces fum\u00e9es sont refroidies pour r\u00e9cup\u00e9rer un maximum de chaleur avant d\u2019\u00eatre rejet\u00e9es.\u00a0<\/li><\/ul>\t\t\t\t\t\t\t\t<\/div>\n\t\t\t\t<\/div>\n\t\t\t\t<div class=\"elementor-element elementor-element-b73c3c2 elementor-blockquote--skin-border elementor-widget elementor-widget-blockquote\" data-id=\"b73c3c2\" data-element_type=\"widget\" data-e-type=\"widget\" data-widget_type=\"blockquote.default\">\n\t\t\t\t<div class=\"elementor-widget-container\">\n\t\t\t\t\t\t\t<blockquote class=\"elementor-blockquote\">\n\t\t\t<p class=\"elementor-blockquote__content\">\n\t\t\t\tAides \u00e9ligibles pour le changement de chaudi\u00e8re\u00a0: le cr\u00e9dit d\u2019imp\u00f4t pour la transition \u00e9nerg\u00e9tique (CITE) s\u2019applique pour l\u2019installation d\u2019une chaudi\u00e8re gaz \u00e0 tr\u00e8s haute performance. Le plafond de d\u00e9pense est fix\u00e9 \u00e0 3350\u20ac par \u00e9quipement.\u00a0\t\t\t<\/p>\n\t\t\t\t\t<\/blockquote>\n\t\t\t\t\t\t<\/div>\n\t\t\t\t<\/div>\n\t\t\t\t<div class=\"elementor-element elementor-element-e9e31db elementor-align-left elementor-widget elementor-widget-button\" data-id=\"e9e31db\" data-element_type=\"widget\" data-e-type=\"widget\" data-widget_type=\"button.default\">\n\t\t\t\t<div class=\"elementor-widget-container\">\n\t\t\t\t\t\t\t\t\t<div class=\"elementor-button-wrapper\">\n\t\t\t\t\t<a class=\"elementor-button elementor-button-link elementor-size-sm elementor-animation-buzz-out\" href=\"https:\/\/www.service-public.fr\/particuliers\/vosdroits\/F1224\" target=\"_blank\">\n\t\t\t\t\t\t<span class=\"elementor-button-content-wrapper\">\n\t\t\t\t\t\t<span class=\"elementor-button-icon\">\n\t\t\t\t<svg aria-hidden=\"true\" class=\"e-font-icon-svg e-fas-wrench\" viewBox=\"0 0 512 512\" xmlns=\"http:\/\/www.w3.org\/2000\/svg\"><path d=\"M507.73 109.1c-2.24-9.03-13.54-12.09-20.12-5.51l-74.36 74.36-67.88-11.31-11.31-67.88 74.36-74.36c6.62-6.62 3.43-17.9-5.66-20.16-47.38-11.74-99.55.91-136.58 37.93-39.64 39.64-50.55 97.1-34.05 147.2L18.74 402.76c-24.99 24.99-24.99 65.51 0 90.5 24.99 24.99 65.51 24.99 90.5 0l213.21-213.21c50.12 16.71 107.47 5.68 147.37-34.22 37.07-37.07 49.7-89.32 37.91-136.73zM64 472c-13.25 0-24-10.75-24-24 0-13.26 10.75-24 24-24s24 10.74 24 24c0 13.25-10.75 24-24 24z\"><\/path><\/svg>\t\t\t<\/span>\n\t\t\t\t\t\t\t\t\t<span class=\"elementor-button-text\">Le cr\u00e9dit d'imp\u00f4t<\/span>\n\t\t\t\t\t<\/span>\n\t\t\t\t\t<\/a>\n\t\t\t\t<\/div>\n\t\t\t\t\t\t\t\t<\/div>\n\t\t\t\t<\/div>\n\t\t\t\t\t<\/div>\n\t\t<\/div>\n\t\t\t\t\t<\/div>\n\t\t<\/section>\n\t\t\t\t<section class=\"elementor-section elementor-top-section elementor-element elementor-element-255ce41 elementor-section-boxed elementor-section-height-default elementor-section-height-default\" data-id=\"255ce41\" data-element_type=\"section\" data-e-type=\"section\" data-settings=\"{&quot;_ha_eqh_enable&quot;:false}\">\n\t\t\t\t\t\t<div class=\"elementor-container elementor-column-gap-default\">\n\t\t\t\t\t<div class=\"elementor-column elementor-col-100 elementor-top-column elementor-element elementor-element-1c01e03\" data-id=\"1c01e03\" data-element_type=\"column\" data-e-type=\"column\">\n\t\t\t<div class=\"elementor-widget-wrap elementor-element-populated\">\n\t\t\t\t\t\t<div class=\"elementor-element elementor-element-c157fe8 elementor-widget elementor-widget-spacer\" data-id=\"c157fe8\" data-element_type=\"widget\" data-e-type=\"widget\" data-widget_type=\"spacer.default\">\n\t\t\t\t<div class=\"elementor-widget-container\">\n\t\t\t\t\t\t\t<div class=\"elementor-spacer\">\n\t\t\t<div class=\"elementor-spacer-inner\"><\/div>\n\t\t<\/div>\n\t\t\t\t\t\t<\/div>\n\t\t\t\t<\/div>\n\t\t\t\t<div class=\"elementor-element elementor-element-d96c41c elementor-widget elementor-widget-text-editor\" data-id=\"d96c41c\" data-element_type=\"widget\" data-e-type=\"widget\" data-widget_type=\"text-editor.default\">\n\t\t\t\t<div class=\"elementor-widget-container\">\n\t\t\t\t\t\t\t\t\t<h2 style=\"text-align: left;\"><span style=\"color: #284383;\">R\u00e9novation \u00e9nerg\u00e9tique d\u2019environ 7000\u20ac : remplacez les fen\u00eatres\u00a0<\/span><\/h2><p>Vous perdez en moyenne 10% des d\u00e9perditions de chaleur si vos fen\u00eatres et baies vitr\u00e9es sont mal isol\u00e9es. Il est donc int\u00e9ressant de les remplacer par des fen\u00eatres mieux isol\u00e9es, surtout qu\u2019aujourd\u2019hui, vous pouvez m\u00eame installer des fen\u00eatres avec du triple vitrage. Au revoir d\u00e9perditions de chaleur, et bonjour isolation\u00a0!\u00a0<\/p><p>De plus, pour ce type de travaux, comptez en moyenne <strong><span style=\"color: #333333;\">entre 6000 et 8000\u20ac<\/span><\/strong> selon le nombre et le type de fen\u00eatres que vous souhaitez installer.\u00a0<\/p>\t\t\t\t\t\t\t\t<\/div>\n\t\t\t\t<\/div>\n\t\t\t\t<div class=\"elementor-element elementor-element-d8db97c elementor-blockquote--skin-border elementor-widget elementor-widget-blockquote\" data-id=\"d8db97c\" data-element_type=\"widget\" data-e-type=\"widget\" data-widget_type=\"blockquote.default\">\n\t\t\t\t<div class=\"elementor-widget-container\">\n\t\t\t\t\t\t\t<blockquote class=\"elementor-blockquote\">\n\t\t\t<p class=\"elementor-blockquote__content\">\n\t\t\t\tAides \u00e9ligibles pour le changement de fen\u00eatres\u00a0: le cr\u00e9dit d\u2019imp\u00f4t pour la transition \u00e9nerg\u00e9tique (CITE) s\u2019applique aux d\u00e9penses d\u2019isolation du logement ou d\u2019\u00e9quipements qui permettent de r\u00e9duire sa consommation d\u2019\u00e9nergie.\u00a0Cette aide couvre \u00e0 hauteur de 15% les travaux et cette mesure est plafonn\u00e9e \u00e0 670\u20ac par \u00e9quipement.\u00a0\t\t\t<\/p>\n\t\t\t\t\t<\/blockquote>\n\t\t\t\t\t\t<\/div>\n\t\t\t\t<\/div>\n\t\t\t\t\t<\/div>\n\t\t<\/div>\n\t\t\t\t\t<\/div>\n\t\t<\/section>\n\t\t\t\t<section class=\"elementor-section elementor-top-section elementor-element elementor-element-43107d6 elementor-section-boxed elementor-section-height-default elementor-section-height-default\" data-id=\"43107d6\" data-element_type=\"section\" data-e-type=\"section\" data-settings=\"{&quot;_ha_eqh_enable&quot;:false}\">\n\t\t\t\t\t\t<div class=\"elementor-container elementor-column-gap-default\">\n\t\t\t\t\t<div class=\"elementor-column elementor-col-100 elementor-top-column elementor-element elementor-element-d3d9edd\" data-id=\"d3d9edd\" data-element_type=\"column\" data-e-type=\"column\">\n\t\t\t<div class=\"elementor-widget-wrap elementor-element-populated\">\n\t\t\t\t\t\t<div class=\"elementor-element elementor-element-9bb91d4 elementor-widget elementor-widget-spacer\" data-id=\"9bb91d4\" data-element_type=\"widget\" data-e-type=\"widget\" data-widget_type=\"spacer.default\">\n\t\t\t\t<div class=\"elementor-widget-container\">\n\t\t\t\t\t\t\t<div class=\"elementor-spacer\">\n\t\t\t<div class=\"elementor-spacer-inner\"><\/div>\n\t\t<\/div>\n\t\t\t\t\t\t<\/div>\n\t\t\t\t<\/div>\n\t\t\t\t<div class=\"elementor-element elementor-element-2f59737 elementor-widget elementor-widget-text-editor\" data-id=\"2f59737\" data-element_type=\"widget\" data-e-type=\"widget\" data-widget_type=\"text-editor.default\">\n\t\t\t\t<div class=\"elementor-widget-container\">\n\t\t\t\t\t\t\t\t\t<h2 style=\"text-align: left;\"><span style=\"color: #284383;\">R\u00e9novation \u00e9nerg\u00e9tique de 8000\u20ac : renforcez l\u2019isolation des murs<\/span><\/h2><p>Isoler ses murs est une priorit\u00e9. En effet, les murs repr\u00e9sentent en moyenne 16% de la d\u00e9perdition de chaleur totale dans la maison.\u00a0<\/p><p>En fonction de votre maison et de vos attentes, il existe diff\u00e9rentes techniques pour isoler vos murs. Par exemple :<\/p><ul><li><strong><span style=\"color: #333333;\">La technique la plus r\u00e9pandue\u00a0:<\/span><\/strong> isoler la maison par l\u2019int\u00e9rieur (prix plus abordable et ne modifie pas l\u2019aspect ext\u00e9rieur du b\u00e2timent).<\/li><li><strong><span style=\"color: #333333;\">La solution la plus performante\u00a0:<\/span><\/strong> isoler par l\u2019ext\u00e9rieur (\u00e9limine les ponts thermiques et permet de ne pas perdre de surface habitable).<\/li><\/ul><p>En conclusion, pour renforcer l\u2019isolation des murs, comptez environ <strong><span style=\"color: #333333;\">8000\u20ac au total.\u00a0<\/span><\/strong><\/p>\t\t\t\t\t\t\t\t<\/div>\n\t\t\t\t<\/div>\n\t\t\t\t\t<\/div>\n\t\t<\/div>\n\t\t\t\t\t<\/div>\n\t\t<\/section>\n\t\t\t\t<section class=\"elementor-section elementor-top-section elementor-element elementor-element-747a148 elementor-section-boxed elementor-section-height-default elementor-section-height-default\" data-id=\"747a148\" data-element_type=\"section\" data-e-type=\"section\" data-settings=\"{&quot;_ha_eqh_enable&quot;:false}\">\n\t\t\t\t\t\t<div class=\"elementor-container elementor-column-gap-default\">\n\t\t\t\t\t<div class=\"elementor-column elementor-col-100 elementor-top-column elementor-element elementor-element-2e569b2\" data-id=\"2e569b2\" data-element_type=\"column\" data-e-type=\"column\">\n\t\t\t<div class=\"elementor-widget-wrap elementor-element-populated\">\n\t\t\t\t\t\t<div class=\"elementor-element elementor-element-1d357c8 elementor-widget elementor-widget-spacer\" data-id=\"1d357c8\" data-element_type=\"widget\" data-e-type=\"widget\" data-widget_type=\"spacer.default\">\n\t\t\t\t<div class=\"elementor-widget-container\">\n\t\t\t\t\t\t\t<div class=\"elementor-spacer\">\n\t\t\t<div class=\"elementor-spacer-inner\"><\/div>\n\t\t<\/div>\n\t\t\t\t\t\t<\/div>\n\t\t\t\t<\/div>\n\t\t\t\t<div class=\"elementor-element elementor-element-6275c8a elementor-widget elementor-widget-post-navigation\" data-id=\"6275c8a\" data-element_type=\"widget\" data-e-type=\"widget\" data-widget_type=\"post-navigation.default\">\n\t\t\t\t<div class=\"elementor-widget-container\">\n\t\t\t\t\t\t\t<div class=\"elementor-post-navigation\" role=\"navigation\" aria-label=\"Navigation de publication\">\n\t\t\t<div class=\"elementor-post-navigation__prev elementor-post-navigation__link\">\n\t\t\t\t<a href=\"https:\/\/secondsouffle.co\/index.php\/2020\/02\/27\/vendre-son-bien-seul-ou-en-agence-lagence-immobiliere-a-commission-fixe-est-elle-une-reelle-alternative-aux-agences-immobiliere-traditionnelles\/\" rel=\"prev\"><span class=\"post-navigation__arrow-wrapper post-navigation__arrow-prev\"><svg aria-hidden=\"true\" class=\"e-font-icon-svg e-fas-angle-left\" viewBox=\"0 0 256 512\" xmlns=\"http:\/\/www.w3.org\/2000\/svg\"><path d=\"M31.7 239l136-136c9.4-9.4 24.6-9.4 33.9 0l22.6 22.6c9.4 9.4 9.4 24.6 0 33.9L127.9 256l96.4 96.4c9.4 9.4 9.4 24.6 0 33.9L201.7 409c-9.4 9.4-24.6 9.4-33.9 0l-136-136c-9.5-9.4-9.5-24.6-.1-34z\"><\/path><\/svg><span class=\"elementor-screen-only\">Pr\u00e9c\u00e9dent<\/span><\/span><span class=\"elementor-post-navigation__link__prev\"><span class=\"post-navigation__prev--label\">Article Pr\u00e9c\u00e9dent<\/span><span class=\"post-navigation__prev--title\">L\u2019agence immobili\u00e8re \u00e0 commission fixe est-elle une alternative aux agences immobili\u00e8re traditionnelles ?<\/span><\/span><\/a>\t\t\t<\/div>\n\t\t\t\t\t\t<div class=\"elementor-post-navigation__next elementor-post-navigation__link\">\n\t\t\t\t<a href=\"https:\/\/secondsouffle.co\/index.php\/2020\/04\/01\/amenager-un-logement-senior\/\" rel=\"next\"><span class=\"elementor-post-navigation__link__next\"><span class=\"post-navigation__next--label\">Article Suivant<\/span><span class=\"post-navigation__next--title\">Am\u00e9nager un logement s\u00e9nior<\/span><\/span><span class=\"post-navigation__arrow-wrapper post-navigation__arrow-next\"><svg aria-hidden=\"true\" class=\"e-font-icon-svg e-fas-angle-right\" viewBox=\"0 0 256 512\" xmlns=\"http:\/\/www.w3.org\/2000\/svg\"><path d=\"M224.3 273l-136 136c-9.4 9.4-24.6 9.4-33.9 0l-22.6-22.6c-9.4-9.4-9.4-24.6 0-33.9l96.4-96.4-96.4-96.4c-9.4-9.4-9.4-24.6 0-33.9L54.3 103c9.4-9.4 24.6-9.4 33.9 0l136 136c9.5 9.4 9.5 24.6.1 34z\"><\/path><\/svg><span class=\"elementor-screen-only\">Suivant<\/span><\/span><\/a>\t\t\t<\/div>\n\t\t<\/div>\n\t\t\t\t\t\t<\/div>\n\t\t\t\t<\/div>\n\t\t\t\t<div class=\"elementor-element elementor-element-e306bf3 elementor-widget elementor-widget-spacer\" data-id=\"e306bf3\" data-element_type=\"widget\" data-e-type=\"widget\" data-widget_type=\"spacer.default\">\n\t\t\t\t<div class=\"elementor-widget-container\">\n\t\t\t\t\t\t\t<div class=\"elementor-spacer\">\n\t\t\t<div class=\"elementor-spacer-inner\"><\/div>\n\t\t<\/div>\n\t\t\t\t\t\t<\/div>\n\t\t\t\t<\/div>\n\t\t\t\t\t<\/div>\n\t\t<\/div>\n\t\t\t\t\t<\/div>\n\t\t<\/section>\n\t\t\t\t<section class=\"elementor-section elementor-top-section elementor-element elementor-element-4eb2ec9 elementor-section-boxed elementor-section-height-default elementor-section-height-default\" data-id=\"4eb2ec9\" data-element_type=\"section\" data-e-type=\"section\" data-settings=\"{&quot;_ha_eqh_enable&quot;:false}\">\n\t\t\t\t\t\t<div class=\"elementor-container elementor-column-gap-default\">\n\t\t\t\t\t<div class=\"elementor-column elementor-col-100 elementor-top-column elementor-element elementor-element-87dd33d\" data-id=\"87dd33d\" data-element_type=\"column\" data-e-type=\"column\">\n\t\t\t<div class=\"elementor-widget-wrap\">\n\t\t\t\t\t\t\t<\/div>\n\t\t<\/div>\n\t\t\t\t\t<\/div>\n\t\t<\/section>\n\t\t\t\t<\/div>\n\t\t","protected":false},"excerpt":{"rendered":"<p>Vous souhaitez effectuer des travaux de r\u00e9novation \u00e9nerg\u00e9tique, mais vous ne savez pas par quels travaux commencer ? Isolation des combles ou des murs, changement de chaudi\u00e8re ou encore remplacement des fen\u00eatres\u2026<\/p>\n","protected":false},"author":1,"featured_media":2463,"comment_status":"open","ping_status":"open","sticky":false,"template":"elementor_header_footer","format":"standard","meta":{"_monsterinsights_skip_tracking":false,"_monsterinsights_sitenote_active":false,"_monsterinsights_sitenote_note":"","_monsterinsights_sitenote_category":0,"footnotes":""},"categories":[1],"tags":[],"class_list":["post-1408","post","type-post","status-publish","format-standard","has-post-thumbnail","hentry","category-renovation"],"aioseo_notices":[],"amp_enabled":false,"_links":{"self":[{"href":"https:\/\/secondsouffle.co\/index.php\/wp-json\/wp\/v2\/posts\/1408","targetHints":{"allow":["GET"]}}],"collection":[{"href":"https:\/\/secondsouffle.co\/index.php\/wp-json\/wp\/v2\/posts"}],"about":[{"href":"https:\/\/secondsouffle.co\/index.php\/wp-json\/wp\/v2\/types\/post"}],"author":[{"embeddable":true,"href":"https:\/\/secondsouffle.co\/index.php\/wp-json\/wp\/v2\/users\/1"}],"replies":[{"embeddable":true,"href":"https:\/\/secondsouffle.co\/index.php\/wp-json\/wp\/v2\/comments?post=1408"}],"version-history":[{"count":0,"href":"https:\/\/secondsouffle.co\/index.php\/wp-json\/wp\/v2\/posts\/1408\/revisions"}],"wp:featuredmedia":[{"embeddable":true,"href":"https:\/\/secondsouffle.co\/index.php\/wp-json\/wp\/v2\/media\/2463"}],"wp:attachment":[{"href":"https:\/\/secondsouffle.co\/index.php\/wp-json\/wp\/v2\/media?parent=1408"}],"wp:term":[{"taxonomy":"category","embeddable":true,"href":"https:\/\/secondsouffle.co\/index.php\/wp-json\/wp\/v2\/categories?post=1408"},{"taxonomy":"post_tag","embeddable":true,"href":"https:\/\/secondsouffle.co\/index.php\/wp-json\/wp\/v2\/tags?post=1408"}],"curies":[{"name":"wp","href":"https:\/\/api.w.org\/{rel}","templated":true}]}}