{"id":15658,"date":"2021-12-20T11:46:14","date_gmt":"2021-12-20T10:46:14","guid":{"rendered":"https:\/\/secondsouffle.co\/?p=15658"},"modified":"2021-12-20T11:52:39","modified_gmt":"2021-12-20T10:52:39","slug":"comment-bien-choisir-votre-verriere-dinterieur","status":"publish","type":"post","link":"https:\/\/secondsouffle.co\/index.php\/2021\/12\/20\/comment-bien-choisir-votre-verriere-dinterieur\/","title":{"rendered":"Comment bien choisir votre verri\u00e8re d&rsquo;int\u00e9rieur ?"},"content":{"rendered":"\t\t<div data-elementor-type=\"wp-post\" data-elementor-id=\"15658\" class=\"elementor elementor-15658\" data-elementor-settings=\"{&quot;ha_cmc_init_switcher&quot;:&quot;no&quot;}\" data-elementor-post-type=\"post\">\n\t\t\t\t\t\t<section class=\"elementor-section elementor-top-section elementor-element elementor-element-12f64cb elementor-section-content-middle elementor-section-boxed elementor-section-height-default elementor-section-height-default\" data-id=\"12f64cb\" data-element_type=\"section\" data-e-type=\"section\" data-settings=\"{&quot;background_background&quot;:&quot;gradient&quot;,&quot;_ha_eqh_enable&quot;:false}\">\n\t\t\t\t\t\t\t<div class=\"elementor-background-overlay\"><\/div>\n\t\t\t\t\t\t\t<div class=\"elementor-container elementor-column-gap-no\">\n\t\t\t\t\t<div class=\"elementor-column elementor-col-100 elementor-top-column elementor-element elementor-element-c28cff5\" data-id=\"c28cff5\" data-element_type=\"column\" data-e-type=\"column\">\n\t\t\t<div class=\"elementor-widget-wrap elementor-element-populated\">\n\t\t\t\t\t\t<div class=\"elementor-element elementor-element-84e68e3 elementor-widget elementor-widget-heading\" data-id=\"84e68e3\" data-element_type=\"widget\" data-e-type=\"widget\" data-widget_type=\"heading.default\">\n\t\t\t\t<div class=\"elementor-widget-container\">\n\t\t\t\t\t<h1 class=\"elementor-heading-title elementor-size-default\">Comment bien choisir votre verri\u00e8re d'int\u00e9rieur ?<\/h1>\t\t\t\t<\/div>\n\t\t\t\t<\/div>\n\t\t\t\t<div class=\"elementor-element elementor-element-a66c58a elementor-mobile-align-center elementor-widget elementor-widget-post-info\" data-id=\"a66c58a\" data-element_type=\"widget\" data-e-type=\"widget\" data-widget_type=\"post-info.default\">\n\t\t\t\t<div class=\"elementor-widget-container\">\n\t\t\t\t\t\t\t<ul class=\"elementor-inline-items elementor-icon-list-items elementor-post-info\">\n\t\t\t\t\t\t\t\t<li class=\"elementor-icon-list-item elementor-repeater-item-b014cd4 elementor-inline-item\" itemprop=\"datePublished\">\n\t\t\t\t\t\t<a href=\"https:\/\/secondsouffle.co\/index.php\/2021\/12\/20\/\">\n\t\t\t\t\t\t\t\t\t\t\t<span class=\"elementor-icon-list-icon\">\n\t\t\t\t\t\t\t\t<svg aria-hidden=\"true\" class=\"e-font-icon-svg e-fas-calendar\" viewBox=\"0 0 448 512\" xmlns=\"http:\/\/www.w3.org\/2000\/svg\"><path d=\"M12 192h424c6.6 0 12 5.4 12 12v260c0 26.5-21.5 48-48 48H48c-26.5 0-48-21.5-48-48V204c0-6.6 5.4-12 12-12zm436-44v-36c0-26.5-21.5-48-48-48h-48V12c0-6.6-5.4-12-12-12h-40c-6.6 0-12 5.4-12 12v52H160V12c0-6.6-5.4-12-12-12h-40c-6.6 0-12 5.4-12 12v52H48C21.5 64 0 85.5 0 112v36c0 6.6 5.4 12 12 12h424c6.6 0 12-5.4 12-12z\"><\/path><\/svg>\t\t\t\t\t\t\t<\/span>\n\t\t\t\t\t\t\t\t\t<span class=\"elementor-icon-list-text elementor-post-info__item elementor-post-info__item--type-date\">\n\t\t\t\t\t\t\t\t\t\t<time>d\u00e9cembre 20, 2021<\/time>\t\t\t\t\t<\/span>\n\t\t\t\t\t\t\t\t\t<\/a>\n\t\t\t\t<\/li>\n\t\t\t\t<li class=\"elementor-icon-list-item elementor-repeater-item-4499c28 elementor-inline-item\">\n\t\t\t\t\t\t\t\t\t\t<span class=\"elementor-icon-list-icon\">\n\t\t\t\t\t\t\t\t<svg aria-hidden=\"true\" class=\"e-font-icon-svg e-far-clock\" viewBox=\"0 0 512 512\" xmlns=\"http:\/\/www.w3.org\/2000\/svg\"><path d=\"M256 8C119 8 8 119 8 256s111 248 248 248 248-111 248-248S393 8 256 8zm0 448c-110.5 0-200-89.5-200-200S145.5 56 256 56s200 89.5 200 200-89.5 200-200 200zm61.8-104.4l-84.9-61.7c-3.1-2.3-4.9-5.9-4.9-9.7V116c0-6.6 5.4-12 12-12h32c6.6 0 12 5.4 12 12v141.7l66.8 48.6c5.4 3.9 6.5 11.4 2.6 16.8L334.6 349c-3.9 5.3-11.4 6.5-16.8 2.6z\"><\/path><\/svg>\t\t\t\t\t\t\t<\/span>\n\t\t\t\t\t\t\t\t\t<span class=\"elementor-icon-list-text elementor-post-info__item elementor-post-info__item--type-time\">\n\t\t\t\t\t\t\t\t\t\t<time>11:46 am<\/time>\t\t\t\t\t<\/span>\n\t\t\t\t\t\t\t\t<\/li>\n\t\t\t\t<li class=\"elementor-icon-list-item elementor-repeater-item-9026d4d elementor-inline-item\">\n\t\t\t\t\t\t\t\t\t\t<span class=\"elementor-icon-list-icon\">\n\t\t\t\t\t\t\t\t<svg aria-hidden=\"true\" class=\"e-font-icon-svg e-far-user\" viewBox=\"0 0 448 512\" xmlns=\"http:\/\/www.w3.org\/2000\/svg\"><path d=\"M313.6 304c-28.7 0-42.5 16-89.6 16-47.1 0-60.8-16-89.6-16C60.2 304 0 364.2 0 438.4V464c0 26.5 21.5 48 48 48h352c26.5 0 48-21.5 48-48v-25.6c0-74.2-60.2-134.4-134.4-134.4zM400 464H48v-25.6c0-47.6 38.8-86.4 86.4-86.4 14.6 0 38.3 16 89.6 16 51.7 0 74.9-16 89.6-16 47.6 0 86.4 38.8 86.4 86.4V464zM224 288c79.5 0 144-64.5 144-144S303.5 0 224 0 80 64.5 80 144s64.5 144 144 144zm0-240c52.9 0 96 43.1 96 96s-43.1 96-96 96-96-43.1-96-96 43.1-96 96-96z\"><\/path><\/svg>\t\t\t\t\t\t\t<\/span>\n\t\t\t\t\t\t\t\t\t<span class=\"elementor-icon-list-text elementor-post-info__item elementor-post-info__item--type-custom\">\n\t\t\t\t\t\t\t\t\t\tCamille Caire\t\t\t\t\t<\/span>\n\t\t\t\t\t\t\t\t<\/li>\n\t\t\t\t<li class=\"elementor-icon-list-item elementor-repeater-item-cfc54d4 elementor-inline-item\" itemprop=\"about\">\n\t\t\t\t\t\t\t\t\t\t<span class=\"elementor-icon-list-icon\">\n\t\t\t\t\t\t\t\t<svg aria-hidden=\"true\" class=\"e-font-icon-svg e-fas-tags\" viewBox=\"0 0 640 512\" xmlns=\"http:\/\/www.w3.org\/2000\/svg\"><path d=\"M497.941 225.941L286.059 14.059A48 48 0 0 0 252.118 0H48C21.49 0 0 21.49 0 48v204.118a48 48 0 0 0 14.059 33.941l211.882 211.882c18.744 18.745 49.136 18.746 67.882 0l204.118-204.118c18.745-18.745 18.745-49.137 0-67.882zM112 160c-26.51 0-48-21.49-48-48s21.49-48 48-48 48 21.49 48 48-21.49 48-48 48zm513.941 133.823L421.823 497.941c-18.745 18.745-49.137 18.745-67.882 0l-.36-.36L527.64 323.522c16.999-16.999 26.36-39.6 26.36-63.64s-9.362-46.641-26.36-63.64L331.397 0h48.721a48 48 0 0 1 33.941 14.059l211.882 211.882c18.745 18.745 18.745 49.137 0 67.882z\"><\/path><\/svg>\t\t\t\t\t\t\t<\/span>\n\t\t\t\t\t\t\t\t\t<span class=\"elementor-icon-list-text elementor-post-info__item elementor-post-info__item--type-terms\">\n\t\t\t\t\t\t\t\t\t\t<span class=\"elementor-post-info__terms-list\">\n\t\t\t\t<a href=\"https:\/\/secondsouffle.co\/index.php\/category\/architecture-et-amenagement-interieur\/\" class=\"elementor-post-info__terms-list-item\">Architecture et am\u00e9nagement d&#039;int\u00e9rieur<\/a>\t\t\t\t<\/span>\n\t\t\t\t\t<\/span>\n\t\t\t\t\t\t\t\t<\/li>\n\t\t\t\t<\/ul>\n\t\t\t\t\t\t<\/div>\n\t\t\t\t<\/div>\n\t\t\t\t\t<\/div>\n\t\t<\/div>\n\t\t\t\t\t<\/div>\n\t\t<\/section>\n\t\t\t\t<section class=\"elementor-section elementor-top-section elementor-element elementor-element-8c0a9df elementor-section-boxed elementor-section-height-default elementor-section-height-default\" data-id=\"8c0a9df\" data-element_type=\"section\" data-e-type=\"section\" data-settings=\"{&quot;_ha_eqh_enable&quot;:false}\">\n\t\t\t\t\t\t<div class=\"elementor-container elementor-column-gap-default\">\n\t\t\t\t\t<div class=\"elementor-column elementor-col-100 elementor-top-column elementor-element elementor-element-bfd61b0\" data-id=\"bfd61b0\" data-element_type=\"column\" data-e-type=\"column\">\n\t\t\t<div class=\"elementor-widget-wrap elementor-element-populated\">\n\t\t\t\t\t\t<div class=\"elementor-element elementor-element-6285f0a elementor-widget elementor-widget-theme-post-featured-image elementor-widget-image\" data-id=\"6285f0a\" data-element_type=\"widget\" data-e-type=\"widget\" data-widget_type=\"theme-post-featured-image.default\">\n\t\t\t\t<div class=\"elementor-widget-container\">\n\t\t\t\t\t\t\t\t\t\t\t\t\t\t\t<img decoding=\"async\" src=\"https:\/\/secondsouffle.co\/wp-content\/uploads\/elementor\/thumbs\/verriere-interieur-paris.-phsfj8p4zs45woh0y6hzefgptaz2v9kp4e0cex3wy0.jpg\" title=\"View from the living room to the interior of the white bedroom in the attic with parquet flooring. The vertical poster above the bed located between the lamps and a stool with plants.\" alt=\"3d render\" loading=\"lazy\" \/>\t\t\t\t\t\t\t\t\t\t\t\t\t\t\t<\/div>\n\t\t\t\t<\/div>\n\t\t\t\t\t<\/div>\n\t\t<\/div>\n\t\t\t\t\t<\/div>\n\t\t<\/section>\n\t\t\t\t<section class=\"elementor-section elementor-top-section elementor-element elementor-element-1232b9e elementor-section-boxed elementor-section-height-default elementor-section-height-default\" data-id=\"1232b9e\" data-element_type=\"section\" data-e-type=\"section\" data-settings=\"{&quot;_ha_eqh_enable&quot;:false}\">\n\t\t\t\t\t\t<div class=\"elementor-container elementor-column-gap-default\">\n\t\t\t\t\t<div class=\"elementor-column elementor-col-100 elementor-top-column elementor-element elementor-element-fa121a6\" data-id=\"fa121a6\" data-element_type=\"column\" data-e-type=\"column\">\n\t\t\t<div class=\"elementor-widget-wrap elementor-element-populated\">\n\t\t\t\t\t\t<div class=\"elementor-element elementor-element-55ea867 elementor-widget elementor-widget-spacer\" data-id=\"55ea867\" data-element_type=\"widget\" data-e-type=\"widget\" data-widget_type=\"spacer.default\">\n\t\t\t\t<div class=\"elementor-widget-container\">\n\t\t\t\t\t\t\t<div class=\"elementor-spacer\">\n\t\t\t<div class=\"elementor-spacer-inner\"><\/div>\n\t\t<\/div>\n\t\t\t\t\t\t<\/div>\n\t\t\t\t<\/div>\n\t\t\t\t\t<\/div>\n\t\t<\/div>\n\t\t\t\t\t<\/div>\n\t\t<\/section>\n\t\t\t\t<section class=\"elementor-section elementor-top-section elementor-element elementor-element-089c51c elementor-section-boxed elementor-section-height-default elementor-section-height-default\" data-id=\"089c51c\" data-element_type=\"section\" data-e-type=\"section\" data-settings=\"{&quot;_ha_eqh_enable&quot;:false}\">\n\t\t\t\t\t\t<div class=\"elementor-container elementor-column-gap-default\">\n\t\t\t\t\t<div class=\"elementor-column elementor-col-100 elementor-top-column elementor-element elementor-element-61eb756\" data-id=\"61eb756\" data-element_type=\"column\" data-e-type=\"column\">\n\t\t\t<div class=\"elementor-widget-wrap elementor-element-populated\">\n\t\t\t\t\t\t<div class=\"elementor-element elementor-element-208760e elementor-widget elementor-widget-text-editor\" data-id=\"208760e\" data-element_type=\"widget\" data-e-type=\"widget\" data-widget_type=\"text-editor.default\">\n\t\t\t\t<div class=\"elementor-widget-container\">\n\t\t\t\t\t\t\t\t\t<p>La verri\u00e8re est un accessoire tr\u00e8s pris\u00e9 dans le domaine de la d\u00e9coration int\u00e9rieure. Que ce soit du style loft ou style atelier d\u2019artiste, cet \u00e9l\u00e9ment apporte une touche originale \u00e0 votre pi\u00e8ce tout en optimisant le rendu visuel. En outre, la verri\u00e8re int\u00e9rieure permet de cloisonner ou s\u00e9parer les espaces sans perdre en convivialit\u00e9. Cependant, face \u00e0 la multiplicit\u00e9 des mod\u00e8les et marques sur le march\u00e9, le choix de la meilleure verri\u00e8re int\u00e9rieure peut devenir une t\u00e2che difficile. Il n\u2019est pas rare de rencontrer des acheteurs qui regrettent leur choix simplement parce qu\u2019ils n\u2019ont pas tenu compte de certains d\u00e9tails. Pour parvenir \u00e0 d\u00e9nicher l\u2019accessoire qui r\u00e9pond \u00e0 vos besoins et \u00e0 vos pr\u00e9f\u00e9rences, voici les aspects techniques \u00e0 scruter minutieusement.<\/p>\t\t\t\t\t\t\t\t<\/div>\n\t\t\t\t<\/div>\n\t\t\t\t<div class=\"elementor-element elementor-element-4db6fe4 elementor-widget-divider--view-line elementor-widget elementor-widget-divider\" data-id=\"4db6fe4\" data-element_type=\"widget\" data-e-type=\"widget\" data-widget_type=\"divider.default\">\n\t\t\t\t<div class=\"elementor-widget-container\">\n\t\t\t\t\t\t\t<div class=\"elementor-divider\">\n\t\t\t<span class=\"elementor-divider-separator\">\n\t\t\t\t\t\t<\/span>\n\t\t<\/div>\n\t\t\t\t\t\t<\/div>\n\t\t\t\t<\/div>\n\t\t\t\t<div class=\"elementor-element elementor-element-479bf0a elementor-widget elementor-widget-heading\" data-id=\"479bf0a\" data-element_type=\"widget\" data-e-type=\"widget\" data-widget_type=\"heading.default\">\n\t\t\t\t<div class=\"elementor-widget-container\">\n\t\t\t\t\t<h2 class=\"elementor-heading-title elementor-size-default\">La mati\u00e8re de conception<\/h2>\t\t\t\t<\/div>\n\t\t\t\t<\/div>\n\t\t\t\t<div class=\"elementor-element elementor-element-0635c41 elementor-widget elementor-widget-text-editor\" data-id=\"0635c41\" data-element_type=\"widget\" data-e-type=\"widget\" data-widget_type=\"text-editor.default\">\n\t\t\t\t<div class=\"elementor-widget-container\">\n\t\t\t\t\t\t\t\t\t<p>La\u00a0<strong>mati\u00e8re de fabrication<\/strong>\u00a0est bien entendu le premier crit\u00e8re sur lequel vous devez vous pencher lorsque vous devez choisir un mod\u00e8le de verri\u00e8re d&rsquo;int\u00e9rieur. Cela consiste \u00e0 v\u00e9rifier si l\u2019accessoire est suffisamment\u00a0<strong>robuste<\/strong>\u00a0ou solide pour l\u2019utilisation que vous voulez en faire. De plus, il est important de vous assurer que les mat\u00e9riaux utilis\u00e9s pour la conception de la verri\u00e8re peuvent bien correspondre avec votre\u00a0<strong>d\u00e9coration int\u00e9rieure<\/strong>. En effet, cet accessoire est fabriqu\u00e9 essentiellement en trois mati\u00e8res. Il s\u2019agit de l\u2019acier, de l\u2019aluminium et du bois. Chacune d\u2019elles a ses avantages et ses inconv\u00e9nients.<\/p>\t\t\t\t\t\t\t\t<\/div>\n\t\t\t\t<\/div>\n\t\t\t\t<div class=\"elementor-element elementor-element-53c91f5 elementor-widget elementor-widget-spacer\" data-id=\"53c91f5\" data-element_type=\"widget\" data-e-type=\"widget\" data-widget_type=\"spacer.default\">\n\t\t\t\t<div class=\"elementor-widget-container\">\n\t\t\t\t\t\t\t<div class=\"elementor-spacer\">\n\t\t\t<div class=\"elementor-spacer-inner\"><\/div>\n\t\t<\/div>\n\t\t\t\t\t\t<\/div>\n\t\t\t\t<\/div>\n\t\t\t\t\t<\/div>\n\t\t<\/div>\n\t\t\t\t\t<\/div>\n\t\t<\/section>\n\t\t\t\t<section class=\"elementor-section elementor-top-section elementor-element elementor-element-f41efb8 elementor-section-boxed elementor-section-height-default elementor-section-height-default\" data-id=\"f41efb8\" data-element_type=\"section\" data-e-type=\"section\" data-settings=\"{&quot;_ha_eqh_enable&quot;:false}\">\n\t\t\t\t\t\t<div class=\"elementor-container elementor-column-gap-default\">\n\t\t\t\t\t<div class=\"elementor-column elementor-col-50 elementor-top-column elementor-element elementor-element-04e5384\" data-id=\"04e5384\" data-element_type=\"column\" data-e-type=\"column\">\n\t\t\t<div class=\"elementor-widget-wrap elementor-element-populated\">\n\t\t\t\t\t\t<div class=\"elementor-element elementor-element-e6c3714 elementor-widget elementor-widget-heading\" data-id=\"e6c3714\" data-element_type=\"widget\" data-e-type=\"widget\" data-widget_type=\"heading.default\">\n\t\t\t\t<div class=\"elementor-widget-container\">\n\t\t\t\t\t<h3 class=\"elementor-heading-title elementor-size-default\">La verri\u00e8re en bois<\/h3>\t\t\t\t<\/div>\n\t\t\t\t<\/div>\n\t\t\t\t<div class=\"elementor-element elementor-element-265fd74 elementor-widget elementor-widget-text-editor\" data-id=\"265fd74\" data-element_type=\"widget\" data-e-type=\"widget\" data-widget_type=\"text-editor.default\">\n\t\t\t\t<div class=\"elementor-widget-container\">\n\t\t\t\t\t\t\t\t\t<p>Ce mod\u00e8le de verri\u00e8re a une excellente notori\u00e9t\u00e9 dans le domaine de la d\u00e9coration int\u00e9rieure. Le\u00a0<strong>bois<\/strong>\u00a0est une mati\u00e8re noble et tr\u00e8s polyvalente puisqu&rsquo;elle s\u2019int\u00e8gre naturellement ou s\u2019associe avec beaucoup de styles de d\u00e9coration. La verri\u00e8re en bois apporte un style plus chaleureux \u00e0 votre pi\u00e8ce. L\u2019autre caract\u00e9ristique majeure de ce mod\u00e8le est sa\u00a0<strong>robustesse<\/strong>\u00a0ou sa solidit\u00e9. En effet, les verri\u00e8res en bois offrent une\u00a0<strong>r\u00e9sistance<\/strong>\u00a0optimale aux chocs. Cependant, il faut noter que cette verri\u00e8re est moins robuste que la verri\u00e8re en acier. Par cons\u00e9quent, ce mod\u00e8le ne convient pas \u00e0 un projet aux dimensions tr\u00e8s importantes.<\/p>\t\t\t\t\t\t\t\t<\/div>\n\t\t\t\t<\/div>\n\t\t\t\t<div class=\"elementor-element elementor-element-c3ca048 elementor-widget elementor-widget-spacer\" data-id=\"c3ca048\" data-element_type=\"widget\" data-e-type=\"widget\" data-widget_type=\"spacer.default\">\n\t\t\t\t<div class=\"elementor-widget-container\">\n\t\t\t\t\t\t\t<div class=\"elementor-spacer\">\n\t\t\t<div class=\"elementor-spacer-inner\"><\/div>\n\t\t<\/div>\n\t\t\t\t\t\t<\/div>\n\t\t\t\t<\/div>\n\t\t\t\t\t<\/div>\n\t\t<\/div>\n\t\t\t\t<div class=\"elementor-column elementor-col-50 elementor-top-column elementor-element elementor-element-b412ef8\" data-id=\"b412ef8\" data-element_type=\"column\" data-e-type=\"column\">\n\t\t\t<div class=\"elementor-widget-wrap elementor-element-populated\">\n\t\t\t\t\t\t<div class=\"elementor-element elementor-element-6e59586 elementor-widget elementor-widget-image\" data-id=\"6e59586\" data-element_type=\"widget\" data-e-type=\"widget\" data-widget_type=\"image.default\">\n\t\t\t\t<div class=\"elementor-widget-container\">\n\t\t\t\t\t\t\t\t\t\t\t\t<figure class=\"wp-caption\">\n\t\t\t\t\t\t\t\t\t\t<img decoding=\"async\" src=\"https:\/\/secondsouffle.co\/wp-content\/uploads\/elementor\/thumbs\/verriere-bois-phsfe6c5788bg7t65iof92852yj872b4s13y87l0mo.jpg\" title=\"verriere-bois\" alt=\"verriere-bois\" loading=\"lazy\" \/>\t\t\t\t\t\t\t\t\t\t\t<figcaption class=\"widget-image-caption wp-caption-text\">Source : Pinterest<\/figcaption>\n\t\t\t\t\t\t\t\t\t\t<\/figure>\n\t\t\t\t\t\t\t\t\t<\/div>\n\t\t\t\t<\/div>\n\t\t\t\t\t<\/div>\n\t\t<\/div>\n\t\t\t\t\t<\/div>\n\t\t<\/section>\n\t\t\t\t<section class=\"elementor-section elementor-top-section elementor-element elementor-element-f1f4d96 elementor-section-boxed elementor-section-height-default elementor-section-height-default\" data-id=\"f1f4d96\" data-element_type=\"section\" data-e-type=\"section\" data-settings=\"{&quot;_ha_eqh_enable&quot;:false}\">\n\t\t\t\t\t\t<div class=\"elementor-container elementor-column-gap-default\">\n\t\t\t\t\t<div class=\"elementor-column elementor-col-50 elementor-top-column elementor-element elementor-element-45da3c9\" data-id=\"45da3c9\" data-element_type=\"column\" data-e-type=\"column\">\n\t\t\t<div class=\"elementor-widget-wrap elementor-element-populated\">\n\t\t\t\t\t\t<div class=\"elementor-element elementor-element-865f2da elementor-widget elementor-widget-spacer\" data-id=\"865f2da\" data-element_type=\"widget\" data-e-type=\"widget\" data-widget_type=\"spacer.default\">\n\t\t\t\t<div class=\"elementor-widget-container\">\n\t\t\t\t\t\t\t<div class=\"elementor-spacer\">\n\t\t\t<div class=\"elementor-spacer-inner\"><\/div>\n\t\t<\/div>\n\t\t\t\t\t\t<\/div>\n\t\t\t\t<\/div>\n\t\t\t\t<div class=\"elementor-element elementor-element-782e303 elementor-widget elementor-widget-image\" data-id=\"782e303\" data-element_type=\"widget\" data-e-type=\"widget\" data-widget_type=\"image.default\">\n\t\t\t\t<div class=\"elementor-widget-container\">\n\t\t\t\t\t\t\t\t\t\t\t\t<figure class=\"wp-caption\">\n\t\t\t\t\t\t\t\t\t\t<img decoding=\"async\" src=\"https:\/\/secondsouffle.co\/wp-content\/uploads\/elementor\/thumbs\/verriere-aluminium-phsfe0p4280lik1d2g8nu3ndinb0wvoqr971cjtdo0.jpg\" title=\"verriere-aluminium\" alt=\"verriere-aluminium\" loading=\"lazy\" \/>\t\t\t\t\t\t\t\t\t\t\t<figcaption class=\"widget-image-caption wp-caption-text\">Source : Leroy Merlin<\/figcaption>\n\t\t\t\t\t\t\t\t\t\t<\/figure>\n\t\t\t\t\t\t\t\t\t<\/div>\n\t\t\t\t<\/div>\n\t\t\t\t\t<\/div>\n\t\t<\/div>\n\t\t\t\t<div class=\"elementor-column elementor-col-50 elementor-top-column elementor-element elementor-element-c6249b4\" data-id=\"c6249b4\" data-element_type=\"column\" data-e-type=\"column\">\n\t\t\t<div class=\"elementor-widget-wrap elementor-element-populated\">\n\t\t\t\t\t\t<div class=\"elementor-element elementor-element-e83f92c elementor-widget elementor-widget-spacer\" data-id=\"e83f92c\" data-element_type=\"widget\" data-e-type=\"widget\" data-widget_type=\"spacer.default\">\n\t\t\t\t<div class=\"elementor-widget-container\">\n\t\t\t\t\t\t\t<div class=\"elementor-spacer\">\n\t\t\t<div class=\"elementor-spacer-inner\"><\/div>\n\t\t<\/div>\n\t\t\t\t\t\t<\/div>\n\t\t\t\t<\/div>\n\t\t\t\t<div class=\"elementor-element elementor-element-ec3413b elementor-widget elementor-widget-heading\" data-id=\"ec3413b\" data-element_type=\"widget\" data-e-type=\"widget\" data-widget_type=\"heading.default\">\n\t\t\t\t<div class=\"elementor-widget-container\">\n\t\t\t\t\t<h3 class=\"elementor-heading-title elementor-size-default\">La verri\u00e8re en aluminium<\/h3>\t\t\t\t<\/div>\n\t\t\t\t<\/div>\n\t\t\t\t<div class=\"elementor-element elementor-element-b72a34a elementor-widget elementor-widget-text-editor\" data-id=\"b72a34a\" data-element_type=\"widget\" data-e-type=\"widget\" data-widget_type=\"text-editor.default\">\n\t\t\t\t<div class=\"elementor-widget-container\">\n\t\t\t\t\t\t\t\t\t<p>L\u2019<strong>aluminium\u00a0<\/strong>est une mati\u00e8re qui apporte de la l\u00e9g\u00e8ret\u00e9 et de la souplesse \u00e0 l\u2019accessoire. \u00c0 cet effet, sa pose ne n\u00e9cessite pas l\u2019intervention d\u2019un professionnel. Si vous \u00eates un bricoleur, vous n\u2019aurez aucune difficult\u00e9 \u00e0 l\u2019installer vous-m\u00eame. Outre cet aspect, il faut pr\u00e9ciser que la verri\u00e8re en aluminium a aussi une\u00a0<strong>dur\u00e9e de vie<\/strong>\u00a0assez longue.<\/p><p>Cependant, elle pr\u00e9sente quelques points n\u00e9gatifs. Les verri\u00e8res en aluminium disposent g\u00e9n\u00e9ralement des montants plus larges. Par cons\u00e9quent, elles sont moins esth\u00e9tiques que les mod\u00e8les en fer forg\u00e9 ou en acier artisanal. De plus, elles ont une taille standardis\u00e9e et ne sont donc pas con\u00e7ues sur-mesure. Elles ne peuvent pas \u00eatre utilis\u00e9es pour l&rsquo;ex\u00e9cution de certains travaux comme la\u00a0<strong>r\u00e9novation partielle<\/strong>.<\/p>\t\t\t\t\t\t\t\t<\/div>\n\t\t\t\t<\/div>\n\t\t\t\t<div class=\"elementor-element elementor-element-d55cf3a elementor-widget elementor-widget-spacer\" data-id=\"d55cf3a\" data-element_type=\"widget\" data-e-type=\"widget\" data-widget_type=\"spacer.default\">\n\t\t\t\t<div class=\"elementor-widget-container\">\n\t\t\t\t\t\t\t<div class=\"elementor-spacer\">\n\t\t\t<div class=\"elementor-spacer-inner\"><\/div>\n\t\t<\/div>\n\t\t\t\t\t\t<\/div>\n\t\t\t\t<\/div>\n\t\t\t\t\t<\/div>\n\t\t<\/div>\n\t\t\t\t\t<\/div>\n\t\t<\/section>\n\t\t\t\t<section class=\"elementor-section elementor-top-section elementor-element elementor-element-b856847 elementor-section-boxed elementor-section-height-default elementor-section-height-default\" data-id=\"b856847\" data-element_type=\"section\" data-e-type=\"section\" data-settings=\"{&quot;_ha_eqh_enable&quot;:false}\">\n\t\t\t\t\t\t<div class=\"elementor-container elementor-column-gap-default\">\n\t\t\t\t\t<div class=\"elementor-column elementor-col-50 elementor-top-column elementor-element elementor-element-80662ad\" data-id=\"80662ad\" data-element_type=\"column\" data-e-type=\"column\">\n\t\t\t<div class=\"elementor-widget-wrap elementor-element-populated\">\n\t\t\t\t\t\t<div class=\"elementor-element elementor-element-ca7a906 elementor-widget elementor-widget-spacer\" data-id=\"ca7a906\" data-element_type=\"widget\" data-e-type=\"widget\" data-widget_type=\"spacer.default\">\n\t\t\t\t<div class=\"elementor-widget-container\">\n\t\t\t\t\t\t\t<div class=\"elementor-spacer\">\n\t\t\t<div class=\"elementor-spacer-inner\"><\/div>\n\t\t<\/div>\n\t\t\t\t\t\t<\/div>\n\t\t\t\t<\/div>\n\t\t\t\t<div class=\"elementor-element elementor-element-7a5ffc8 elementor-widget elementor-widget-heading\" data-id=\"7a5ffc8\" data-element_type=\"widget\" data-e-type=\"widget\" data-widget_type=\"heading.default\">\n\t\t\t\t<div class=\"elementor-widget-container\">\n\t\t\t\t\t<h3 class=\"elementor-heading-title elementor-size-default\">La verri\u00e8re en acier<\/h3>\t\t\t\t<\/div>\n\t\t\t\t<\/div>\n\t\t\t\t<div class=\"elementor-element elementor-element-282ae9a elementor-widget elementor-widget-text-editor\" data-id=\"282ae9a\" data-element_type=\"widget\" data-e-type=\"widget\" data-widget_type=\"text-editor.default\">\n\t\t\t\t<div class=\"elementor-widget-container\">\n\t\t\t\t\t\t\t\t\t<p>L\u2019<strong>acier<\/strong>\u00a0est une mati\u00e8re tr\u00e8s performante et robuste. Contrairement \u00e0 l\u2019aluminium, il permet d\u2019avoir des montants\u00a0<strong>plus fins<\/strong>. C\u2019est un aspect tr\u00e8s important \u00e0 prendre en compte surtout si vous manquez de lumi\u00e8re dans la pi\u00e8ce. En outre, les verri\u00e8res en acier sont fabriqu\u00e9es et mont\u00e9es en atelier avec des produits soud\u00e9s entre eux. Con\u00e7u donc \u00e0 la base du style \u00ab atelier d\u2019artiste \u00bb, ce mod\u00e8le pr\u00e9sente un look traditionnel.<\/p>\t\t\t\t\t\t\t\t<\/div>\n\t\t\t\t<\/div>\n\t\t\t\t\t<\/div>\n\t\t<\/div>\n\t\t\t\t<div class=\"elementor-column elementor-col-50 elementor-top-column elementor-element elementor-element-eae5ae5\" data-id=\"eae5ae5\" data-element_type=\"column\" data-e-type=\"column\">\n\t\t\t<div class=\"elementor-widget-wrap elementor-element-populated\">\n\t\t\t\t\t\t<div class=\"elementor-element elementor-element-acd4495 elementor-widget elementor-widget-spacer\" data-id=\"acd4495\" data-element_type=\"widget\" data-e-type=\"widget\" data-widget_type=\"spacer.default\">\n\t\t\t\t<div class=\"elementor-widget-container\">\n\t\t\t\t\t\t\t<div class=\"elementor-spacer\">\n\t\t\t<div class=\"elementor-spacer-inner\"><\/div>\n\t\t<\/div>\n\t\t\t\t\t\t<\/div>\n\t\t\t\t<\/div>\n\t\t\t\t<div class=\"elementor-element elementor-element-9ba308d elementor-widget elementor-widget-image\" data-id=\"9ba308d\" data-element_type=\"widget\" data-e-type=\"widget\" data-widget_type=\"image.default\">\n\t\t\t\t<div class=\"elementor-widget-container\">\n\t\t\t\t\t\t\t\t\t\t\t\t<figure class=\"wp-caption\">\n\t\t\t\t\t\t\t\t\t\t<img decoding=\"async\" src=\"https:\/\/secondsouffle.co\/wp-content\/uploads\/elementor\/thumbs\/verriere-acier-phsfdu48qdrl9aax4ve9unb5cy7gezymecmmzm34vk.jpg\" title=\"verriere-acier\" alt=\"verriere-acier\" loading=\"lazy\" \/>\t\t\t\t\t\t\t\t\t\t\t<figcaption class=\"widget-image-caption wp-caption-text\">Source : Pinterest<\/figcaption>\n\t\t\t\t\t\t\t\t\t\t<\/figure>\n\t\t\t\t\t\t\t\t\t<\/div>\n\t\t\t\t<\/div>\n\t\t\t\t\t<\/div>\n\t\t<\/div>\n\t\t\t\t\t<\/div>\n\t\t<\/section>\n\t\t\t\t<section class=\"elementor-section elementor-top-section elementor-element elementor-element-e8311bd elementor-section-boxed elementor-section-height-default elementor-section-height-default\" data-id=\"e8311bd\" data-element_type=\"section\" data-e-type=\"section\" data-settings=\"{&quot;_ha_eqh_enable&quot;:false}\">\n\t\t\t\t\t\t<div class=\"elementor-container elementor-column-gap-default\">\n\t\t\t\t\t<div class=\"elementor-column elementor-col-100 elementor-top-column elementor-element elementor-element-f79ae80\" data-id=\"f79ae80\" data-element_type=\"column\" data-e-type=\"column\">\n\t\t\t<div class=\"elementor-widget-wrap elementor-element-populated\">\n\t\t\t\t\t\t<div class=\"elementor-element elementor-element-9c39df0 elementor-widget elementor-widget-spacer\" data-id=\"9c39df0\" data-element_type=\"widget\" data-e-type=\"widget\" data-widget_type=\"spacer.default\">\n\t\t\t\t<div class=\"elementor-widget-container\">\n\t\t\t\t\t\t\t<div class=\"elementor-spacer\">\n\t\t\t<div class=\"elementor-spacer-inner\"><\/div>\n\t\t<\/div>\n\t\t\t\t\t\t<\/div>\n\t\t\t\t<\/div>\n\t\t\t\t<div class=\"elementor-element elementor-element-47be2c5 elementor-widget elementor-widget-heading\" data-id=\"47be2c5\" data-element_type=\"widget\" data-e-type=\"widget\" data-widget_type=\"heading.default\">\n\t\t\t\t<div class=\"elementor-widget-container\">\n\t\t\t\t\t<h2 class=\"elementor-heading-title elementor-size-default\">Le style voulu<\/h2>\t\t\t\t<\/div>\n\t\t\t\t<\/div>\n\t\t\t\t<div class=\"elementor-element elementor-element-364a35d elementor-widget elementor-widget-text-editor\" data-id=\"364a35d\" data-element_type=\"widget\" data-e-type=\"widget\" data-widget_type=\"text-editor.default\">\n\t\t\t\t<div class=\"elementor-widget-container\">\n\t\t\t\t\t\t\t\t\t<p>Il existe essentiellement deux styles de verri\u00e8res. Il s\u2019agit de la verri\u00e8re \u00ab atelier d\u2019artiste \u00bb et la verri\u00e8re style soft. Avant tout, sachez qu\u2019\u00e0 chaque d\u00e9co, son style de verri\u00e8re. En d\u2019autres termes, le choix du style de sa verri\u00e8re d\u00e9pend de sa d\u00e9coration int\u00e9rieure.<\/p>\t\t\t\t\t\t\t\t<\/div>\n\t\t\t\t<\/div>\n\t\t\t\t\t<\/div>\n\t\t<\/div>\n\t\t\t\t\t<\/div>\n\t\t<\/section>\n\t\t\t\t<section class=\"elementor-section elementor-top-section elementor-element elementor-element-59bad11 elementor-section-boxed elementor-section-height-default elementor-section-height-default\" data-id=\"59bad11\" data-element_type=\"section\" data-e-type=\"section\" data-settings=\"{&quot;_ha_eqh_enable&quot;:false}\">\n\t\t\t\t\t\t<div class=\"elementor-container elementor-column-gap-default\">\n\t\t\t\t\t<div class=\"elementor-column elementor-col-100 elementor-top-column elementor-element elementor-element-c7546e0\" data-id=\"c7546e0\" data-element_type=\"column\" data-e-type=\"column\">\n\t\t\t<div class=\"elementor-widget-wrap elementor-element-populated\">\n\t\t\t\t\t\t<div class=\"elementor-element elementor-element-4f6ee4e elementor-widget elementor-widget-heading\" data-id=\"4f6ee4e\" data-element_type=\"widget\" data-e-type=\"widget\" data-widget_type=\"heading.default\">\n\t\t\t\t<div class=\"elementor-widget-container\">\n\t\t\t\t\t<h3 class=\"elementor-heading-title elementor-size-default\">La verri\u00e8re atelier d\u2019artiste<\/h3>\t\t\t\t<\/div>\n\t\t\t\t<\/div>\n\t\t\t\t<div class=\"elementor-element elementor-element-9f346a5 elementor-widget elementor-widget-text-editor\" data-id=\"9f346a5\" data-element_type=\"widget\" data-e-type=\"widget\" data-widget_type=\"text-editor.default\">\n\t\t\t\t<div class=\"elementor-widget-container\">\n\t\t\t\t\t\t\t\t\t<p>Tr\u00e8s tendance aujourd\u2019hui, la verri\u00e8re \u00ab\u00a0<strong>atelier artiste<\/strong>\u00a0\u00bb apporte plus de charme \u00e0 un espace. Pouvant \u00eatre utilis\u00e9e entre le salon et la cuisine ou entre l\u2019entr\u00e9e et les chambres, ce style permet d\u2019a\u00e9rer visuellement les pi\u00e8ces sans diminuer les espaces. Traditionnellement con\u00e7u en acier, le style \u00ab atelier d\u2019artiste \u00bb vous offre plus de\u00a0<strong>possibilit\u00e9s de cr\u00e9ations<\/strong>. Si vous avez envie d\u2019apporter une touche originale \u00e0 votre int\u00e9rieur, privil\u00e9giez un mod\u00e8le en acier galvanis\u00e9, d\u2019apparence mate. Il structure id\u00e9alement l\u2019ensemble de la pi\u00e8ce et lui donne un look moderne et zen.<\/p><p>Par contre, si vous pr\u00e9f\u00e9rez un effet plus doux et chaleureux, vous pouvez opter pour un mod\u00e8le en acier corten. Vous souhaitez avoir un luminaire stylis\u00e9 aux accents dor\u00e9s qui attirent le regard des visiteurs ? Optez pour l\u2019<strong>acier brut<\/strong>. Il est \u00e9galement possible de choisir une couleur identique \u00e0 celle des pi\u00e8ces (murs) afin d\u2019int\u00e9grer plus discr\u00e8tement la verri\u00e8re \u00e0 l\u2019ensemble du d\u00e9cor.<\/p>\t\t\t\t\t\t\t\t<\/div>\n\t\t\t\t<\/div>\n\t\t\t\t<div class=\"elementor-element elementor-element-c1a4061 elementor-widget elementor-widget-spacer\" data-id=\"c1a4061\" data-element_type=\"widget\" data-e-type=\"widget\" data-widget_type=\"spacer.default\">\n\t\t\t\t<div class=\"elementor-widget-container\">\n\t\t\t\t\t\t\t<div class=\"elementor-spacer\">\n\t\t\t<div class=\"elementor-spacer-inner\"><\/div>\n\t\t<\/div>\n\t\t\t\t\t\t<\/div>\n\t\t\t\t<\/div>\n\t\t\t\t\t<\/div>\n\t\t<\/div>\n\t\t\t\t\t<\/div>\n\t\t<\/section>\n\t\t\t\t<section class=\"elementor-section elementor-top-section elementor-element elementor-element-3d26b1b elementor-section-boxed elementor-section-height-default elementor-section-height-default\" data-id=\"3d26b1b\" data-element_type=\"section\" data-e-type=\"section\" data-settings=\"{&quot;_ha_eqh_enable&quot;:false}\">\n\t\t\t\t\t\t<div class=\"elementor-container elementor-column-gap-default\">\n\t\t\t\t\t<div class=\"elementor-column elementor-col-100 elementor-top-column elementor-element elementor-element-5443a87\" data-id=\"5443a87\" data-element_type=\"column\" data-e-type=\"column\">\n\t\t\t<div class=\"elementor-widget-wrap elementor-element-populated\">\n\t\t\t\t\t\t<div class=\"elementor-element elementor-element-25bd769 elementor-widget elementor-widget-heading\" data-id=\"25bd769\" data-element_type=\"widget\" data-e-type=\"widget\" data-widget_type=\"heading.default\">\n\t\t\t\t<div class=\"elementor-widget-container\">\n\t\t\t\t\t<h3 class=\"elementor-heading-title elementor-size-default\">La verri\u00e8re style loft<\/h3>\t\t\t\t<\/div>\n\t\t\t\t<\/div>\n\t\t\t\t<div class=\"elementor-element elementor-element-e0d1c92 elementor-widget elementor-widget-text-editor\" data-id=\"e0d1c92\" data-element_type=\"widget\" data-e-type=\"widget\" data-widget_type=\"text-editor.default\">\n\t\t\t\t<div class=\"elementor-widget-container\">\n\t\t\t\t\t\t\t\t\t<p>Le terme\u00a0<strong>loft\u00a0<\/strong>d\u00e9signe un lieu ou un local professionnel transform\u00e9 en une habitation ou logement. L\u2019espace, la grandeur et la luminosit\u00e9 \u00e9taient ce que les pr\u00e9curseurs de ce style recherchaient \u00e0 l&rsquo;origine du concept. \u00c0 l&rsquo;\u00e9poque, les habitats \u00e9taient compos\u00e9s des verri\u00e8res murales. La tendance d\u00e9co \u2018\u2019loft\u2019\u2019 consiste \u00e0 reprendre le m\u00eame principe, mais en utilisant des verri\u00e8res pouvant donner un look plus moderne et chic aux pi\u00e8ces.<\/p><p>Si vous \u00eates donc un adepte du style de\u00a0<strong>d\u00e9coration authentique<\/strong>, vous pouvez utiliser les cloisons vitr\u00e9es pour s\u00e9parer les espaces. Cela vous permettra de r\u00e9aliser une s\u00e9paration sans toutefois couper la lumi\u00e8re. Le \u2018\u2019loft\u2019\u2019 \u00e9tait un lieu de travail, mais aussi un endroit de partage. Les verri\u00e8res de ce style vous permettront de cr\u00e9er non seulement des espaces intimes tout en vous garantissant une ambiance chaleureuse et conviviale.<\/p><p>La verri\u00e8re style loft est \u00e9galement un v\u00e9ritable \u00e9l\u00e9ment architectural id\u00e9al pour d\u00e9limiter ou s\u00e9parer la chambre ou la cuisine et votre salle de bains. Elle vous permettra d\u2019accro\u00eetre la lumi\u00e8re et de garder une salle de bains avec un style atypique propre au soft.<\/p>\t\t\t\t\t\t\t\t<\/div>\n\t\t\t\t<\/div>\n\t\t\t\t\t<\/div>\n\t\t<\/div>\n\t\t\t\t\t<\/div>\n\t\t<\/section>\n\t\t\t\t<section class=\"elementor-section elementor-top-section elementor-element elementor-element-bcfac0f elementor-section-boxed elementor-section-height-default elementor-section-height-default\" data-id=\"bcfac0f\" data-element_type=\"section\" data-e-type=\"section\" data-settings=\"{&quot;_ha_eqh_enable&quot;:false}\">\n\t\t\t\t\t\t<div class=\"elementor-container elementor-column-gap-default\">\n\t\t\t\t\t<div class=\"elementor-column elementor-col-100 elementor-top-column elementor-element elementor-element-17aa2f2\" data-id=\"17aa2f2\" data-element_type=\"column\" data-e-type=\"column\">\n\t\t\t<div class=\"elementor-widget-wrap elementor-element-populated\">\n\t\t\t\t\t\t<div class=\"elementor-element elementor-element-dfda553 elementor-widget elementor-widget-spacer\" data-id=\"dfda553\" data-element_type=\"widget\" data-e-type=\"widget\" data-widget_type=\"spacer.default\">\n\t\t\t\t<div class=\"elementor-widget-container\">\n\t\t\t\t\t\t\t<div class=\"elementor-spacer\">\n\t\t\t<div class=\"elementor-spacer-inner\"><\/div>\n\t\t<\/div>\n\t\t\t\t\t\t<\/div>\n\t\t\t\t<\/div>\n\t\t\t\t<div class=\"elementor-element elementor-element-f4b420b elementor-widget elementor-widget-heading\" data-id=\"f4b420b\" data-element_type=\"widget\" data-e-type=\"widget\" data-widget_type=\"heading.default\">\n\t\t\t\t<div class=\"elementor-widget-container\">\n\t\t\t\t\t<h2 class=\"elementor-heading-title elementor-size-default\">La forme de la verri\u00e8re<\/h2>\t\t\t\t<\/div>\n\t\t\t\t<\/div>\n\t\t\t\t<div class=\"elementor-element elementor-element-ba8f9cb elementor-widget elementor-widget-text-editor\" data-id=\"ba8f9cb\" data-element_type=\"widget\" data-e-type=\"widget\" data-widget_type=\"text-editor.default\">\n\t\t\t\t<div class=\"elementor-widget-container\">\n\t\t\t\t\t\t\t\t\t<p>Souvent n\u00e9glig\u00e9e par certains d\u00e9corateurs int\u00e9rieurs ou par les bricoleurs, la forme de votre verri\u00e8re est un \u00e9l\u00e9ment sur lequel vous ne devez pas transiger. Selon l\u2019effet souhait\u00e9, vous aurez \u00e0 choisir entre :<\/p><ul><li>une verri\u00e8re simple ;<\/li><li>une verri\u00e8re avec traverses ;<\/li><li>une verri\u00e8re avec soubassement ;<\/li><li>une verri\u00e8re complexe.<\/li><\/ul><p>\u00a0<\/p><p>La\u00a0<strong>verri\u00e8re simple\u00a0<\/strong>est compos\u00e9e d\u2019une ou plusieurs cloisons vitr\u00e9es. Ces derni\u00e8res sont maintenues par des cadres montants. Si vous souhaitez sublimer votre int\u00e9rieur avec une verri\u00e8re install\u00e9e sur le comptoir de la cuisine ou du muret en b\u00e9ton, cette forme de verri\u00e8re est un excellent choix.<\/p><p>Pour donner une touche plus \u00e9l\u00e9gante \u00e0 votre pi\u00e8ce, il est possible d\u2019agr\u00e9menter la partie haute de la verri\u00e8re simple avec des\u00a0<strong>traverses en bois<\/strong>\u00a0ou en m\u00e9tal. Vous \u00eates libre de choisir le nombre de traverses en fonction de vos besoins ou pr\u00e9f\u00e9rences. Au contraire, si vous pr\u00e9f\u00e9rez la pr\u00e9sence d\u2019un\u00a0<strong>soubassement<\/strong>\u00a0(particuli\u00e8rement adapt\u00e9 pour une cuisine ou une salle de bains), sachez que le vitrage n\u2019occupera que les 2\/3 hauts de la verri\u00e8re. Notez \u00e9galement que les verri\u00e8res avec soubassement offrent un grand nombre de possibilit\u00e9s. Vous pouvez d\u00e9cider d\u2019int\u00e9grer des traverses pour obtenir un style \u00ab atelier d\u2019artiste \u00bb ou int\u00e9grer un ch\u00e2ssis ouvrant ou porte battante.<\/p>\t\t\t\t\t\t\t\t<\/div>\n\t\t\t\t<\/div>\n\t\t\t\t\t<\/div>\n\t\t<\/div>\n\t\t\t\t\t<\/div>\n\t\t<\/section>\n\t\t\t\t<section class=\"elementor-section elementor-top-section elementor-element elementor-element-833686b elementor-section-boxed elementor-section-height-default elementor-section-height-default\" data-id=\"833686b\" data-element_type=\"section\" data-e-type=\"section\" data-settings=\"{&quot;_ha_eqh_enable&quot;:false}\">\n\t\t\t\t\t\t<div class=\"elementor-container elementor-column-gap-default\">\n\t\t\t\t\t<div class=\"elementor-column elementor-col-100 elementor-top-column elementor-element elementor-element-42fc577\" data-id=\"42fc577\" data-element_type=\"column\" data-e-type=\"column\">\n\t\t\t<div class=\"elementor-widget-wrap elementor-element-populated\">\n\t\t\t\t\t\t<div class=\"elementor-element elementor-element-dabd223 elementor-widget elementor-widget-spacer\" data-id=\"dabd223\" data-element_type=\"widget\" data-e-type=\"widget\" data-widget_type=\"spacer.default\">\n\t\t\t\t<div class=\"elementor-widget-container\">\n\t\t\t\t\t\t\t<div class=\"elementor-spacer\">\n\t\t\t<div class=\"elementor-spacer-inner\"><\/div>\n\t\t<\/div>\n\t\t\t\t\t\t<\/div>\n\t\t\t\t<\/div>\n\t\t\t\t<div class=\"elementor-element elementor-element-a3a6307 elementor-widget elementor-widget-heading\" data-id=\"a3a6307\" data-element_type=\"widget\" data-e-type=\"widget\" data-widget_type=\"heading.default\">\n\t\t\t\t<div class=\"elementor-widget-container\">\n\t\t\t\t\t<h2 class=\"elementor-heading-title elementor-size-default\">Le prix de la verri\u00e8re<\/h2>\t\t\t\t<\/div>\n\t\t\t\t<\/div>\n\t\t\t\t<div class=\"elementor-element elementor-element-94c08bd elementor-widget elementor-widget-text-editor\" data-id=\"94c08bd\" data-element_type=\"widget\" data-e-type=\"widget\" data-widget_type=\"text-editor.default\">\n\t\t\t\t<div class=\"elementor-widget-container\">\n\t\t\t\t\t\t\t\t\t<p>Le\u00a0<strong>budget<\/strong>\u00a0\u00e0 allouer pour acheter votre verri\u00e8re d&rsquo;int\u00e9rieur est \u00e9galement un \u00e9l\u00e9ment \u00e0 tenir en compte. En principe, le prix de cet accessoire n\u2019est pas uniforme sur le march\u00e9. Il varie en fonction des marques, des mod\u00e8les ou des mati\u00e8res utilis\u00e9es pour la conception. Un mod\u00e8le de verri\u00e8re plus robuste co\u00fbtera plus cher qu&rsquo;un autre qui est moins r\u00e9sistant. Les verri\u00e8res en acier vous demanderont un budget plus cons\u00e9quent que les verri\u00e8res en bois ou en aluminium.<\/p><p>Le tarif de la verri\u00e8re en acier est compris\u00a0<strong>entre 500 et 1000 euros\u00a0<\/strong>pour le m2. Que ce soit dans les grandes enseignes de bricolage ou chez un menuisier, le budget \u00e0 allouer pour acheter le m2 d\u2019une verri\u00e8re en aluminium se situe\u00a0<strong>entre 500 et 750 euros<\/strong>. Le prix d\u2019une verri\u00e8re en bois quant \u00e0 elle se situe entre\u00a0<strong>500 et 900 euros\u00a0<\/strong>par m2. La verri\u00e8re en aluminium est donc le mod\u00e8le qui convient aux petits budgets. Cependant, n\u2019oubliez pas qu\u2019elle est moins esth\u00e9tique.<\/p>\t\t\t\t\t\t\t\t<\/div>\n\t\t\t\t<\/div>\n\t\t\t\t\t<\/div>\n\t\t<\/div>\n\t\t\t\t\t<\/div>\n\t\t<\/section>\n\t\t\t\t<section class=\"elementor-section elementor-top-section elementor-element elementor-element-db7ea32 elementor-section-boxed elementor-section-height-default elementor-section-height-default\" data-id=\"db7ea32\" data-element_type=\"section\" data-e-type=\"section\" data-settings=\"{&quot;_ha_eqh_enable&quot;:false}\">\n\t\t\t\t\t\t<div class=\"elementor-container elementor-column-gap-default\">\n\t\t\t\t\t<div class=\"elementor-column elementor-col-100 elementor-top-column elementor-element elementor-element-5300e0a\" data-id=\"5300e0a\" data-element_type=\"column\" data-e-type=\"column\">\n\t\t\t<div class=\"elementor-widget-wrap elementor-element-populated\">\n\t\t\t\t\t\t<div class=\"elementor-element elementor-element-89debe0 elementor-widget elementor-widget-spacer\" data-id=\"89debe0\" data-element_type=\"widget\" data-e-type=\"widget\" data-widget_type=\"spacer.default\">\n\t\t\t\t<div class=\"elementor-widget-container\">\n\t\t\t\t\t\t\t<div class=\"elementor-spacer\">\n\t\t\t<div class=\"elementor-spacer-inner\"><\/div>\n\t\t<\/div>\n\t\t\t\t\t\t<\/div>\n\t\t\t\t<\/div>\n\t\t\t\t<div class=\"elementor-element elementor-element-1db020a elementor-widget elementor-widget-heading\" data-id=\"1db020a\" data-element_type=\"widget\" data-e-type=\"widget\" data-widget_type=\"heading.default\">\n\t\t\t\t<div class=\"elementor-widget-container\">\n\t\t\t\t\t<h2 class=\"elementor-heading-title elementor-size-default\">La facilit\u00e9 d\u2019entretien<\/h2>\t\t\t\t<\/div>\n\t\t\t\t<\/div>\n\t\t\t\t<div class=\"elementor-element elementor-element-35e4f28 elementor-widget elementor-widget-text-editor\" data-id=\"35e4f28\" data-element_type=\"widget\" data-e-type=\"widget\" data-widget_type=\"text-editor.default\">\n\t\t\t\t<div class=\"elementor-widget-container\">\n\t\t\t\t\t\t\t\t\t<p>Dans votre projet d\u2019achat de verri\u00e8re int\u00e9rieure, il est essentiel de tenir compte de la\u00a0<strong>facilit\u00e9 d\u2019entretien<\/strong>. En effet, une fois que la verri\u00e8re pos\u00e9e ou install\u00e9e, il est primordial de l\u2019entretenir. Cela lui permettra de durer dans le temps. Pour ce faire, il est important d\u2019orienter votre choix vers une verri\u00e8re facile \u00e0 entretenir. Si vous optez pour un mod\u00e8le qui n\u00e9cessite une grande manutention, cela engendrera des\u00a0<strong>co\u00fbts suppl\u00e9mentaires<\/strong>. Les verri\u00e8res en acier sont des mod\u00e8les qui ne n\u00e9cessitent pas de grandes man\u0153uvres. Il suffit de les nettoyer avec du savon liquide et de l\u2019eau chaude. Au cas o\u00f9 des taches persistent, il est possible d\u2019utiliser du jus de citron ou u vinaigre blanc.<\/p><p>Les verri\u00e8res en bois quant \u00e0 elles n\u00e9cessitent un entretien plus r\u00e9gulier et plus approfondi. Les produits \u00e0 utiliser ou le degr\u00e9 d\u2019entretien d\u00e9pendent tout de m\u00eame du traitement de bois utilis\u00e9 pour fabriquer la verri\u00e8re. Si elle est brute, l\u2019utilisation d\u2019un imperm\u00e9abilisant est tr\u00e8s importante. Cela permettra d\u2019\u00e9viter des taches qui seront difficiles \u00e0 enlever. Vous aurez \u00e9galement besoin d\u2019un papier de verre ou du savon noir pour laver au quotidien la verri\u00e8re.<\/p>\t\t\t\t\t\t\t\t<\/div>\n\t\t\t\t<\/div>\n\t\t\t\t\t<\/div>\n\t\t<\/div>\n\t\t\t\t\t<\/div>\n\t\t<\/section>\n\t\t\t\t<section class=\"elementor-section elementor-top-section elementor-element elementor-element-2ac8dc7 elementor-section-boxed elementor-section-height-default elementor-section-height-default\" data-id=\"2ac8dc7\" data-element_type=\"section\" data-e-type=\"section\" data-settings=\"{&quot;_ha_eqh_enable&quot;:false}\">\n\t\t\t\t\t\t<div class=\"elementor-container elementor-column-gap-default\">\n\t\t\t\t\t<div class=\"elementor-column elementor-col-100 elementor-top-column elementor-element elementor-element-19ee8e2\" data-id=\"19ee8e2\" data-element_type=\"column\" data-e-type=\"column\">\n\t\t\t<div class=\"elementor-widget-wrap elementor-element-populated\">\n\t\t\t\t\t\t<div class=\"elementor-element elementor-element-01a99a6 elementor-widget elementor-widget-spacer\" data-id=\"01a99a6\" data-element_type=\"widget\" data-e-type=\"widget\" data-widget_type=\"spacer.default\">\n\t\t\t\t<div class=\"elementor-widget-container\">\n\t\t\t\t\t\t\t<div class=\"elementor-spacer\">\n\t\t\t<div class=\"elementor-spacer-inner\"><\/div>\n\t\t<\/div>\n\t\t\t\t\t\t<\/div>\n\t\t\t\t<\/div>\n\t\t\t\t<div class=\"elementor-element elementor-element-dffc678 elementor-widget elementor-widget-heading\" data-id=\"dffc678\" data-element_type=\"widget\" data-e-type=\"widget\" data-widget_type=\"heading.default\">\n\t\t\t\t<div class=\"elementor-widget-container\">\n\t\t\t\t\t<h2 class=\"elementor-heading-title elementor-size-default\">La marque<\/h2>\t\t\t\t<\/div>\n\t\t\t\t<\/div>\n\t\t\t\t<div class=\"elementor-element elementor-element-14c48d9 elementor-widget elementor-widget-text-editor\" data-id=\"14c48d9\" data-element_type=\"widget\" data-e-type=\"widget\" data-widget_type=\"text-editor.default\">\n\t\t\t\t<div class=\"elementor-widget-container\">\n\t\t\t\t\t\t\t\t\t<p>Dans un guide d\u2019achat, le choix de la marque d\u2019un produit est g\u00e9n\u00e9ralement qualifi\u00e9 d\u2019un crit\u00e8re subjectif. Cependant, certains fabricants sont reconnus pour la qualit\u00e9 ou la robustesse de leur produit. En achetant une verri\u00e8re fabriqu\u00e9e par une\u00a0<strong>marque connue comme <span style=\"text-decoration: underline;\"><a href=\"https:\/\/verrieres.turpin-longueville.com\/qui-sommes-nous\/fabricant-constructeur-installateur-verriere-interieur-atelier-artiste.html\" target=\"_blank\" rel=\"noopener\">Turpin Longueville<\/a><\/span><\/strong>, vous \u00eates certain de l\u2019utiliser pendant plusieurs ann\u00e9es.<\/p><p>En raison de nombreux mod\u00e8les de verri\u00e8res int\u00e9rieures existants sur le march\u00e9, le choix du meilleur \u00e9l\u00e9ment de d\u00e9co n\u2019est pas toujours \u00e9vident. Cela doit \u00eatre fait avec tact et avec une grande circonspection. Avec tous les crit\u00e8res \u00e9nonc\u00e9s dans ce contenu, vous avez la cl\u00e9 en main pour parvenir \u00e0 choisir facilement une verri\u00e8re int\u00e9rieure.<\/p>\t\t\t\t\t\t\t\t<\/div>\n\t\t\t\t<\/div>\n\t\t\t\t\t<\/div>\n\t\t<\/div>\n\t\t\t\t\t<\/div>\n\t\t<\/section>\n\t\t\t\t<section class=\"elementor-section elementor-top-section elementor-element elementor-element-7e0007f elementor-section-boxed elementor-section-height-default elementor-section-height-default\" data-id=\"7e0007f\" data-element_type=\"section\" data-e-type=\"section\" data-settings=\"{&quot;_ha_eqh_enable&quot;:false}\">\n\t\t\t\t\t\t<div class=\"elementor-container elementor-column-gap-default\">\n\t\t\t\t\t<div class=\"elementor-column elementor-col-100 elementor-top-column elementor-element elementor-element-86312e7\" data-id=\"86312e7\" data-element_type=\"column\" data-e-type=\"column\">\n\t\t\t<div class=\"elementor-widget-wrap elementor-element-populated\">\n\t\t\t\t\t\t<div class=\"elementor-element elementor-element-840ef49 elementor-widget elementor-widget-spacer\" data-id=\"840ef49\" data-element_type=\"widget\" data-e-type=\"widget\" data-widget_type=\"spacer.default\">\n\t\t\t\t<div class=\"elementor-widget-container\">\n\t\t\t\t\t\t\t<div class=\"elementor-spacer\">\n\t\t\t<div class=\"elementor-spacer-inner\"><\/div>\n\t\t<\/div>\n\t\t\t\t\t\t<\/div>\n\t\t\t\t<\/div>\n\t\t\t\t<div class=\"elementor-element elementor-element-2d4f41c elementor-widget elementor-widget-post-navigation\" data-id=\"2d4f41c\" data-element_type=\"widget\" data-e-type=\"widget\" data-widget_type=\"post-navigation.default\">\n\t\t\t\t<div class=\"elementor-widget-container\">\n\t\t\t\t\t\t\t<div class=\"elementor-post-navigation\" role=\"navigation\" aria-label=\"Navigation de publication\">\n\t\t\t<div class=\"elementor-post-navigation__prev elementor-post-navigation__link\">\n\t\t\t\t<a href=\"https:\/\/secondsouffle.co\/index.php\/2021\/12\/15\/comment-ouvrir-un-mur-porteur\/\" rel=\"prev\"><span class=\"post-navigation__arrow-wrapper post-navigation__arrow-prev\"><svg aria-hidden=\"true\" class=\"e-font-icon-svg e-fas-angle-left\" viewBox=\"0 0 256 512\" xmlns=\"http:\/\/www.w3.org\/2000\/svg\"><path d=\"M31.7 239l136-136c9.4-9.4 24.6-9.4 33.9 0l22.6 22.6c9.4 9.4 9.4 24.6 0 33.9L127.9 256l96.4 96.4c9.4 9.4 9.4 24.6 0 33.9L201.7 409c-9.4 9.4-24.6 9.4-33.9 0l-136-136c-9.5-9.4-9.5-24.6-.1-34z\"><\/path><\/svg><span class=\"elementor-screen-only\">Pr\u00e9c\u00e9dent<\/span><\/span><span class=\"elementor-post-navigation__link__prev\"><span class=\"post-navigation__prev--label\">Article Pr\u00e9c\u00e9dent<\/span><span class=\"post-navigation__prev--title\">Comment ouvrir un mur porteur ?<\/span><\/span><\/a>\t\t\t<\/div>\n\t\t\t\t\t\t<div class=\"elementor-post-navigation__next elementor-post-navigation__link\">\n\t\t\t\t<a href=\"https:\/\/secondsouffle.co\/index.php\/2022\/01\/04\/comment-faire-une-contre-visite-immobiliere\/\" rel=\"next\"><span class=\"elementor-post-navigation__link__next\"><span class=\"post-navigation__next--label\">Article Suivant<\/span><span class=\"post-navigation__next--title\">Comment faire une contre visite immobili\u00e8re ?<\/span><\/span><span class=\"post-navigation__arrow-wrapper post-navigation__arrow-next\"><svg aria-hidden=\"true\" class=\"e-font-icon-svg e-fas-angle-right\" viewBox=\"0 0 256 512\" xmlns=\"http:\/\/www.w3.org\/2000\/svg\"><path d=\"M224.3 273l-136 136c-9.4 9.4-24.6 9.4-33.9 0l-22.6-22.6c-9.4-9.4-9.4-24.6 0-33.9l96.4-96.4-96.4-96.4c-9.4-9.4-9.4-24.6 0-33.9L54.3 103c9.4-9.4 24.6-9.4 33.9 0l136 136c9.5 9.4 9.5 24.6.1 34z\"><\/path><\/svg><span class=\"elementor-screen-only\">Suivant<\/span><\/span><\/a>\t\t\t<\/div>\n\t\t<\/div>\n\t\t\t\t\t\t<\/div>\n\t\t\t\t<\/div>\n\t\t\t\t<div class=\"elementor-element elementor-element-aabcd80 elementor-widget elementor-widget-spacer\" data-id=\"aabcd80\" data-element_type=\"widget\" data-e-type=\"widget\" data-widget_type=\"spacer.default\">\n\t\t\t\t<div class=\"elementor-widget-container\">\n\t\t\t\t\t\t\t<div class=\"elementor-spacer\">\n\t\t\t<div class=\"elementor-spacer-inner\"><\/div>\n\t\t<\/div>\n\t\t\t\t\t\t<\/div>\n\t\t\t\t<\/div>\n\t\t\t\t\t<\/div>\n\t\t<\/div>\n\t\t\t\t\t<\/div>\n\t\t<\/section>\n\t\t\t\t<\/div>\n\t\t","protected":false},"excerpt":{"rendered":"<p>La verri\u00e8re est un accessoire tr\u00e8s pris\u00e9 dans le domaine de la d\u00e9coration int\u00e9rieure. Que ce soit du style loft ou style atelier d\u2019artiste, cet \u00e9l\u00e9ment apporte une touche originale \u00e0 votre pi\u00e8ce tout en optimisant le rendu visuel. En outre, la verri\u00e8re int\u00e9rieure permet de cloisonner ou s\u00e9parer les espaces sans perdre en convivialit\u00e9. Cependant, face \u00e0 la multiplicit\u00e9 des mod\u00e8les et marques sur le march\u00e9, le choix de la meilleure verri\u00e8re int\u00e9rieure peut devenir une t\u00e2che difficile.<\/p>\n","protected":false},"author":1,"featured_media":15668,"comment_status":"open","ping_status":"open","sticky":false,"template":"","format":"standard","meta":{"_monsterinsights_skip_tracking":false,"_monsterinsights_sitenote_active":false,"_monsterinsights_sitenote_note":"","_monsterinsights_sitenote_category":0,"footnotes":""},"categories":[26],"tags":[],"class_list":["post-15658","post","type-post","status-publish","format-standard","has-post-thumbnail","hentry","category-architecture-et-amenagement-interieur"],"aioseo_notices":[],"amp_enabled":true,"_links":{"self":[{"href":"https:\/\/secondsouffle.co\/index.php\/wp-json\/wp\/v2\/posts\/15658","targetHints":{"allow":["GET"]}}],"collection":[{"href":"https:\/\/secondsouffle.co\/index.php\/wp-json\/wp\/v2\/posts"}],"about":[{"href":"https:\/\/secondsouffle.co\/index.php\/wp-json\/wp\/v2\/types\/post"}],"author":[{"embeddable":true,"href":"https:\/\/secondsouffle.co\/index.php\/wp-json\/wp\/v2\/users\/1"}],"replies":[{"embeddable":true,"href":"https:\/\/secondsouffle.co\/index.php\/wp-json\/wp\/v2\/comments?post=15658"}],"version-history":[{"count":0,"href":"https:\/\/secondsouffle.co\/index.php\/wp-json\/wp\/v2\/posts\/15658\/revisions"}],"wp:featuredmedia":[{"embeddable":true,"href":"https:\/\/secondsouffle.co\/index.php\/wp-json\/wp\/v2\/media\/15668"}],"wp:attachment":[{"href":"https:\/\/secondsouffle.co\/index.php\/wp-json\/wp\/v2\/media?parent=15658"}],"wp:term":[{"taxonomy":"category","embeddable":true,"href":"https:\/\/secondsouffle.co\/index.php\/wp-json\/wp\/v2\/categories?post=15658"},{"taxonomy":"post_tag","embeddable":true,"href":"https:\/\/secondsouffle.co\/index.php\/wp-json\/wp\/v2\/tags?post=15658"}],"curies":[{"name":"wp","href":"https:\/\/api.w.org\/{rel}","templated":true}]}}