{"id":16213,"date":"2022-03-30T14:20:42","date_gmt":"2022-03-30T12:20:42","guid":{"rendered":"https:\/\/secondsouffle.co\/?p=16213"},"modified":"2022-03-30T14:20:49","modified_gmt":"2022-03-30T12:20:49","slug":"quel-modele-de-pergola-choisir-pour-abriter-sa-terrasse","status":"publish","type":"post","link":"https:\/\/secondsouffle.co\/index.php\/2022\/03\/30\/quel-modele-de-pergola-choisir-pour-abriter-sa-terrasse\/","title":{"rendered":"Quel mod\u00e8le de pergola choisir pour abriter sa terrasse\u2009 ?"},"content":{"rendered":"\t\t<div data-elementor-type=\"wp-post\" data-elementor-id=\"16213\" class=\"elementor elementor-16213\" data-elementor-settings=\"{&quot;ha_cmc_init_switcher&quot;:&quot;no&quot;}\" data-elementor-post-type=\"post\">\n\t\t\t\t\t\t<section class=\"elementor-section elementor-top-section elementor-element elementor-element-12f64cb elementor-section-content-middle elementor-section-boxed elementor-section-height-default elementor-section-height-default\" data-id=\"12f64cb\" data-element_type=\"section\" data-e-type=\"section\" data-settings=\"{&quot;background_background&quot;:&quot;gradient&quot;,&quot;_ha_eqh_enable&quot;:false}\">\n\t\t\t\t\t\t\t<div class=\"elementor-background-overlay\"><\/div>\n\t\t\t\t\t\t\t<div class=\"elementor-container elementor-column-gap-no\">\n\t\t\t\t\t<div class=\"elementor-column elementor-col-100 elementor-top-column elementor-element elementor-element-c28cff5\" data-id=\"c28cff5\" data-element_type=\"column\" data-e-type=\"column\">\n\t\t\t<div class=\"elementor-widget-wrap elementor-element-populated\">\n\t\t\t\t\t\t<div class=\"elementor-element elementor-element-84e68e3 elementor-widget elementor-widget-heading\" data-id=\"84e68e3\" data-element_type=\"widget\" data-e-type=\"widget\" data-widget_type=\"heading.default\">\n\t\t\t\t<div class=\"elementor-widget-container\">\n\t\t\t\t\t<h1 class=\"elementor-heading-title elementor-size-default\">Quel mod\u00e8le de pergola choisir pour abriter sa terrasse\u2009 ?<\/h1>\t\t\t\t<\/div>\n\t\t\t\t<\/div>\n\t\t\t\t<div class=\"elementor-element elementor-element-a66c58a elementor-mobile-align-center elementor-widget elementor-widget-post-info\" data-id=\"a66c58a\" data-element_type=\"widget\" data-e-type=\"widget\" data-widget_type=\"post-info.default\">\n\t\t\t\t<div class=\"elementor-widget-container\">\n\t\t\t\t\t\t\t<ul class=\"elementor-inline-items elementor-icon-list-items elementor-post-info\">\n\t\t\t\t\t\t\t\t<li class=\"elementor-icon-list-item elementor-repeater-item-b014cd4 elementor-inline-item\" itemprop=\"datePublished\">\n\t\t\t\t\t\t<a href=\"https:\/\/secondsouffle.co\/index.php\/2022\/03\/30\/\">\n\t\t\t\t\t\t\t\t\t\t\t<span class=\"elementor-icon-list-icon\">\n\t\t\t\t\t\t\t\t<svg aria-hidden=\"true\" class=\"e-font-icon-svg e-fas-calendar\" viewBox=\"0 0 448 512\" xmlns=\"http:\/\/www.w3.org\/2000\/svg\"><path d=\"M12 192h424c6.6 0 12 5.4 12 12v260c0 26.5-21.5 48-48 48H48c-26.5 0-48-21.5-48-48V204c0-6.6 5.4-12 12-12zm436-44v-36c0-26.5-21.5-48-48-48h-48V12c0-6.6-5.4-12-12-12h-40c-6.6 0-12 5.4-12 12v52H160V12c0-6.6-5.4-12-12-12h-40c-6.6 0-12 5.4-12 12v52H48C21.5 64 0 85.5 0 112v36c0 6.6 5.4 12 12 12h424c6.6 0 12-5.4 12-12z\"><\/path><\/svg>\t\t\t\t\t\t\t<\/span>\n\t\t\t\t\t\t\t\t\t<span class=\"elementor-icon-list-text elementor-post-info__item elementor-post-info__item--type-date\">\n\t\t\t\t\t\t\t\t\t\t<time>mars 30, 2022<\/time>\t\t\t\t\t<\/span>\n\t\t\t\t\t\t\t\t\t<\/a>\n\t\t\t\t<\/li>\n\t\t\t\t<li class=\"elementor-icon-list-item elementor-repeater-item-4499c28 elementor-inline-item\">\n\t\t\t\t\t\t\t\t\t\t<span class=\"elementor-icon-list-icon\">\n\t\t\t\t\t\t\t\t<svg aria-hidden=\"true\" class=\"e-font-icon-svg e-far-clock\" viewBox=\"0 0 512 512\" xmlns=\"http:\/\/www.w3.org\/2000\/svg\"><path d=\"M256 8C119 8 8 119 8 256s111 248 248 248 248-111 248-248S393 8 256 8zm0 448c-110.5 0-200-89.5-200-200S145.5 56 256 56s200 89.5 200 200-89.5 200-200 200zm61.8-104.4l-84.9-61.7c-3.1-2.3-4.9-5.9-4.9-9.7V116c0-6.6 5.4-12 12-12h32c6.6 0 12 5.4 12 12v141.7l66.8 48.6c5.4 3.9 6.5 11.4 2.6 16.8L334.6 349c-3.9 5.3-11.4 6.5-16.8 2.6z\"><\/path><\/svg>\t\t\t\t\t\t\t<\/span>\n\t\t\t\t\t\t\t\t\t<span class=\"elementor-icon-list-text elementor-post-info__item elementor-post-info__item--type-time\">\n\t\t\t\t\t\t\t\t\t\t<time>2:20 pm<\/time>\t\t\t\t\t<\/span>\n\t\t\t\t\t\t\t\t<\/li>\n\t\t\t\t<li class=\"elementor-icon-list-item elementor-repeater-item-9026d4d elementor-inline-item\">\n\t\t\t\t\t\t\t\t\t\t<span class=\"elementor-icon-list-icon\">\n\t\t\t\t\t\t\t\t<svg aria-hidden=\"true\" class=\"e-font-icon-svg e-far-user\" viewBox=\"0 0 448 512\" xmlns=\"http:\/\/www.w3.org\/2000\/svg\"><path d=\"M313.6 304c-28.7 0-42.5 16-89.6 16-47.1 0-60.8-16-89.6-16C60.2 304 0 364.2 0 438.4V464c0 26.5 21.5 48 48 48h352c26.5 0 48-21.5 48-48v-25.6c0-74.2-60.2-134.4-134.4-134.4zM400 464H48v-25.6c0-47.6 38.8-86.4 86.4-86.4 14.6 0 38.3 16 89.6 16 51.7 0 74.9-16 89.6-16 47.6 0 86.4 38.8 86.4 86.4V464zM224 288c79.5 0 144-64.5 144-144S303.5 0 224 0 80 64.5 80 144s64.5 144 144 144zm0-240c52.9 0 96 43.1 96 96s-43.1 96-96 96-96-43.1-96-96 43.1-96 96-96z\"><\/path><\/svg>\t\t\t\t\t\t\t<\/span>\n\t\t\t\t\t\t\t\t\t<span class=\"elementor-icon-list-text elementor-post-info__item elementor-post-info__item--type-custom\">\n\t\t\t\t\t\t\t\t\t\tCamille Caire\t\t\t\t\t<\/span>\n\t\t\t\t\t\t\t\t<\/li>\n\t\t\t\t<li class=\"elementor-icon-list-item elementor-repeater-item-cfc54d4 elementor-inline-item\" itemprop=\"about\">\n\t\t\t\t\t\t\t\t\t\t<span class=\"elementor-icon-list-icon\">\n\t\t\t\t\t\t\t\t<svg aria-hidden=\"true\" class=\"e-font-icon-svg e-fas-tags\" viewBox=\"0 0 640 512\" xmlns=\"http:\/\/www.w3.org\/2000\/svg\"><path d=\"M497.941 225.941L286.059 14.059A48 48 0 0 0 252.118 0H48C21.49 0 0 21.49 0 48v204.118a48 48 0 0 0 14.059 33.941l211.882 211.882c18.744 18.745 49.136 18.746 67.882 0l204.118-204.118c18.745-18.745 18.745-49.137 0-67.882zM112 160c-26.51 0-48-21.49-48-48s21.49-48 48-48 48 21.49 48 48-21.49 48-48 48zm513.941 133.823L421.823 497.941c-18.745 18.745-49.137 18.745-67.882 0l-.36-.36L527.64 323.522c16.999-16.999 26.36-39.6 26.36-63.64s-9.362-46.641-26.36-63.64L331.397 0h48.721a48 48 0 0 1 33.941 14.059l211.882 211.882c18.745 18.745 18.745 49.137 0 67.882z\"><\/path><\/svg>\t\t\t\t\t\t\t<\/span>\n\t\t\t\t\t\t\t\t\t<span class=\"elementor-icon-list-text elementor-post-info__item elementor-post-info__item--type-terms\">\n\t\t\t\t\t\t\t\t\t\t<span class=\"elementor-post-info__terms-list\">\n\t\t\t\t<a href=\"https:\/\/secondsouffle.co\/index.php\/category\/deco-et-tendance\/\" class=\"elementor-post-info__terms-list-item\">D\u00e9co et tendance<\/a>\t\t\t\t<\/span>\n\t\t\t\t\t<\/span>\n\t\t\t\t\t\t\t\t<\/li>\n\t\t\t\t<\/ul>\n\t\t\t\t\t\t<\/div>\n\t\t\t\t<\/div>\n\t\t\t\t\t<\/div>\n\t\t<\/div>\n\t\t\t\t\t<\/div>\n\t\t<\/section>\n\t\t\t\t<section class=\"elementor-section elementor-top-section elementor-element elementor-element-8c0a9df elementor-section-boxed elementor-section-height-default elementor-section-height-default\" data-id=\"8c0a9df\" data-element_type=\"section\" data-e-type=\"section\" data-settings=\"{&quot;_ha_eqh_enable&quot;:false}\">\n\t\t\t\t\t\t<div class=\"elementor-container elementor-column-gap-default\">\n\t\t\t\t\t<div class=\"elementor-column elementor-col-100 elementor-top-column elementor-element elementor-element-bfd61b0\" data-id=\"bfd61b0\" data-element_type=\"column\" data-e-type=\"column\">\n\t\t\t<div class=\"elementor-widget-wrap elementor-element-populated\">\n\t\t\t\t\t\t<div class=\"elementor-element elementor-element-6285f0a elementor-widget elementor-widget-theme-post-featured-image elementor-widget-image\" data-id=\"6285f0a\" data-element_type=\"widget\" data-e-type=\"widget\" data-widget_type=\"theme-post-featured-image.default\">\n\t\t\t\t<div class=\"elementor-widget-container\">\n\t\t\t\t\t\t\t\t\t\t\t\t\t\t\t<img decoding=\"async\" src=\"https:\/\/secondsouffle.co\/wp-content\/uploads\/elementor\/thumbs\/quelle-pergola-choisir-pmmhhg9baq7bwtchzvgibka5rgelfrjw12fhorz8ug.jpg\" title=\"quelle-pergola-choisir\" alt=\"quelle-pergola-choisir\" loading=\"lazy\" \/>\t\t\t\t\t\t\t\t\t\t\t\t\t\t\t<\/div>\n\t\t\t\t<\/div>\n\t\t\t\t\t<\/div>\n\t\t<\/div>\n\t\t\t\t\t<\/div>\n\t\t<\/section>\n\t\t\t\t<section class=\"elementor-section elementor-top-section elementor-element elementor-element-1232b9e elementor-section-boxed elementor-section-height-default elementor-section-height-default\" data-id=\"1232b9e\" data-element_type=\"section\" data-e-type=\"section\" data-settings=\"{&quot;_ha_eqh_enable&quot;:false}\">\n\t\t\t\t\t\t<div class=\"elementor-container elementor-column-gap-default\">\n\t\t\t\t\t<div class=\"elementor-column elementor-col-100 elementor-top-column elementor-element elementor-element-fa121a6\" data-id=\"fa121a6\" data-element_type=\"column\" data-e-type=\"column\">\n\t\t\t<div class=\"elementor-widget-wrap elementor-element-populated\">\n\t\t\t\t\t\t<div class=\"elementor-element elementor-element-55ea867 elementor-widget elementor-widget-spacer\" data-id=\"55ea867\" data-element_type=\"widget\" data-e-type=\"widget\" data-widget_type=\"spacer.default\">\n\t\t\t\t<div class=\"elementor-widget-container\">\n\t\t\t\t\t\t\t<div class=\"elementor-spacer\">\n\t\t\t<div class=\"elementor-spacer-inner\"><\/div>\n\t\t<\/div>\n\t\t\t\t\t\t<\/div>\n\t\t\t\t<\/div>\n\t\t\t\t<div class=\"elementor-element elementor-element-208760e elementor-widget elementor-widget-text-editor\" data-id=\"208760e\" data-element_type=\"widget\" data-e-type=\"widget\" data-widget_type=\"text-editor.default\">\n\t\t\t\t<div class=\"elementor-widget-container\">\n\t\t\t\t\t\t\t\t\t<p>Vous souhaitez apporter une plus-value \u00e0 votre propri\u00e9t\u00e9\u2009? Vous pensez \u00e0 installer une pergola pour abriter votre terrasse\u2009?<\/p><p>Non seulement esth\u00e9tique, il s\u2019agit d\u2019une structure qui cr\u00e9\u00e9 un nouvel espace de vie entre le jardin et la maison. En effet, elle met votre terrasse \u00e0 l\u2019abri des intemp\u00e9ries et de la chaleur estivale.<\/p><p>Vous trouverez de nombreux mod\u00e8les de pergolas sur le march\u00e9. Pour pouvoir choisir la structure la plus adapt\u00e9e \u00e0 vos besoins, vous pouvez suivre ce petit guide. Il vous d\u00e9crit tous les crit\u00e8res \u00e0 prendre en compte avant de vous jeter sur un mod\u00e8le de pergola.<\/p>\t\t\t\t\t\t\t\t<\/div>\n\t\t\t\t<\/div>\n\t\t\t\t\t<\/div>\n\t\t<\/div>\n\t\t\t\t\t<\/div>\n\t\t<\/section>\n\t\t\t\t<section class=\"elementor-section elementor-top-section elementor-element elementor-element-089c51c elementor-section-boxed elementor-section-height-default elementor-section-height-default\" data-id=\"089c51c\" data-element_type=\"section\" data-e-type=\"section\" data-settings=\"{&quot;_ha_eqh_enable&quot;:false}\">\n\t\t\t\t\t\t<div class=\"elementor-container elementor-column-gap-default\">\n\t\t\t\t\t<div class=\"elementor-column elementor-col-100 elementor-top-column elementor-element elementor-element-61eb756\" data-id=\"61eb756\" data-element_type=\"column\" data-e-type=\"column\">\n\t\t\t<div class=\"elementor-widget-wrap elementor-element-populated\">\n\t\t\t\t\t\t<div class=\"elementor-element elementor-element-4db6fe4 elementor-widget-divider--view-line elementor-widget elementor-widget-divider\" data-id=\"4db6fe4\" data-element_type=\"widget\" data-e-type=\"widget\" data-widget_type=\"divider.default\">\n\t\t\t\t<div class=\"elementor-widget-container\">\n\t\t\t\t\t\t\t<div class=\"elementor-divider\">\n\t\t\t<span class=\"elementor-divider-separator\">\n\t\t\t\t\t\t<\/span>\n\t\t<\/div>\n\t\t\t\t\t\t<\/div>\n\t\t\t\t<\/div>\n\t\t\t\t\t<\/div>\n\t\t<\/div>\n\t\t\t\t\t<\/div>\n\t\t<\/section>\n\t\t\t\t<section class=\"elementor-section elementor-top-section elementor-element elementor-element-a01a3ca elementor-section-boxed elementor-section-height-default elementor-section-height-default\" data-id=\"a01a3ca\" data-element_type=\"section\" data-e-type=\"section\" data-settings=\"{&quot;_ha_eqh_enable&quot;:false}\">\n\t\t\t\t\t\t<div class=\"elementor-container elementor-column-gap-default\">\n\t\t\t\t\t<div class=\"elementor-column elementor-col-100 elementor-top-column elementor-element elementor-element-b85dbba\" data-id=\"b85dbba\" data-element_type=\"column\" data-e-type=\"column\">\n\t\t\t<div class=\"elementor-widget-wrap elementor-element-populated\">\n\t\t\t\t\t\t<div class=\"elementor-element elementor-element-67ed5a2 elementor-widget elementor-widget-heading\" data-id=\"67ed5a2\" data-element_type=\"widget\" data-e-type=\"widget\" data-widget_type=\"heading.default\">\n\t\t\t\t<div class=\"elementor-widget-container\">\n\t\t\t\t\t<h2 class=\"elementor-heading-title elementor-size-default\">Les points \u00e0 v\u00e9rifier lors du choix d\u2019une pergola pour terrasse<\/h2>\t\t\t\t<\/div>\n\t\t\t\t<\/div>\n\t\t\t\t<div class=\"elementor-element elementor-element-62d2ed9 elementor-widget elementor-widget-text-editor\" data-id=\"62d2ed9\" data-element_type=\"widget\" data-e-type=\"widget\" data-widget_type=\"text-editor.default\">\n\t\t\t\t<div class=\"elementor-widget-container\">\n\t\t\t\t\t\t\t\t\t<p>Il existe divers points \u00e0 examiner afin de trouver la bonne pergola pour votre terrasse. D\u00e9couvrez les.<\/p>\t\t\t\t\t\t\t\t<\/div>\n\t\t\t\t<\/div>\n\t\t\t\t\t<\/div>\n\t\t<\/div>\n\t\t\t\t\t<\/div>\n\t\t<\/section>\n\t\t\t\t<section class=\"elementor-section elementor-top-section elementor-element elementor-element-5bdf6d2 elementor-section-boxed elementor-section-height-default elementor-section-height-default\" data-id=\"5bdf6d2\" data-element_type=\"section\" data-e-type=\"section\" data-settings=\"{&quot;_ha_eqh_enable&quot;:false}\">\n\t\t\t\t\t\t<div class=\"elementor-container elementor-column-gap-default\">\n\t\t\t\t\t<div class=\"elementor-column elementor-col-100 elementor-top-column elementor-element elementor-element-528c7dd\" data-id=\"528c7dd\" data-element_type=\"column\" data-e-type=\"column\">\n\t\t\t<div class=\"elementor-widget-wrap elementor-element-populated\">\n\t\t\t\t\t\t<div class=\"elementor-element elementor-element-56b857d elementor-widget elementor-widget-spacer\" data-id=\"56b857d\" data-element_type=\"widget\" data-e-type=\"widget\" data-widget_type=\"spacer.default\">\n\t\t\t\t<div class=\"elementor-widget-container\">\n\t\t\t\t\t\t\t<div class=\"elementor-spacer\">\n\t\t\t<div class=\"elementor-spacer-inner\"><\/div>\n\t\t<\/div>\n\t\t\t\t\t\t<\/div>\n\t\t\t\t<\/div>\n\t\t\t\t<div class=\"elementor-element elementor-element-9bbde92 elementor-widget elementor-widget-heading\" data-id=\"9bbde92\" data-element_type=\"widget\" data-e-type=\"widget\" data-widget_type=\"heading.default\">\n\t\t\t\t<div class=\"elementor-widget-container\">\n\t\t\t\t\t<h2 class=\"elementor-heading-title elementor-size-default\">Quel mat\u00e9riau choisir pour sa pergola ?<\/h2>\t\t\t\t<\/div>\n\t\t\t\t<\/div>\n\t\t\t\t<div class=\"elementor-element elementor-element-bac7a4b elementor-widget elementor-widget-text-editor\" data-id=\"bac7a4b\" data-element_type=\"widget\" data-e-type=\"widget\" data-widget_type=\"text-editor.default\">\n\t\t\t\t<div class=\"elementor-widget-container\">\n\t\t\t\t\t\t\t\t\t<p>Pour d\u00e9nicher la bonne\u00a0<span style=\"text-decoration: underline;\"><strong><a href=\"https:\/\/www.direct-abris.com\/6-pergolas\">pergola<\/a><\/strong><\/span>, le premier choix doit se porter sur son mat\u00e9riau de fabrication.<\/p><p>Sachez que la plupart des pergolas pour terrasse sur le march\u00e9 sont faites en aluminium, en bois, en acier et en fer forg\u00e9.<\/p>\t\t\t\t\t\t\t\t<\/div>\n\t\t\t\t<\/div>\n\t\t\t\t<div class=\"elementor-element elementor-element-256cca5 elementor-widget elementor-widget-heading\" data-id=\"256cca5\" data-element_type=\"widget\" data-e-type=\"widget\" data-widget_type=\"heading.default\">\n\t\t\t\t<div class=\"elementor-widget-container\">\n\t\t\t\t\t<h3 class=\"elementor-heading-title elementor-size-default\">La pergola en aluminium <\/h3>\t\t\t\t<\/div>\n\t\t\t\t<\/div>\n\t\t\t\t<div class=\"elementor-element elementor-element-a708d2d elementor-widget elementor-widget-text-editor\" data-id=\"a708d2d\" data-element_type=\"widget\" data-e-type=\"widget\" data-widget_type=\"text-editor.default\">\n\t\t\t\t<div class=\"elementor-widget-container\">\n\t\t\t\t\t\t\t\t\t<p>Choisissez l\u2019aluminium si vous voulez avoir une <strong>structure l\u00e9g\u00e8re et design.<\/strong> Il peut se marier avec tous les styles d\u2019architecture. La pergola alu est disponible en plusieurs coloris, de fa\u00e7on \u00e0 pouvoir l\u2019assortir \u00e0 vos menuiseries. Il ne craint pas les intemp\u00e9ries ni les chocs thermiques. Par ailleurs, il est un peu cher.<\/p><p>Son principal avantage\u00a0: <strong>son entretien quasi inexistant.<\/strong><\/p>\t\t\t\t\t\t\t\t<\/div>\n\t\t\t\t<\/div>\n\t\t\t\t<div class=\"elementor-element elementor-element-218f7a9 elementor-widget elementor-widget-heading\" data-id=\"218f7a9\" data-element_type=\"widget\" data-e-type=\"widget\" data-widget_type=\"heading.default\">\n\t\t\t\t<div class=\"elementor-widget-container\">\n\t\t\t\t\t<h3 class=\"elementor-heading-title elementor-size-default\">La pergola en bois<\/h3>\t\t\t\t<\/div>\n\t\t\t\t<\/div>\n\t\t\t\t<div class=\"elementor-element elementor-element-90ed2bb elementor-widget elementor-widget-text-editor\" data-id=\"90ed2bb\" data-element_type=\"widget\" data-e-type=\"widget\" data-widget_type=\"text-editor.default\">\n\t\t\t\t<div class=\"elementor-widget-container\">\n\t\t\t\t\t\t\t\t\t<p>Si vous aimez le c\u00f4t\u00e9 naturel et chaleureux, optez pour la pergola en bois. En bois exotique ou trait\u00e9 autoclave, la pergola peut \u00eatre tr\u00e8s robuste. Elle est aussi <strong>lourde et demande un solide ancrage sur le sol.<\/strong><\/p><p>La pergola en bois est sans aucun doute celle qui a le plus de charme. Veillez \u00e0 <strong>bien entretenir le bois<\/strong> pour garantir sa dur\u00e9e de vie.<\/p>\t\t\t\t\t\t\t\t<\/div>\n\t\t\t\t<\/div>\n\t\t\t\t<div class=\"elementor-element elementor-element-e9aecb9 elementor-widget elementor-widget-heading\" data-id=\"e9aecb9\" data-element_type=\"widget\" data-e-type=\"widget\" data-widget_type=\"heading.default\">\n\t\t\t\t<div class=\"elementor-widget-container\">\n\t\t\t\t\t<h3 class=\"elementor-heading-title elementor-size-default\">La pergola en acier et fer forg\u00e9<\/h3>\t\t\t\t<\/div>\n\t\t\t\t<\/div>\n\t\t\t\t<div class=\"elementor-element elementor-element-facfa38 elementor-widget elementor-widget-text-editor\" data-id=\"facfa38\" data-element_type=\"widget\" data-e-type=\"widget\" data-widget_type=\"text-editor.default\">\n\t\t\t\t<div class=\"elementor-widget-container\">\n\t\t\t\t\t\t\t\t\t<p>La pergola en acier, quant \u00e0 elle, est <strong>plus moderne.<\/strong> Cependant, elle n\u00e9cessite un traitement antirouille r\u00e9gulier pour garder son bon \u00e9tat. Il en va de m\u00eame pour la pergola en fer forg\u00e9. Vous devez appliquer r\u00e9guli\u00e8rement <strong>un traitement antirouille<\/strong> sur la surface. Par ailleurs, elle poss\u00e8de un charme \u00e0 l\u2019ancienne.<\/p>\t\t\t\t\t\t\t\t<\/div>\n\t\t\t\t<\/div>\n\t\t\t\t\t<\/div>\n\t\t<\/div>\n\t\t\t\t\t<\/div>\n\t\t<\/section>\n\t\t\t\t<section class=\"elementor-section elementor-top-section elementor-element elementor-element-5d8e67c elementor-section-boxed elementor-section-height-default elementor-section-height-default\" data-id=\"5d8e67c\" data-element_type=\"section\" data-e-type=\"section\" data-settings=\"{&quot;_ha_eqh_enable&quot;:false}\">\n\t\t\t\t\t\t<div class=\"elementor-container elementor-column-gap-default\">\n\t\t\t\t\t<div class=\"elementor-column elementor-col-100 elementor-top-column elementor-element elementor-element-cc82d78\" data-id=\"cc82d78\" data-element_type=\"column\" data-e-type=\"column\">\n\t\t\t<div class=\"elementor-widget-wrap elementor-element-populated\">\n\t\t\t\t\t\t<div class=\"elementor-element elementor-element-6285d31 elementor-widget elementor-widget-spacer\" data-id=\"6285d31\" data-element_type=\"widget\" data-e-type=\"widget\" data-widget_type=\"spacer.default\">\n\t\t\t\t<div class=\"elementor-widget-container\">\n\t\t\t\t\t\t\t<div class=\"elementor-spacer\">\n\t\t\t<div class=\"elementor-spacer-inner\"><\/div>\n\t\t<\/div>\n\t\t\t\t\t\t<\/div>\n\t\t\t\t<\/div>\n\t\t\t\t<div class=\"elementor-element elementor-element-2b870b8 elementor-widget elementor-widget-heading\" data-id=\"2b870b8\" data-element_type=\"widget\" data-e-type=\"widget\" data-widget_type=\"heading.default\">\n\t\t\t\t<div class=\"elementor-widget-container\">\n\t\t\t\t\t<h2 class=\"elementor-heading-title elementor-size-default\">Quel style pour ma pergola ?<\/h2>\t\t\t\t<\/div>\n\t\t\t\t<\/div>\n\t\t\t\t<div class=\"elementor-element elementor-element-fdb311c elementor-widget elementor-widget-text-editor\" data-id=\"fdb311c\" data-element_type=\"widget\" data-e-type=\"widget\" data-widget_type=\"text-editor.default\">\n\t\t\t\t<div class=\"elementor-widget-container\">\n\t\t\t\t\t\t\t\t\t<p>Il est difficile de vous y retrouver avec les divers styles de pergolas sur le march\u00e9. En effet, vous avez le choix entre la pergola autoport\u00e9e, adoss\u00e9e, d\u00e9montable ou bioclimatique. Tout d\u00e9pend de vos besoins, de vos go\u00fbts, de l\u2019emplacement de votre terrasse et de votre budget.<\/p><p>Ainsi, si votre terrasse se trouve au milieu de la cour, vous pouvez vous tourner vers la <strong>pergola autoportante.<\/strong> \u00c9tant une structure ind\u00e9pendante, celle-ci peut \u00eatre install\u00e9e n\u2019importe o\u00f9. Assurez vous seulement que la terrasse sur laquelle vous allez l\u2019installer est <strong>plate et stable.<\/strong> Attention toutefois \u00e0 ne pas la choisir si vous habitez dans une r\u00e9gion venteuse.<\/p><p>D\u2019un autre c\u00f4t\u00e9, si votre maison s\u2019ouvre sur la terrasse, vous pouvez opter pour une<strong> pergola adoss\u00e9e.<\/strong> Celle-ci se place contre la fa\u00e7ade de votre maison afin de couvrir votre terrasse. \u00c9tant une installation fixe, elle est tr\u00e8s stable. Par ailleurs, elle n\u2019encombre pas la terrasse, car <strong>elle n\u2019a que deux piliers.<\/strong> V\u00e9ritable continuation de la maison, elle est moins ch\u00e8re que la v\u00e9randa.<\/p><p>Vous souhaitez monter ou d\u00e9monter votre installation au gr\u00e9 de vos envies\u2009? Alors, il vous faudra une <strong>pergola d\u00e9montable.<\/strong> Celle-ci est livr\u00e9e en kit et se veut plus facile \u00e0 installer et \u00e0 d\u00e9sinstaller. C\u2019est la pergola <strong>la moins ch\u00e8re du march\u00e9.<\/strong><\/p><p>Si vous privil\u00e9giez le confort, la <strong>pergola bioclimatique<\/strong> est faite pour vous. Celle-ci est dot\u00e9e d\u2019un toit mobile. En effet, ces lames peuvent \u00eatre ferm\u00e9es, ouvertes ou semi-ouvertes selon le climat. Vous serez ainsi bien \u00e0 l\u2019aise sur votre terrasse, peu importe le temps qu\u2019il fait. Le seul inconv\u00e9nient de cette structure est son prix. <strong>Elle est ch\u00e8re<\/strong> et ne convient pas \u00e0 tous les budgets.<\/p>\t\t\t\t\t\t\t\t<\/div>\n\t\t\t\t<\/div>\n\t\t\t\t\t<\/div>\n\t\t<\/div>\n\t\t\t\t\t<\/div>\n\t\t<\/section>\n\t\t\t\t<section class=\"elementor-section elementor-top-section elementor-element elementor-element-8c66796 elementor-section-boxed elementor-section-height-default elementor-section-height-default\" data-id=\"8c66796\" data-element_type=\"section\" data-e-type=\"section\" data-settings=\"{&quot;_ha_eqh_enable&quot;:false}\">\n\t\t\t\t\t\t<div class=\"elementor-container elementor-column-gap-default\">\n\t\t\t\t\t<div class=\"elementor-column elementor-col-100 elementor-top-column elementor-element elementor-element-1e743af\" data-id=\"1e743af\" data-element_type=\"column\" data-e-type=\"column\">\n\t\t\t<div class=\"elementor-widget-wrap elementor-element-populated\">\n\t\t\t\t\t\t<div class=\"elementor-element elementor-element-a8100a7 elementor-widget elementor-widget-spacer\" data-id=\"a8100a7\" data-element_type=\"widget\" data-e-type=\"widget\" data-widget_type=\"spacer.default\">\n\t\t\t\t<div class=\"elementor-widget-container\">\n\t\t\t\t\t\t\t<div class=\"elementor-spacer\">\n\t\t\t<div class=\"elementor-spacer-inner\"><\/div>\n\t\t<\/div>\n\t\t\t\t\t\t<\/div>\n\t\t\t\t<\/div>\n\t\t\t\t<div class=\"elementor-element elementor-element-aa5a163 elementor-widget elementor-widget-heading\" data-id=\"aa5a163\" data-element_type=\"widget\" data-e-type=\"widget\" data-widget_type=\"heading.default\">\n\t\t\t\t<div class=\"elementor-widget-container\">\n\t\t\t\t\t<h2 class=\"elementor-heading-title elementor-size-default\">La couverture de la pergola<\/h2>\t\t\t\t<\/div>\n\t\t\t\t<\/div>\n\t\t\t\t<div class=\"elementor-element elementor-element-1a29323 elementor-widget elementor-widget-text-editor\" data-id=\"1a29323\" data-element_type=\"widget\" data-e-type=\"widget\" data-widget_type=\"text-editor.default\">\n\t\t\t\t<div class=\"elementor-widget-container\">\n\t\t\t\t\t\t\t\t\t<p>Pendant votre s\u00e9lection de la meilleure pergola pour terrasse, vous devez aussi porter votre attention<strong> sur sa couverture.<\/strong> En principe, celle-ci doit pouvoir vous prot\u00e9ger contre les intemp\u00e9ries, les UV et les insectes. Elle doit aussi \u00eatre facile \u00e0 entretenir.<\/p><p>Sur le march\u00e9, vous avez le choix entre la <strong>couverture en polycarbonate, en toile, les lames en aluminium ou le vitrage.<\/strong><\/p>\t\t\t\t\t\t\t\t<\/div>\n\t\t\t\t<\/div>\n\t\t\t\t<div class=\"elementor-element elementor-element-170c454 elementor-widget elementor-widget-heading\" data-id=\"170c454\" data-element_type=\"widget\" data-e-type=\"widget\" data-widget_type=\"heading.default\">\n\t\t\t\t<div class=\"elementor-widget-container\">\n\t\t\t\t\t<h3 class=\"elementor-heading-title elementor-size-default\">La toiture en plaques de polycarbonates<\/h3>\t\t\t\t<\/div>\n\t\t\t\t<\/div>\n\t\t\t\t<div class=\"elementor-element elementor-element-8039551 elementor-widget elementor-widget-text-editor\" data-id=\"8039551\" data-element_type=\"widget\" data-e-type=\"widget\" data-widget_type=\"text-editor.default\">\n\t\t\t\t<div class=\"elementor-widget-container\">\n\t\t\t\t\t\t\t\t\t<p>Le polycarbonate est la mat\u00e9riau <strong>le plus utilis\u00e9<\/strong> pour les couvertures de toit de pergola. Ce mat\u00e9riau dispose de tous les avantages pour ce type d\u2019utilisation : l\u00e9ger, r\u00e9sistant aux chocs, et trait\u00e9 contre la d\u00e9coloration.<\/p><p>Plusieurs types de teintes sont disponibles de fa\u00e7on \u00e0 laisser plus ou moins passer la lumi\u00e8re. Selon votre r\u00e9gion, <strong>des plaques opaques<\/strong> sont plus adapt\u00e9es pour mieux se prot\u00e9ger des fortes chaleurs.<\/p>\t\t\t\t\t\t\t\t<\/div>\n\t\t\t\t<\/div>\n\t\t\t\t<div class=\"elementor-element elementor-element-3812975 elementor-widget elementor-widget-heading\" data-id=\"3812975\" data-element_type=\"widget\" data-e-type=\"widget\" data-widget_type=\"heading.default\">\n\t\t\t\t<div class=\"elementor-widget-container\">\n\t\t\t\t\t<h3 class=\"elementor-heading-title elementor-size-default\">La toiture r\u00e9tractable<\/h3>\t\t\t\t<\/div>\n\t\t\t\t<\/div>\n\t\t\t\t<div class=\"elementor-element elementor-element-3432f31 elementor-widget elementor-widget-text-editor\" data-id=\"3432f31\" data-element_type=\"widget\" data-e-type=\"widget\" data-widget_type=\"text-editor.default\">\n\t\t\t\t<div class=\"elementor-widget-container\">\n\t\t\t\t\t\t\t\t\t<p>Sachez que la couverture en toile pr\u00e9sente l\u2019avantage d\u2019\u00eatre l\u00e9g\u00e8re. Elle laisse passer l\u2019air et vous offre une ambiance intime sur votre terrasse. D\u2019un point de vue esth\u00e9tique, elle est disponible en plusieurs coloris. Cependant, <strong>elle n\u2019est pas tr\u00e8s solide.<\/strong> De ce fait, il est recommand\u00e9 de la retirer pendant l\u2019hiver pour ne pas l\u2019ab\u00eemer.<\/p>\t\t\t\t\t\t\t\t<\/div>\n\t\t\t\t<\/div>\n\t\t\t\t<div class=\"elementor-element elementor-element-83cb0b1 elementor-widget elementor-widget-heading\" data-id=\"83cb0b1\" data-element_type=\"widget\" data-e-type=\"widget\" data-widget_type=\"heading.default\">\n\t\t\t\t<div class=\"elementor-widget-container\">\n\t\t\t\t\t<h3 class=\"elementor-heading-title elementor-size-default\">Toiture en lames alu<\/h3>\t\t\t\t<\/div>\n\t\t\t\t<\/div>\n\t\t\t\t<div class=\"elementor-element elementor-element-928ff04 elementor-widget elementor-widget-text-editor\" data-id=\"928ff04\" data-element_type=\"widget\" data-e-type=\"widget\" data-widget_type=\"text-editor.default\">\n\t\t\t\t<div class=\"elementor-widget-container\">\n\t\t\t\t\t\t\t\t\t<p>Si vous recherchez une couverture r\u00e9sistante aux intemp\u00e9ries, vous pouvez vous tourner vers les lames en aluminium. Install\u00e9es sur les pergolas bioclimatiques, elles peuvent <strong>se fermer pour vous prot\u00e9ger de la pluie ou s\u2019ouvrir pour laisser passer l\u2019air frais.<\/strong> De plus, elles ne n\u00e9cessitent pas beaucoup d\u2019entretien.<\/p>\t\t\t\t\t\t\t\t<\/div>\n\t\t\t\t<\/div>\n\t\t\t\t<div class=\"elementor-element elementor-element-0deac46 elementor-widget elementor-widget-heading\" data-id=\"0deac46\" data-element_type=\"widget\" data-e-type=\"widget\" data-widget_type=\"heading.default\">\n\t\t\t\t<div class=\"elementor-widget-container\">\n\t\t\t\t\t<h3 class=\"elementor-heading-title elementor-size-default\">Toiture en verre<\/h3>\t\t\t\t<\/div>\n\t\t\t\t<\/div>\n\t\t\t\t<div class=\"elementor-element elementor-element-c02a395 elementor-widget elementor-widget-text-editor\" data-id=\"c02a395\" data-element_type=\"widget\" data-e-type=\"widget\" data-widget_type=\"text-editor.default\">\n\t\t\t\t<div class=\"elementor-widget-container\">\n\t\t\t\t\t\t\t\t\t<p>La pergola avec un toit vitr\u00e9 est aussi <strong>tr\u00e8s esth\u00e9tique.<\/strong> Elle laisse passer la lumi\u00e8re pour donner un c\u00f4t\u00e9 chaleureux et convivial \u00e0 votre terrasse. En y ajoutant un filtre solaire, ce toit va vous prot\u00e9ger des UV. Par ailleurs, il est<strong> r\u00e9sistant aux chocs et aux impacts.<\/strong> Toutefois, il peut \u00eatre bruyant lorsque des gouttes de pluie ou des gr\u00ealons tombent dessus.<\/p>\t\t\t\t\t\t\t\t<\/div>\n\t\t\t\t<\/div>\n\t\t\t\t\t<\/div>\n\t\t<\/div>\n\t\t\t\t\t<\/div>\n\t\t<\/section>\n\t\t\t\t<section class=\"elementor-section elementor-top-section elementor-element elementor-element-33837a6 elementor-section-boxed elementor-section-height-default elementor-section-height-default\" data-id=\"33837a6\" data-element_type=\"section\" data-e-type=\"section\" data-settings=\"{&quot;_ha_eqh_enable&quot;:false}\">\n\t\t\t\t\t\t<div class=\"elementor-container elementor-column-gap-default\">\n\t\t\t\t\t<div class=\"elementor-column elementor-col-100 elementor-top-column elementor-element elementor-element-c13adf7\" data-id=\"c13adf7\" data-element_type=\"column\" data-e-type=\"column\">\n\t\t\t<div class=\"elementor-widget-wrap elementor-element-populated\">\n\t\t\t\t\t\t<div class=\"elementor-element elementor-element-c4455a6 elementor-widget elementor-widget-spacer\" data-id=\"c4455a6\" data-element_type=\"widget\" data-e-type=\"widget\" data-widget_type=\"spacer.default\">\n\t\t\t\t<div class=\"elementor-widget-container\">\n\t\t\t\t\t\t\t<div class=\"elementor-spacer\">\n\t\t\t<div class=\"elementor-spacer-inner\"><\/div>\n\t\t<\/div>\n\t\t\t\t\t\t<\/div>\n\t\t\t\t<\/div>\n\t\t\t\t<div class=\"elementor-element elementor-element-a5090f4 ha-has-bg-overlay elementor-widget elementor-widget-heading\" data-id=\"a5090f4\" data-element_type=\"widget\" data-e-type=\"widget\" data-widget_type=\"heading.default\">\n\t\t\t\t<div class=\"elementor-widget-container\">\n\t\t\t\t\t<h2 class=\"elementor-heading-title elementor-size-default\">D\u00e9couvrez \u00e9galement<\/h2>\t\t\t\t<\/div>\n\t\t\t\t<\/div>\n\t\t\t\t\t<\/div>\n\t\t<\/div>\n\t\t\t\t\t<\/div>\n\t\t<\/section>\n\t\t\t\t<section class=\"elementor-section elementor-top-section elementor-element elementor-element-54cc1f1 elementor-section-boxed elementor-section-height-default elementor-section-height-default\" data-id=\"54cc1f1\" data-element_type=\"section\" data-e-type=\"section\" data-settings=\"{&quot;_ha_eqh_enable&quot;:false}\">\n\t\t\t\t\t\t<div class=\"elementor-container elementor-column-gap-default\">\n\t\t\t\t\t<div class=\"elementor-column elementor-col-100 elementor-top-column elementor-element elementor-element-180ed0f\" data-id=\"180ed0f\" data-element_type=\"column\" data-e-type=\"column\">\n\t\t\t<div class=\"elementor-widget-wrap elementor-element-populated\">\n\t\t\t\t\t\t<div class=\"elementor-element elementor-element-05a7236 elementor-widget elementor-widget-ha-post-tiles happy-addon ha-post-tiles happy-addon-pro\" data-id=\"05a7236\" data-element_type=\"widget\" data-e-type=\"widget\" data-widget_type=\"ha-post-tiles.default\">\n\t\t\t\t<div class=\"elementor-widget-container\">\n\t\t\t\t\t\n\t\t\t<div class=\"ha-tiles ha-tiles--11 ha-tiles--4by5\">\n\n\t\t\t\t\t\t\t\t\t<article class=\"ha-tiles__tile ha-tiles__tile--lg\">\n\t\t\t\t\t\t<div class=\"ha-tiles__tile-content\">\n\t\t\t\t\t\t\t\t\t<div class=\"ha-tiles__tile-meta\">\n\t\t\t\t<span class=\"ha-tiles__tile-author\">\n\t\t\t\t\t\t<svg xmlns=\"http:\/\/www.w3.org\/2000\/svg\" width=\"32\" height=\"32\" viewBox=\"0 0 32 32\"><path d=\"M30 26.4V29c0 1.7-1.3 3-3 3H5c-1.7 0-3-1.3-3-3v-2.6c0-4.6 3.8-8.4 8.4-8.4h1c1.4 0.6 2.9 1 4.6 1s3.2-0.4 4.6-1h1C26.2 18 30 21.8 30 26.4zM8 8c0-4.4 3.6-8 8-8s8 3.6 8 8 -3.6 8-8 8S8 12.4 8 8z\"\/><\/svg>\n\t\t\t\t\t\tCamille Caire\t\t<\/span>\n\t\t\t\t<span class=\"ha-tiles__tile-date\">\n\t\t\t\t\t\t<svg xmlns=\"http:\/\/www.w3.org\/2000\/svg\" width=\"32\" height=\"32\" viewBox=\"0 0 32 32\"><path d=\"M32 16c0 8.8-7.2 16-16 16S0 24.8 0 16 7.2 0 16 0 32 7.2 32 16zM22.2 19.5c0-0.3-0.2-0.6-0.4-0.8L18.1 16V6.7c0-0.6-0.5-1-1-1H15c-0.6 0-1 0.5-1 1v10 0c0 0.7 0.4 1.6 1 2l4.3 3.2c0.2 0.1 0.4 0.2 0.6 0.2 0.3 0 0.6-0.2 0.8-0.4l1.3-1.6C22.1 20 22.2 19.7 22.2 19.5z\"\/><\/svg>\n\t\t\t\t\t\t20 d\u00e9cembre 2021\t\t<\/span>\n\t\t\t\t<\/div>\n\t\t\t\t\t\t\t\t\t<h3 class=\"ha-tiles__tile-title\"><a href=\"https:\/\/secondsouffle.co\/index.php\/2021\/12\/20\/comment-bien-choisir-votre-verriere-dinterieur\/\" rel=\"bookmark\">Comment bien choisir votre verri\u00e8re d&rsquo;int\u00e9rieur ?<\/a><\/h3>\n\t\t\t\t\t\t\t<p class=\"ha-tiles__tile-excerpt\">La verri\u00e8re est un accessoire tr\u00e8s pris\u00e9 dans le domaine de la d\u00e9coration int\u00e9rieure. Que\u2026<\/p>\n\t\t\t\t\t\t<\/div>\n\n\t\t\t\t\t\t<a href=\"https:\/\/secondsouffle.co\/index.php\/category\/architecture-et-amenagement-interieur\/\" rel=\"tag\" class=\"ha-tiles__tile-tag\">Architecture et am\u00e9nagement d&#039;int\u00e9rieur<\/a><img fetchpriority=\"high\" decoding=\"async\" width=\"800\" height=\"534\" src=\"https:\/\/secondsouffle.co\/wp-content\/uploads\/2021\/12\/verriere-interieur-paris.-1024x683.jpg\" class=\"ha-tiles__tile-img wp-post-image\" alt=\"\" srcset=\"https:\/\/secondsouffle.co\/wp-content\/uploads\/2021\/12\/verriere-interieur-paris.-1024x683.jpg 1024w, https:\/\/secondsouffle.co\/wp-content\/uploads\/2021\/12\/verriere-interieur-paris.-300x200.jpg 300w, https:\/\/secondsouffle.co\/wp-content\/uploads\/2021\/12\/verriere-interieur-paris.-768x512.jpg 768w, https:\/\/secondsouffle.co\/wp-content\/uploads\/2021\/12\/verriere-interieur-paris.-1536x1024.jpg 1536w, https:\/\/secondsouffle.co\/wp-content\/uploads\/2021\/12\/verriere-interieur-paris.-2048x1366.jpg 2048w\" sizes=\"(max-width: 800px) 100vw, 800px\" \/>\t\t\t\t\t<\/article>\n\n\t\t\t\t\t\t\t\t\t<article class=\"ha-tiles__tile ha-tiles__tile--sm\">\n\t\t\t\t\t\t<div class=\"ha-tiles__tile-content\">\n\t\t\t\t\t\t\t\t\t<div class=\"ha-tiles__tile-meta\">\n\t\t\t\t<span class=\"ha-tiles__tile-author\">\n\t\t\t\t\t\t<svg xmlns=\"http:\/\/www.w3.org\/2000\/svg\" width=\"32\" height=\"32\" viewBox=\"0 0 32 32\"><path d=\"M30 26.4V29c0 1.7-1.3 3-3 3H5c-1.7 0-3-1.3-3-3v-2.6c0-4.6 3.8-8.4 8.4-8.4h1c1.4 0.6 2.9 1 4.6 1s3.2-0.4 4.6-1h1C26.2 18 30 21.8 30 26.4zM8 8c0-4.4 3.6-8 8-8s8 3.6 8 8 -3.6 8-8 8S8 12.4 8 8z\"\/><\/svg>\n\t\t\t\t\t\tCamille Caire\t\t<\/span>\n\t\t\t\t<span class=\"ha-tiles__tile-date\">\n\t\t\t\t\t\t<svg xmlns=\"http:\/\/www.w3.org\/2000\/svg\" width=\"32\" height=\"32\" viewBox=\"0 0 32 32\"><path d=\"M32 16c0 8.8-7.2 16-16 16S0 24.8 0 16 7.2 0 16 0 32 7.2 32 16zM22.2 19.5c0-0.3-0.2-0.6-0.4-0.8L18.1 16V6.7c0-0.6-0.5-1-1-1H15c-0.6 0-1 0.5-1 1v10 0c0 0.7 0.4 1.6 1 2l4.3 3.2c0.2 0.1 0.4 0.2 0.6 0.2 0.3 0 0.6-0.2 0.8-0.4l1.3-1.6C22.1 20 22.2 19.7 22.2 19.5z\"\/><\/svg>\n\t\t\t\t\t\t14 d\u00e9cembre 2021\t\t<\/span>\n\t\t\t\t<\/div>\n\t\t\t\t\t\t\t\t\t<h3 class=\"ha-tiles__tile-title\"><a href=\"https:\/\/secondsouffle.co\/index.php\/2021\/12\/14\/quelle-credence-choisir-pour-sa-cuisine\/\" rel=\"bookmark\">Quelle cr\u00e9dence choisir pour sa cuisine ?<\/a><\/h3>\n\t\t\t\t\t\t\t<p class=\"ha-tiles__tile-excerpt\">La cuisine est un espace priv\u00e9 dont l\u2019am\u00e9nagement demande qu\u2019on donne de soi. En dehors\u2026<\/p>\n\t\t\t\t\t\t<\/div>\n\n\t\t\t\t\t\t<a href=\"https:\/\/secondsouffle.co\/index.php\/category\/renovation\/\" rel=\"tag\" class=\"ha-tiles__tile-tag\">R\u00e9novation<\/a><img decoding=\"async\" width=\"800\" height=\"534\" src=\"https:\/\/secondsouffle.co\/wp-content\/uploads\/2021\/12\/credence-cuisine-1024x683.jpg\" class=\"ha-tiles__tile-img wp-post-image\" alt=\"\" srcset=\"https:\/\/secondsouffle.co\/wp-content\/uploads\/2021\/12\/credence-cuisine-1024x683.jpg 1024w, https:\/\/secondsouffle.co\/wp-content\/uploads\/2021\/12\/credence-cuisine-300x200.jpg 300w, https:\/\/secondsouffle.co\/wp-content\/uploads\/2021\/12\/credence-cuisine-768x512.jpg 768w, https:\/\/secondsouffle.co\/wp-content\/uploads\/2021\/12\/credence-cuisine-1536x1024.jpg 1536w, https:\/\/secondsouffle.co\/wp-content\/uploads\/2021\/12\/credence-cuisine-2048x1365.jpg 2048w\" sizes=\"(max-width: 800px) 100vw, 800px\" \/>\t\t\t\t\t<\/article>\n\n\t\t\t\t\t\t\t\t\t<article class=\"ha-tiles__tile ha-tiles__tile--sm\">\n\t\t\t\t\t\t<div class=\"ha-tiles__tile-content\">\n\t\t\t\t\t\t\t\t\t<div class=\"ha-tiles__tile-meta\">\n\t\t\t\t<span class=\"ha-tiles__tile-author\">\n\t\t\t\t\t\t<svg xmlns=\"http:\/\/www.w3.org\/2000\/svg\" width=\"32\" height=\"32\" viewBox=\"0 0 32 32\"><path d=\"M30 26.4V29c0 1.7-1.3 3-3 3H5c-1.7 0-3-1.3-3-3v-2.6c0-4.6 3.8-8.4 8.4-8.4h1c1.4 0.6 2.9 1 4.6 1s3.2-0.4 4.6-1h1C26.2 18 30 21.8 30 26.4zM8 8c0-4.4 3.6-8 8-8s8 3.6 8 8 -3.6 8-8 8S8 12.4 8 8z\"\/><\/svg>\n\t\t\t\t\t\tCamille Caire\t\t<\/span>\n\t\t\t\t<span class=\"ha-tiles__tile-date\">\n\t\t\t\t\t\t<svg xmlns=\"http:\/\/www.w3.org\/2000\/svg\" width=\"32\" height=\"32\" viewBox=\"0 0 32 32\"><path d=\"M32 16c0 8.8-7.2 16-16 16S0 24.8 0 16 7.2 0 16 0 32 7.2 32 16zM22.2 19.5c0-0.3-0.2-0.6-0.4-0.8L18.1 16V6.7c0-0.6-0.5-1-1-1H15c-0.6 0-1 0.5-1 1v10 0c0 0.7 0.4 1.6 1 2l4.3 3.2c0.2 0.1 0.4 0.2 0.6 0.2 0.3 0 0.6-0.2 0.8-0.4l1.3-1.6C22.1 20 22.2 19.7 22.2 19.5z\"\/><\/svg>\n\t\t\t\t\t\t16 juillet 2021\t\t<\/span>\n\t\t\t\t<\/div>\n\t\t\t\t\t\t\t\t\t<h3 class=\"ha-tiles__tile-title\"><a href=\"https:\/\/secondsouffle.co\/index.php\/2021\/07\/16\/escalier-comment-bien-le-choisir\/\" rel=\"bookmark\">Escalier : comment bien le choisir ?<\/a><\/h3>\n\t\t\t\t\t\t\t<p class=\"ha-tiles__tile-excerpt\">Qu'il soit fixe ou mobile, l'escalier est un ensemble de marches \u00e9chelonn\u00e9es qui permet de\u2026<\/p>\n\t\t\t\t\t\t<\/div>\n\n\t\t\t\t\t\t<a href=\"https:\/\/secondsouffle.co\/index.php\/category\/architecture-et-amenagement-interieur\/\" rel=\"tag\" class=\"ha-tiles__tile-tag\">Architecture et am\u00e9nagement d&#039;int\u00e9rieur<\/a><img decoding=\"async\" width=\"800\" height=\"534\" src=\"https:\/\/secondsouffle.co\/wp-content\/uploads\/2021\/07\/escalier-comment-bien-le-choisir-1024x683.jpg\" class=\"ha-tiles__tile-img wp-post-image\" alt=\"\" srcset=\"https:\/\/secondsouffle.co\/wp-content\/uploads\/2021\/07\/escalier-comment-bien-le-choisir-1024x683.jpg 1024w, https:\/\/secondsouffle.co\/wp-content\/uploads\/2021\/07\/escalier-comment-bien-le-choisir-300x200.jpg 300w, https:\/\/secondsouffle.co\/wp-content\/uploads\/2021\/07\/escalier-comment-bien-le-choisir-768x512.jpg 768w, https:\/\/secondsouffle.co\/wp-content\/uploads\/2021\/07\/escalier-comment-bien-le-choisir-1536x1024.jpg 1536w, https:\/\/secondsouffle.co\/wp-content\/uploads\/2021\/07\/escalier-comment-bien-le-choisir-2048x1365.jpg 2048w\" sizes=\"(max-width: 800px) 100vw, 800px\" \/>\t\t\t\t\t<\/article>\n\n\t\t\t\t\t\t\t\t\t<article class=\"ha-tiles__tile ha-tiles__tile--sm\">\n\t\t\t\t\t\t<div class=\"ha-tiles__tile-content\">\n\t\t\t\t\t\t\t\t\t<div class=\"ha-tiles__tile-meta\">\n\t\t\t\t<span class=\"ha-tiles__tile-author\">\n\t\t\t\t\t\t<svg xmlns=\"http:\/\/www.w3.org\/2000\/svg\" width=\"32\" height=\"32\" viewBox=\"0 0 32 32\"><path d=\"M30 26.4V29c0 1.7-1.3 3-3 3H5c-1.7 0-3-1.3-3-3v-2.6c0-4.6 3.8-8.4 8.4-8.4h1c1.4 0.6 2.9 1 4.6 1s3.2-0.4 4.6-1h1C26.2 18 30 21.8 30 26.4zM8 8c0-4.4 3.6-8 8-8s8 3.6 8 8 -3.6 8-8 8S8 12.4 8 8z\"\/><\/svg>\n\t\t\t\t\t\tCamille Caire\t\t<\/span>\n\t\t\t\t<span class=\"ha-tiles__tile-date\">\n\t\t\t\t\t\t<svg xmlns=\"http:\/\/www.w3.org\/2000\/svg\" width=\"32\" height=\"32\" viewBox=\"0 0 32 32\"><path d=\"M32 16c0 8.8-7.2 16-16 16S0 24.8 0 16 7.2 0 16 0 32 7.2 32 16zM22.2 19.5c0-0.3-0.2-0.6-0.4-0.8L18.1 16V6.7c0-0.6-0.5-1-1-1H15c-0.6 0-1 0.5-1 1v10 0c0 0.7 0.4 1.6 1 2l4.3 3.2c0.2 0.1 0.4 0.2 0.6 0.2 0.3 0 0.6-0.2 0.8-0.4l1.3-1.6C22.1 20 22.2 19.7 22.2 19.5z\"\/><\/svg>\n\t\t\t\t\t\t5 juillet 2021\t\t<\/span>\n\t\t\t\t<\/div>\n\t\t\t\t\t\t\t\t\t<h3 class=\"ha-tiles__tile-title\"><a href=\"https:\/\/secondsouffle.co\/index.php\/2021\/07\/05\/evier-de-cuisine-quelle-matiere-choisir\/\" rel=\"bookmark\">Evier de cuisine : quelle mati\u00e8re choisir ?<\/a><\/h3>\n\t\t\t\t\t\t\t<p class=\"ha-tiles__tile-excerpt\">Autrefois consid\u00e9r\u00e9 comme un simple \u00e9l\u00e9ment pratique de la cuisine, l\u2019\u00e9vier est aujourd\u2019hui un \u00e9l\u00e9ment\u2026<\/p>\n\t\t\t\t\t\t<\/div>\n\n\t\t\t\t\t\t<a href=\"https:\/\/secondsouffle.co\/index.php\/category\/architecture-et-amenagement-interieur\/\" rel=\"tag\" class=\"ha-tiles__tile-tag\">Architecture et am\u00e9nagement d&#039;int\u00e9rieur<\/a><img loading=\"lazy\" decoding=\"async\" width=\"683\" height=\"1024\" src=\"https:\/\/secondsouffle.co\/wp-content\/uploads\/2021\/07\/evier-cuisine-quelle-matiere-choisir-683x1024.jpg\" class=\"ha-tiles__tile-img wp-post-image\" alt=\"\" srcset=\"https:\/\/secondsouffle.co\/wp-content\/uploads\/2021\/07\/evier-cuisine-quelle-matiere-choisir-683x1024.jpg 683w, https:\/\/secondsouffle.co\/wp-content\/uploads\/2021\/07\/evier-cuisine-quelle-matiere-choisir-200x300.jpg 200w, https:\/\/secondsouffle.co\/wp-content\/uploads\/2021\/07\/evier-cuisine-quelle-matiere-choisir-768x1152.jpg 768w, https:\/\/secondsouffle.co\/wp-content\/uploads\/2021\/07\/evier-cuisine-quelle-matiere-choisir-1024x1536.jpg 1024w, https:\/\/secondsouffle.co\/wp-content\/uploads\/2021\/07\/evier-cuisine-quelle-matiere-choisir-1365x2048.jpg 1365w\" sizes=\"(max-width: 683px) 100vw, 683px\" \/>\t\t\t\t\t<\/article>\n\n\t\t\t\t\t\t\t\t\t<article class=\"ha-tiles__tile ha-tiles__tile--sm\">\n\t\t\t\t\t\t<div class=\"ha-tiles__tile-content\">\n\t\t\t\t\t\t\t\t\t<div class=\"ha-tiles__tile-meta\">\n\t\t\t\t<span class=\"ha-tiles__tile-author\">\n\t\t\t\t\t\t<svg xmlns=\"http:\/\/www.w3.org\/2000\/svg\" width=\"32\" height=\"32\" viewBox=\"0 0 32 32\"><path d=\"M30 26.4V29c0 1.7-1.3 3-3 3H5c-1.7 0-3-1.3-3-3v-2.6c0-4.6 3.8-8.4 8.4-8.4h1c1.4 0.6 2.9 1 4.6 1s3.2-0.4 4.6-1h1C26.2 18 30 21.8 30 26.4zM8 8c0-4.4 3.6-8 8-8s8 3.6 8 8 -3.6 8-8 8S8 12.4 8 8z\"\/><\/svg>\n\t\t\t\t\t\tCamille Caire\t\t<\/span>\n\t\t\t\t<span class=\"ha-tiles__tile-date\">\n\t\t\t\t\t\t<svg xmlns=\"http:\/\/www.w3.org\/2000\/svg\" width=\"32\" height=\"32\" viewBox=\"0 0 32 32\"><path d=\"M32 16c0 8.8-7.2 16-16 16S0 24.8 0 16 7.2 0 16 0 32 7.2 32 16zM22.2 19.5c0-0.3-0.2-0.6-0.4-0.8L18.1 16V6.7c0-0.6-0.5-1-1-1H15c-0.6 0-1 0.5-1 1v10 0c0 0.7 0.4 1.6 1 2l4.3 3.2c0.2 0.1 0.4 0.2 0.6 0.2 0.3 0 0.6-0.2 0.8-0.4l1.3-1.6C22.1 20 22.2 19.7 22.2 19.5z\"\/><\/svg>\n\t\t\t\t\t\t20 janvier 2021\t\t<\/span>\n\t\t\t\t<\/div>\n\t\t\t\t\t\t\t\t\t<h3 class=\"ha-tiles__tile-title\"><a href=\"https:\/\/secondsouffle.co\/index.php\/2021\/01\/20\/prises-et-interrupteurs-ou-les-placer-dans-une-chambre\/\" rel=\"bookmark\">Prises et interrupteurs : o\u00f9 les placer dans une chambre ?<\/a><\/h3>\n\t\t\t\t\t\t\t<p class=\"ha-tiles__tile-excerpt\">Chez Second Souffle, avant le d\u00e9marrage des travaux, nous vous demandons pour chaque pi\u00e8ce de\u2026<\/p>\n\t\t\t\t\t\t<\/div>\n\n\t\t\t\t\t\t<a href=\"https:\/\/secondsouffle.co\/index.php\/category\/architecture-et-amenagement-interieur\/\" rel=\"tag\" class=\"ha-tiles__tile-tag\">Architecture et am\u00e9nagement d&#039;int\u00e9rieur<\/a><img loading=\"lazy\" decoding=\"async\" width=\"800\" height=\"706\" src=\"https:\/\/secondsouffle.co\/wp-content\/uploads\/2021\/01\/Prises-et-interrupteurs-ou-les-placer-dans-une-chambre-1024x904.jpg\" class=\"ha-tiles__tile-img wp-post-image\" alt=\"\" srcset=\"https:\/\/secondsouffle.co\/wp-content\/uploads\/2021\/01\/Prises-et-interrupteurs-ou-les-placer-dans-une-chambre-1024x904.jpg 1024w, https:\/\/secondsouffle.co\/wp-content\/uploads\/2021\/01\/Prises-et-interrupteurs-ou-les-placer-dans-une-chambre-300x265.jpg 300w, https:\/\/secondsouffle.co\/wp-content\/uploads\/2021\/01\/Prises-et-interrupteurs-ou-les-placer-dans-une-chambre-768x678.jpg 768w, https:\/\/secondsouffle.co\/wp-content\/uploads\/2021\/01\/Prises-et-interrupteurs-ou-les-placer-dans-une-chambre-1536x1355.jpg 1536w, https:\/\/secondsouffle.co\/wp-content\/uploads\/2021\/01\/Prises-et-interrupteurs-ou-les-placer-dans-une-chambre-2048x1807.jpg 2048w\" sizes=\"(max-width: 800px) 100vw, 800px\" \/>\t\t\t\t\t<\/article>\n\n\t\t\t\t\n\t\t\t<\/div>\n\n\t\t\t\t\t\t\t<\/div>\n\t\t\t\t<\/div>\n\t\t\t\t<div class=\"elementor-element elementor-element-2158bcb elementor-widget elementor-widget-spacer\" data-id=\"2158bcb\" data-element_type=\"widget\" data-e-type=\"widget\" data-widget_type=\"spacer.default\">\n\t\t\t\t<div class=\"elementor-widget-container\">\n\t\t\t\t\t\t\t<div class=\"elementor-spacer\">\n\t\t\t<div class=\"elementor-spacer-inner\"><\/div>\n\t\t<\/div>\n\t\t\t\t\t\t<\/div>\n\t\t\t\t<\/div>\n\t\t\t\t\t<\/div>\n\t\t<\/div>\n\t\t\t\t\t<\/div>\n\t\t<\/section>\n\t\t\t\t<\/div>\n\t\t","protected":false},"excerpt":{"rendered":"<p>Vous souhaitez apporter une plus-value \u00e0 votre propri\u00e9t\u00e9\u2009? Vous pensez \u00e0 installer une pergola pour abriter votre terrasse\u2009? Non seulement esth\u00e9tique, il s\u2019agit d\u2019une structure qui cr\u00e9\u00e9 un nouvel espace de vie entre le jardin et la maison. En effet, elle met votre terrasse \u00e0 l\u2019abri des intemp\u00e9ries et de la chaleur estivale. <\/p>\n","protected":false},"author":1,"featured_media":16214,"comment_status":"open","ping_status":"open","sticky":false,"template":"","format":"standard","meta":{"_monsterinsights_skip_tracking":false,"_monsterinsights_sitenote_active":false,"_monsterinsights_sitenote_note":"","_monsterinsights_sitenote_category":0,"footnotes":""},"categories":[20],"tags":[],"class_list":["post-16213","post","type-post","status-publish","format-standard","has-post-thumbnail","hentry","category-deco-et-tendance"],"aioseo_notices":[],"amp_enabled":true,"_links":{"self":[{"href":"https:\/\/secondsouffle.co\/index.php\/wp-json\/wp\/v2\/posts\/16213","targetHints":{"allow":["GET"]}}],"collection":[{"href":"https:\/\/secondsouffle.co\/index.php\/wp-json\/wp\/v2\/posts"}],"about":[{"href":"https:\/\/secondsouffle.co\/index.php\/wp-json\/wp\/v2\/types\/post"}],"author":[{"embeddable":true,"href":"https:\/\/secondsouffle.co\/index.php\/wp-json\/wp\/v2\/users\/1"}],"replies":[{"embeddable":true,"href":"https:\/\/secondsouffle.co\/index.php\/wp-json\/wp\/v2\/comments?post=16213"}],"version-history":[{"count":0,"href":"https:\/\/secondsouffle.co\/index.php\/wp-json\/wp\/v2\/posts\/16213\/revisions"}],"wp:featuredmedia":[{"embeddable":true,"href":"https:\/\/secondsouffle.co\/index.php\/wp-json\/wp\/v2\/media\/16214"}],"wp:attachment":[{"href":"https:\/\/secondsouffle.co\/index.php\/wp-json\/wp\/v2\/media?parent=16213"}],"wp:term":[{"taxonomy":"category","embeddable":true,"href":"https:\/\/secondsouffle.co\/index.php\/wp-json\/wp\/v2\/categories?post=16213"},{"taxonomy":"post_tag","embeddable":true,"href":"https:\/\/secondsouffle.co\/index.php\/wp-json\/wp\/v2\/tags?post=16213"}],"curies":[{"name":"wp","href":"https:\/\/api.w.org\/{rel}","templated":true}]}}