{"id":16221,"date":"2022-03-30T17:30:10","date_gmt":"2022-03-30T15:30:10","guid":{"rendered":"https:\/\/secondsouffle.co\/?p=16221"},"modified":"2022-03-30T17:30:15","modified_gmt":"2022-03-30T15:30:15","slug":"les-5-criteres-de-choix-des-garde-corps-en-bois","status":"publish","type":"post","link":"https:\/\/secondsouffle.co\/index.php\/2022\/03\/30\/les-5-criteres-de-choix-des-garde-corps-en-bois\/","title":{"rendered":"Les 5 crit\u00e8res de choix des garde-corps en bois"},"content":{"rendered":"\t\t<div data-elementor-type=\"wp-post\" data-elementor-id=\"16221\" class=\"elementor elementor-16221\" data-elementor-settings=\"{&quot;ha_cmc_init_switcher&quot;:&quot;no&quot;}\" data-elementor-post-type=\"post\">\n\t\t\t\t\t\t<section class=\"elementor-section elementor-top-section elementor-element elementor-element-12f64cb elementor-section-content-middle elementor-section-boxed elementor-section-height-default elementor-section-height-default\" data-id=\"12f64cb\" data-element_type=\"section\" data-e-type=\"section\" data-settings=\"{&quot;background_background&quot;:&quot;gradient&quot;,&quot;_ha_eqh_enable&quot;:false}\">\n\t\t\t\t\t\t\t<div class=\"elementor-background-overlay\"><\/div>\n\t\t\t\t\t\t\t<div class=\"elementor-container elementor-column-gap-no\">\n\t\t\t\t\t<div class=\"elementor-column elementor-col-100 elementor-top-column elementor-element elementor-element-c28cff5\" data-id=\"c28cff5\" data-element_type=\"column\" data-e-type=\"column\">\n\t\t\t<div class=\"elementor-widget-wrap elementor-element-populated\">\n\t\t\t\t\t\t<div class=\"elementor-element elementor-element-84e68e3 elementor-widget elementor-widget-heading\" data-id=\"84e68e3\" data-element_type=\"widget\" data-e-type=\"widget\" data-widget_type=\"heading.default\">\n\t\t\t\t<div class=\"elementor-widget-container\">\n\t\t\t\t\t<h1 class=\"elementor-heading-title elementor-size-default\">Les 5 crit\u00e8res de choix des garde-corps en bois<\/h1>\t\t\t\t<\/div>\n\t\t\t\t<\/div>\n\t\t\t\t<div class=\"elementor-element elementor-element-a66c58a elementor-mobile-align-center elementor-widget elementor-widget-post-info\" data-id=\"a66c58a\" data-element_type=\"widget\" data-e-type=\"widget\" data-widget_type=\"post-info.default\">\n\t\t\t\t<div class=\"elementor-widget-container\">\n\t\t\t\t\t\t\t<ul class=\"elementor-inline-items elementor-icon-list-items elementor-post-info\">\n\t\t\t\t\t\t\t\t<li class=\"elementor-icon-list-item elementor-repeater-item-b014cd4 elementor-inline-item\" itemprop=\"datePublished\">\n\t\t\t\t\t\t<a href=\"https:\/\/secondsouffle.co\/index.php\/2022\/03\/30\/\">\n\t\t\t\t\t\t\t\t\t\t\t<span class=\"elementor-icon-list-icon\">\n\t\t\t\t\t\t\t\t<svg aria-hidden=\"true\" class=\"e-font-icon-svg e-fas-calendar\" viewBox=\"0 0 448 512\" xmlns=\"http:\/\/www.w3.org\/2000\/svg\"><path d=\"M12 192h424c6.6 0 12 5.4 12 12v260c0 26.5-21.5 48-48 48H48c-26.5 0-48-21.5-48-48V204c0-6.6 5.4-12 12-12zm436-44v-36c0-26.5-21.5-48-48-48h-48V12c0-6.6-5.4-12-12-12h-40c-6.6 0-12 5.4-12 12v52H160V12c0-6.6-5.4-12-12-12h-40c-6.6 0-12 5.4-12 12v52H48C21.5 64 0 85.5 0 112v36c0 6.6 5.4 12 12 12h424c6.6 0 12-5.4 12-12z\"><\/path><\/svg>\t\t\t\t\t\t\t<\/span>\n\t\t\t\t\t\t\t\t\t<span class=\"elementor-icon-list-text elementor-post-info__item elementor-post-info__item--type-date\">\n\t\t\t\t\t\t\t\t\t\t<time>mars 30, 2022<\/time>\t\t\t\t\t<\/span>\n\t\t\t\t\t\t\t\t\t<\/a>\n\t\t\t\t<\/li>\n\t\t\t\t<li class=\"elementor-icon-list-item elementor-repeater-item-4499c28 elementor-inline-item\">\n\t\t\t\t\t\t\t\t\t\t<span class=\"elementor-icon-list-icon\">\n\t\t\t\t\t\t\t\t<svg aria-hidden=\"true\" class=\"e-font-icon-svg e-far-clock\" viewBox=\"0 0 512 512\" xmlns=\"http:\/\/www.w3.org\/2000\/svg\"><path d=\"M256 8C119 8 8 119 8 256s111 248 248 248 248-111 248-248S393 8 256 8zm0 448c-110.5 0-200-89.5-200-200S145.5 56 256 56s200 89.5 200 200-89.5 200-200 200zm61.8-104.4l-84.9-61.7c-3.1-2.3-4.9-5.9-4.9-9.7V116c0-6.6 5.4-12 12-12h32c6.6 0 12 5.4 12 12v141.7l66.8 48.6c5.4 3.9 6.5 11.4 2.6 16.8L334.6 349c-3.9 5.3-11.4 6.5-16.8 2.6z\"><\/path><\/svg>\t\t\t\t\t\t\t<\/span>\n\t\t\t\t\t\t\t\t\t<span class=\"elementor-icon-list-text elementor-post-info__item elementor-post-info__item--type-time\">\n\t\t\t\t\t\t\t\t\t\t<time>5:30 pm<\/time>\t\t\t\t\t<\/span>\n\t\t\t\t\t\t\t\t<\/li>\n\t\t\t\t<li class=\"elementor-icon-list-item elementor-repeater-item-9026d4d elementor-inline-item\">\n\t\t\t\t\t\t\t\t\t\t<span class=\"elementor-icon-list-icon\">\n\t\t\t\t\t\t\t\t<svg aria-hidden=\"true\" class=\"e-font-icon-svg e-far-user\" viewBox=\"0 0 448 512\" xmlns=\"http:\/\/www.w3.org\/2000\/svg\"><path d=\"M313.6 304c-28.7 0-42.5 16-89.6 16-47.1 0-60.8-16-89.6-16C60.2 304 0 364.2 0 438.4V464c0 26.5 21.5 48 48 48h352c26.5 0 48-21.5 48-48v-25.6c0-74.2-60.2-134.4-134.4-134.4zM400 464H48v-25.6c0-47.6 38.8-86.4 86.4-86.4 14.6 0 38.3 16 89.6 16 51.7 0 74.9-16 89.6-16 47.6 0 86.4 38.8 86.4 86.4V464zM224 288c79.5 0 144-64.5 144-144S303.5 0 224 0 80 64.5 80 144s64.5 144 144 144zm0-240c52.9 0 96 43.1 96 96s-43.1 96-96 96-96-43.1-96-96 43.1-96 96-96z\"><\/path><\/svg>\t\t\t\t\t\t\t<\/span>\n\t\t\t\t\t\t\t\t\t<span class=\"elementor-icon-list-text elementor-post-info__item elementor-post-info__item--type-custom\">\n\t\t\t\t\t\t\t\t\t\tCamille Caire\t\t\t\t\t<\/span>\n\t\t\t\t\t\t\t\t<\/li>\n\t\t\t\t<li class=\"elementor-icon-list-item elementor-repeater-item-cfc54d4 elementor-inline-item\" itemprop=\"about\">\n\t\t\t\t\t\t\t\t\t\t<span class=\"elementor-icon-list-icon\">\n\t\t\t\t\t\t\t\t<svg aria-hidden=\"true\" class=\"e-font-icon-svg e-fas-tags\" viewBox=\"0 0 640 512\" xmlns=\"http:\/\/www.w3.org\/2000\/svg\"><path d=\"M497.941 225.941L286.059 14.059A48 48 0 0 0 252.118 0H48C21.49 0 0 21.49 0 48v204.118a48 48 0 0 0 14.059 33.941l211.882 211.882c18.744 18.745 49.136 18.746 67.882 0l204.118-204.118c18.745-18.745 18.745-49.137 0-67.882zM112 160c-26.51 0-48-21.49-48-48s21.49-48 48-48 48 21.49 48 48-21.49 48-48 48zm513.941 133.823L421.823 497.941c-18.745 18.745-49.137 18.745-67.882 0l-.36-.36L527.64 323.522c16.999-16.999 26.36-39.6 26.36-63.64s-9.362-46.641-26.36-63.64L331.397 0h48.721a48 48 0 0 1 33.941 14.059l211.882 211.882c18.745 18.745 18.745 49.137 0 67.882z\"><\/path><\/svg>\t\t\t\t\t\t\t<\/span>\n\t\t\t\t\t\t\t\t\t<span class=\"elementor-icon-list-text elementor-post-info__item elementor-post-info__item--type-terms\">\n\t\t\t\t\t\t\t\t\t\t<span class=\"elementor-post-info__terms-list\">\n\t\t\t\t<a href=\"https:\/\/secondsouffle.co\/index.php\/category\/architecture-et-amenagement-interieur\/\" class=\"elementor-post-info__terms-list-item\">Architecture et am\u00e9nagement d&#039;int\u00e9rieur<\/a>\t\t\t\t<\/span>\n\t\t\t\t\t<\/span>\n\t\t\t\t\t\t\t\t<\/li>\n\t\t\t\t<\/ul>\n\t\t\t\t\t\t<\/div>\n\t\t\t\t<\/div>\n\t\t\t\t\t<\/div>\n\t\t<\/div>\n\t\t\t\t\t<\/div>\n\t\t<\/section>\n\t\t\t\t<section class=\"elementor-section elementor-top-section elementor-element elementor-element-8c0a9df elementor-section-boxed elementor-section-height-default elementor-section-height-default\" data-id=\"8c0a9df\" data-element_type=\"section\" data-e-type=\"section\" data-settings=\"{&quot;_ha_eqh_enable&quot;:false}\">\n\t\t\t\t\t\t<div class=\"elementor-container elementor-column-gap-default\">\n\t\t\t\t\t<div class=\"elementor-column elementor-col-100 elementor-top-column elementor-element elementor-element-bfd61b0\" data-id=\"bfd61b0\" data-element_type=\"column\" data-e-type=\"column\">\n\t\t\t<div class=\"elementor-widget-wrap elementor-element-populated\">\n\t\t\t\t\t\t<div class=\"elementor-element elementor-element-6285f0a elementor-widget elementor-widget-theme-post-featured-image elementor-widget-image\" data-id=\"6285f0a\" data-element_type=\"widget\" data-e-type=\"widget\" data-widget_type=\"theme-post-featured-image.default\">\n\t\t\t\t<div class=\"elementor-widget-container\">\n\t\t\t\t\t\t\t\t\t\t\t\t\t\t\t<img decoding=\"async\" src=\"https:\/\/secondsouffle.co\/wp-content\/uploads\/elementor\/thumbs\/garde-corps-bois-1-pmo2l5ahywan3vc26gjhetdbg057hgiqntc1u3z8ug.jpg\" title=\"garde-corps-bois-1\" alt=\"garde-corps-bois-1\" loading=\"lazy\" \/>\t\t\t\t\t\t\t\t\t\t\t\t\t\t\t<\/div>\n\t\t\t\t<\/div>\n\t\t\t\t\t<\/div>\n\t\t<\/div>\n\t\t\t\t\t<\/div>\n\t\t<\/section>\n\t\t\t\t<section class=\"elementor-section elementor-top-section elementor-element elementor-element-1232b9e elementor-section-boxed elementor-section-height-default elementor-section-height-default\" data-id=\"1232b9e\" data-element_type=\"section\" data-e-type=\"section\" data-settings=\"{&quot;_ha_eqh_enable&quot;:false}\">\n\t\t\t\t\t\t<div class=\"elementor-container elementor-column-gap-default\">\n\t\t\t\t\t<div class=\"elementor-column elementor-col-100 elementor-top-column elementor-element elementor-element-fa121a6\" data-id=\"fa121a6\" data-element_type=\"column\" data-e-type=\"column\">\n\t\t\t<div class=\"elementor-widget-wrap elementor-element-populated\">\n\t\t\t\t\t\t<div class=\"elementor-element elementor-element-55ea867 elementor-widget elementor-widget-spacer\" data-id=\"55ea867\" data-element_type=\"widget\" data-e-type=\"widget\" data-widget_type=\"spacer.default\">\n\t\t\t\t<div class=\"elementor-widget-container\">\n\t\t\t\t\t\t\t<div class=\"elementor-spacer\">\n\t\t\t<div class=\"elementor-spacer-inner\"><\/div>\n\t\t<\/div>\n\t\t\t\t\t\t<\/div>\n\t\t\t\t<\/div>\n\t\t\t\t<div class=\"elementor-element elementor-element-208760e elementor-widget elementor-widget-text-editor\" data-id=\"208760e\" data-element_type=\"widget\" data-e-type=\"widget\" data-widget_type=\"text-editor.default\">\n\t\t\t\t<div class=\"elementor-widget-container\">\n\t\t\t\t\t\t\t\t\t<p>Les garde-corps ont des fonctions de s\u00e9curit\u00e9 mais peuvent \u00e9galement apporter du cachet et am\u00e9liorer la finition des espaces.<\/p><p>Ils permettent de s\u00e9curiser un escalier, une mezzanine, une piscine ou une terrasse en formant une barri\u00e8re de s\u00e9curit\u00e9.<\/p><p>En fonction de leur style, ils donnent aussi du charme \u00e0 votre espace int\u00e9rieur ou ext\u00e9rieur. En effet, le garde-corps peut \u00eatre fabriqu\u00e9 avec diff\u00e9rents mat\u00e9riaux. Parmi les plus pl\u00e9biscit\u00e9s, il y a le bois.<\/p><p>Tr\u00e8s pratique, ce mat\u00e9riau est \u00e0 la fois solide et plein de cachet. Toutefois, il en existe plusieurs vari\u00e9t\u00e9s pour le garde-corps. Si vous ne savez pas comment choisir le mod\u00e8le id\u00e9al, vous pouvez suivre ce petit guide. Il vous d\u00e9crit les 5 points \u00e0 examiner lors de votre s\u00e9lection.<\/p>\t\t\t\t\t\t\t\t<\/div>\n\t\t\t\t<\/div>\n\t\t\t\t\t<\/div>\n\t\t<\/div>\n\t\t\t\t\t<\/div>\n\t\t<\/section>\n\t\t\t\t<section class=\"elementor-section elementor-top-section elementor-element elementor-element-089c51c elementor-section-boxed elementor-section-height-default elementor-section-height-default\" data-id=\"089c51c\" data-element_type=\"section\" data-e-type=\"section\" data-settings=\"{&quot;_ha_eqh_enable&quot;:false}\">\n\t\t\t\t\t\t<div class=\"elementor-container elementor-column-gap-default\">\n\t\t\t\t\t<div class=\"elementor-column elementor-col-100 elementor-top-column elementor-element elementor-element-61eb756\" data-id=\"61eb756\" data-element_type=\"column\" data-e-type=\"column\">\n\t\t\t<div class=\"elementor-widget-wrap elementor-element-populated\">\n\t\t\t\t\t\t<div class=\"elementor-element elementor-element-4db6fe4 elementor-widget-divider--view-line elementor-widget elementor-widget-divider\" data-id=\"4db6fe4\" data-element_type=\"widget\" data-e-type=\"widget\" data-widget_type=\"divider.default\">\n\t\t\t\t<div class=\"elementor-widget-container\">\n\t\t\t\t\t\t\t<div class=\"elementor-divider\">\n\t\t\t<span class=\"elementor-divider-separator\">\n\t\t\t\t\t\t<\/span>\n\t\t<\/div>\n\t\t\t\t\t\t<\/div>\n\t\t\t\t<\/div>\n\t\t\t\t\t<\/div>\n\t\t<\/div>\n\t\t\t\t\t<\/div>\n\t\t<\/section>\n\t\t\t\t<section class=\"elementor-section elementor-top-section elementor-element elementor-element-a01a3ca elementor-section-boxed elementor-section-height-default elementor-section-height-default\" data-id=\"a01a3ca\" data-element_type=\"section\" data-e-type=\"section\" data-settings=\"{&quot;_ha_eqh_enable&quot;:false}\">\n\t\t\t\t\t\t<div class=\"elementor-container elementor-column-gap-default\">\n\t\t\t\t\t<div class=\"elementor-column elementor-col-100 elementor-top-column elementor-element elementor-element-b85dbba\" data-id=\"b85dbba\" data-element_type=\"column\" data-e-type=\"column\">\n\t\t\t<div class=\"elementor-widget-wrap elementor-element-populated\">\n\t\t\t\t\t\t<div class=\"elementor-element elementor-element-67ed5a2 elementor-widget elementor-widget-heading\" data-id=\"67ed5a2\" data-element_type=\"widget\" data-e-type=\"widget\" data-widget_type=\"heading.default\">\n\t\t\t\t<div class=\"elementor-widget-container\">\n\t\t\t\t\t<h2 class=\"elementor-heading-title elementor-size-default\">Quelle essence de bois choisir ?<\/h2>\t\t\t\t<\/div>\n\t\t\t\t<\/div>\n\t\t\t\t<div class=\"elementor-element elementor-element-62d2ed9 elementor-widget elementor-widget-text-editor\" data-id=\"62d2ed9\" data-element_type=\"widget\" data-e-type=\"widget\" data-widget_type=\"text-editor.default\">\n\t\t\t\t<div class=\"elementor-widget-container\">\n\t\t\t\t\t\t\t\t\t<p>La premi\u00e8re chose \u00e0 v\u00e9rifier lorsque vous achetez un garde-corps en bois <strong>est l\u2019essence m\u00eame du bois.<\/strong> Selon la r\u00e9gion o\u00f9 vous habitez, les essences de bois pour votre garde-corps sont plus ou moins adapt\u00e9es.<\/p><p>Parmi les plus utilis\u00e9es, vous rencontrerez les bois provenant des for\u00eats Europ\u00e9ennes. Ce sont en effet <strong>l\u2019\u00e9pic\u00e9a, le Pin, l\u2019h\u00e9v\u00e9a ou le ch\u00eane.<\/strong> Ces 4 essences poss\u00e8dent des veinages prononc\u00e9s avec un aspect harmonieux. Gr\u00e2ce \u00e0 leurs teintes naturelles, elles sont tr\u00e8s esth\u00e9tiques. Elles n\u00e9cessitent cependant un traitement en profondeur, que l\u2019on appelle traitement autoclave pour r\u00e9sister face \u00e0 l\u2019humidit\u00e9 et aux insectes.<\/p><p>Les essences de bois exotiques, comme <strong>l\u2019ip\u00e9, le sipo, le teck ou autre acajou<\/strong>, sont \u00e9galement des excellents choix pour votre garde-corps ext\u00e9rieur. Elles r\u00e9sistent aux intemp\u00e9ries et sont durables de fa\u00e7on naturelles, sans traitement chimique. Cependant leur prix est plus \u00e9lev\u00e9 en raison de leur provenance et de leur raret\u00e9. Les garde-corps en bois exotique sont par exemple adapt\u00e9s <strong>aux usages en bord de mer, ou pour s\u00e9curiser une piscine<\/strong>, car en contact r\u00e9gulier avec l\u2019eau et l\u2019humidit\u00e9.<\/p>\t\t\t\t\t\t\t\t<\/div>\n\t\t\t\t<\/div>\n\t\t\t\t\t<\/div>\n\t\t<\/div>\n\t\t\t\t\t<\/div>\n\t\t<\/section>\n\t\t\t\t<section class=\"elementor-section elementor-top-section elementor-element elementor-element-5bdf6d2 elementor-section-boxed elementor-section-height-default elementor-section-height-default\" data-id=\"5bdf6d2\" data-element_type=\"section\" data-e-type=\"section\" data-settings=\"{&quot;_ha_eqh_enable&quot;:false}\">\n\t\t\t\t\t\t<div class=\"elementor-container elementor-column-gap-default\">\n\t\t\t\t\t<div class=\"elementor-column elementor-col-100 elementor-top-column elementor-element elementor-element-528c7dd\" data-id=\"528c7dd\" data-element_type=\"column\" data-e-type=\"column\">\n\t\t\t<div class=\"elementor-widget-wrap elementor-element-populated\">\n\t\t\t\t\t\t<div class=\"elementor-element elementor-element-56b857d elementor-widget elementor-widget-spacer\" data-id=\"56b857d\" data-element_type=\"widget\" data-e-type=\"widget\" data-widget_type=\"spacer.default\">\n\t\t\t\t<div class=\"elementor-widget-container\">\n\t\t\t\t\t\t\t<div class=\"elementor-spacer\">\n\t\t\t<div class=\"elementor-spacer-inner\"><\/div>\n\t\t<\/div>\n\t\t\t\t\t\t<\/div>\n\t\t\t\t<\/div>\n\t\t\t\t<div class=\"elementor-element elementor-element-9bbde92 elementor-widget elementor-widget-heading\" data-id=\"9bbde92\" data-element_type=\"widget\" data-e-type=\"widget\" data-widget_type=\"heading.default\">\n\t\t\t\t<div class=\"elementor-widget-container\">\n\t\t\t\t\t<h2 class=\"elementor-heading-title elementor-size-default\">Le remplissage du garde-corps en bois<\/h2>\t\t\t\t<\/div>\n\t\t\t\t<\/div>\n\t\t\t\t<div class=\"elementor-element elementor-element-bac7a4b elementor-widget elementor-widget-text-editor\" data-id=\"bac7a4b\" data-element_type=\"widget\" data-e-type=\"widget\" data-widget_type=\"text-editor.default\">\n\t\t\t\t<div class=\"elementor-widget-container\">\n\t\t\t\t\t\t\t\t\t<p>Lors de votre achat, vous devez \u00e9galement jeter un \u0153il sur le remplissage de votre garde-corps en bois. En effet, c\u2019est l\u2019\u00e9l\u00e9ment qui va remplir la structure du garde-corps. Il peut \u00eatre fait avec plusieurs mat\u00e9riaux\u00a0: vitre, bois ou m\u00e9tal. Mais le remplissage des\u00a0<a href=\"https:\/\/www.deck-linea.com\/5-garde-corps\"><span style=\"text-decoration: underline;\"><strong>garde-corps<\/strong><\/span><\/a>\u00a0peut \u00e9galement prendre diff\u00e9rentes formes : c\u00e2bles, tubes, lames, panneaux de verre\u2026<\/p><p>Si vous recherchez l\u2019esth\u00e9tique, vous pouvez choisir un remplissage en vitre pour votre garde-corps en bois. Par contre, si vous recherchez la solidit\u00e9, vous pouvez opter pour un remplissage en bois ou en m\u00e9tal. Pour le mod\u00e8le avec des barreaux en bois, vous pouvez choisir des motifs droits ou des motifs crois\u00e9s. Ces derniers sont plus charmants et \u00e9voquent un style de chalet en montagne.<\/p><p>Dans tous les cas, pour plus de s\u00e9curit\u00e9, vous devez pr\u00e9voir <strong>une rambarde de 45 cm<\/strong> de haut ou plus \u00e0 partir du sol. Cela va emp\u00eacher les jeunes enfants de chuter ou de passer par-dessus le garde-corps en bois. Pour les garde-corps \u00e0 barreaux de bois, assurez vous que l\u2019espacement entre les barreaux verticaux ne d\u00e9passe pas les 11 cm. En revanche, pour un barreaudage horizontal, <strong>l\u2019espacement doit \u00eatre inf\u00e9rieur \u00e0 14,5 cm.<\/strong> De ce fait, les enfants ou les animaux de compagnie ne peuvent pas y passer leur t\u00eate et s\u2019y coincer.<\/p>\t\t\t\t\t\t\t\t<\/div>\n\t\t\t\t<\/div>\n\t\t\t\t\t<\/div>\n\t\t<\/div>\n\t\t\t\t\t<\/div>\n\t\t<\/section>\n\t\t\t\t<section class=\"elementor-section elementor-top-section elementor-element elementor-element-5d8e67c elementor-section-boxed elementor-section-height-default elementor-section-height-default\" data-id=\"5d8e67c\" data-element_type=\"section\" data-e-type=\"section\" data-settings=\"{&quot;_ha_eqh_enable&quot;:false}\">\n\t\t\t\t\t\t<div class=\"elementor-container elementor-column-gap-default\">\n\t\t\t\t\t<div class=\"elementor-column elementor-col-100 elementor-top-column elementor-element elementor-element-cc82d78\" data-id=\"cc82d78\" data-element_type=\"column\" data-e-type=\"column\">\n\t\t\t<div class=\"elementor-widget-wrap elementor-element-populated\">\n\t\t\t\t\t\t<div class=\"elementor-element elementor-element-6285d31 elementor-widget elementor-widget-spacer\" data-id=\"6285d31\" data-element_type=\"widget\" data-e-type=\"widget\" data-widget_type=\"spacer.default\">\n\t\t\t\t<div class=\"elementor-widget-container\">\n\t\t\t\t\t\t\t<div class=\"elementor-spacer\">\n\t\t\t<div class=\"elementor-spacer-inner\"><\/div>\n\t\t<\/div>\n\t\t\t\t\t\t<\/div>\n\t\t\t\t<\/div>\n\t\t\t\t<div class=\"elementor-element elementor-element-2b870b8 elementor-widget elementor-widget-heading\" data-id=\"2b870b8\" data-element_type=\"widget\" data-e-type=\"widget\" data-widget_type=\"heading.default\">\n\t\t\t\t<div class=\"elementor-widget-container\">\n\t\t\t\t\t<h2 class=\"elementor-heading-title elementor-size-default\">La garantie des garde-corps en bois<\/h2>\t\t\t\t<\/div>\n\t\t\t\t<\/div>\n\t\t\t\t<div class=\"elementor-element elementor-element-fdb311c elementor-widget elementor-widget-text-editor\" data-id=\"fdb311c\" data-element_type=\"widget\" data-e-type=\"widget\" data-widget_type=\"text-editor.default\">\n\t\t\t\t<div class=\"elementor-widget-container\">\n\t\t\t\t\t\t\t\t\t<p>Avant de vous jeter sur un tel ou tel garde-corps en bois, vous devez \u00e9galement v\u00e9rifier la garantie. En effet, cela d\u00e9pend du fournisseur de la mati\u00e8re. Ainsi, pour avoir l\u2019assurance d\u2019avoir un garde-corps en bois de qualit\u00e9, vous devez choisir celui qui <strong>poss\u00e8de une longue garantie.<\/strong> De haute qualit\u00e9, ce genre de garde-corps en bois peut \u00e9galement co\u00fbter cher. Il vous appartient de comparer les prix pour r\u00e9aliser une bonne affaire.<\/p>\t\t\t\t\t\t\t\t<\/div>\n\t\t\t\t<\/div>\n\t\t\t\t\t<\/div>\n\t\t<\/div>\n\t\t\t\t\t<\/div>\n\t\t<\/section>\n\t\t\t\t<section class=\"elementor-section elementor-top-section elementor-element elementor-element-0bf2476 elementor-section-boxed elementor-section-height-default elementor-section-height-default\" data-id=\"0bf2476\" data-element_type=\"section\" data-e-type=\"section\" data-settings=\"{&quot;_ha_eqh_enable&quot;:false}\">\n\t\t\t\t\t\t<div class=\"elementor-container elementor-column-gap-default\">\n\t\t\t\t\t<div class=\"elementor-column elementor-col-100 elementor-top-column elementor-element elementor-element-e1abecf\" data-id=\"e1abecf\" data-element_type=\"column\" data-e-type=\"column\">\n\t\t\t<div class=\"elementor-widget-wrap elementor-element-populated\">\n\t\t\t\t\t\t<div class=\"elementor-element elementor-element-d983466 elementor-widget elementor-widget-spacer\" data-id=\"d983466\" data-element_type=\"widget\" data-e-type=\"widget\" data-widget_type=\"spacer.default\">\n\t\t\t\t<div class=\"elementor-widget-container\">\n\t\t\t\t\t\t\t<div class=\"elementor-spacer\">\n\t\t\t<div class=\"elementor-spacer-inner\"><\/div>\n\t\t<\/div>\n\t\t\t\t\t\t<\/div>\n\t\t\t\t<\/div>\n\t\t\t\t<div class=\"elementor-element elementor-element-053b1c7 elementor-widget elementor-widget-heading\" data-id=\"053b1c7\" data-element_type=\"widget\" data-e-type=\"widget\" data-widget_type=\"heading.default\">\n\t\t\t\t<div class=\"elementor-widget-container\">\n\t\t\t\t\t<h2 class=\"elementor-heading-title elementor-size-default\">Le traitement du bois<\/h2>\t\t\t\t<\/div>\n\t\t\t\t<\/div>\n\t\t\t\t<div class=\"elementor-element elementor-element-352975d elementor-widget elementor-widget-text-editor\" data-id=\"352975d\" data-element_type=\"widget\" data-e-type=\"widget\" data-widget_type=\"text-editor.default\">\n\t\t\t\t<div class=\"elementor-widget-container\">\n\t\t\t\t\t\t\t\t\t<p>Si vous \u00eates \u00e0 la recherche du garde-corps en bois id\u00e9al, vous devez aussi v\u00e9rifier <strong>le traitement du bois.<\/strong> Cela est en rapport avec les finitions de la structure et son entretien. Pour la finition, si vous aimez la mati\u00e8re naturelle, vous pouvez opter pour le garde-corps en bois brut et sec. Son charme op\u00e8re que vous le placiez \u00e0 l\u2019ext\u00e9rieur ou \u00e0 l\u2019int\u00e9rieur de la maison.<\/p><p>Il se peut aussi que le garde-corps en bois soit vernis. Cela vous laisse le choix entre plusieurs types de finition : <strong>mat, brillant ou satin\u00e9.\u00a0<\/strong><\/p><p>Si vous aimez les choses originales, vous pouvez aussi vous orienter vers les garde-corps en bois teint\u00e9s. En effet, plusieurs couleurs s\u2019offrent \u00e0 vous\u00a0: orange, violet, rouge vif, bleu, noir ou jaune. Elles peuvent \u00eatre appliqu\u00e9es sur diff\u00e9rentes essences de bois, dont l\u2019acajou, le ch\u00eane clair, le ch\u00eane fonc\u00e9, le teck ou encore le noyer. La teinte sera ensuite prot\u00e9g\u00e9e \u00e0 l\u2019aide d\u2019un vernis.<\/p><p>Dans cette optique de traitement du garde-corps en bois, il est aussi avantageux de choisir un <strong>mod\u00e8le facile \u00e0 entretenir.<\/strong> De ce fait, vous pouvez garder votre structure en bon \u00e9tat pendant de longues ann\u00e9es, et ce, avec une grande facilit\u00e9.<\/p><p>Ainsi, si vous avez un garde-corps en bois brut, il est conseill\u00e9 de le laver avec du savon noir. Votre bois brut y trouvera sa patine d\u2019origine. Vous pouvez aussi utiliser <strong>un imperm\u00e9abilisant transparent<\/strong> pour vous d\u00e9barrasser des traces d\u2019humidit\u00e9.<\/p><p>Les garde-corps en bois vernis ou peints sont \u00e9galement <strong>simples d\u2019entretien.<\/strong> Il vous suffit de les nettoyer r\u00e9guli\u00e8rement \u00e0 l\u2019eau savonneuse. Pour la main courante cir\u00e9e, vous pouvez appliquer une couche d\u2019encaustique une fois par an.<\/p>\t\t\t\t\t\t\t\t<\/div>\n\t\t\t\t<\/div>\n\t\t\t\t\t<\/div>\n\t\t<\/div>\n\t\t\t\t\t<\/div>\n\t\t<\/section>\n\t\t\t\t<section class=\"elementor-section elementor-top-section elementor-element elementor-element-45b5779 elementor-section-boxed elementor-section-height-default elementor-section-height-default\" data-id=\"45b5779\" data-element_type=\"section\" data-e-type=\"section\" data-settings=\"{&quot;_ha_eqh_enable&quot;:false}\">\n\t\t\t\t\t\t<div class=\"elementor-container elementor-column-gap-default\">\n\t\t\t\t\t<div class=\"elementor-column elementor-col-100 elementor-top-column elementor-element elementor-element-e476563\" data-id=\"e476563\" data-element_type=\"column\" data-e-type=\"column\">\n\t\t\t<div class=\"elementor-widget-wrap elementor-element-populated\">\n\t\t\t\t\t\t<div class=\"elementor-element elementor-element-f6347ea elementor-widget elementor-widget-spacer\" data-id=\"f6347ea\" data-element_type=\"widget\" data-e-type=\"widget\" data-widget_type=\"spacer.default\">\n\t\t\t\t<div class=\"elementor-widget-container\">\n\t\t\t\t\t\t\t<div class=\"elementor-spacer\">\n\t\t\t<div class=\"elementor-spacer-inner\"><\/div>\n\t\t<\/div>\n\t\t\t\t\t\t<\/div>\n\t\t\t\t<\/div>\n\t\t\t\t<div class=\"elementor-element elementor-element-f02ac1c elementor-widget elementor-widget-heading\" data-id=\"f02ac1c\" data-element_type=\"widget\" data-e-type=\"widget\" data-widget_type=\"heading.default\">\n\t\t\t\t<div class=\"elementor-widget-container\">\n\t\t\t\t\t<h2 class=\"elementor-heading-title elementor-size-default\">L\u2019usage de vos garde-corps<\/h2>\t\t\t\t<\/div>\n\t\t\t\t<\/div>\n\t\t\t\t<div class=\"elementor-element elementor-element-8af5897 elementor-widget elementor-widget-text-editor\" data-id=\"8af5897\" data-element_type=\"widget\" data-e-type=\"widget\" data-widget_type=\"text-editor.default\">\n\t\t\t\t<div class=\"elementor-widget-container\">\n\t\t\t\t\t\t\t\t\t<p>Avant de finaliser votre choix, vous devez savoir \u00e0 l\u2019avance l\u2019usage d\u00e9di\u00e9 \u00e0 votre garde-corps en bois. Pour ce faire, vous devez <strong>v\u00e9rifier sa r\u00e9sistance.<\/strong> Sachez alors que la r\u00e9sistance du bois est class\u00e9e sur une \u00e9chelle de 1 \u00e0 5. Plus sa classe est \u00e9lev\u00e9e, plus elle est r\u00e9sistante. Ainsi, si vous souhaitez installer le garde-corps \u00e0 l\u2019ext\u00e9rieur, vous devez choisir un garde-corps en bois de classe 3 \u00e0 5. Pour un contact r\u00e9p\u00e9t\u00e9 avec de l\u2019eau, le mieux est d\u2019opter pour un mod\u00e8le de classe 4. De ce fait, il ne pourra pas s\u2019abimer rapidement.<\/p><p>Par contre, pour un usage \u00e0 l\u2019int\u00e9rieur, un garde-corps en bois de <strong>classe 1 \u00e0 3<\/strong> peut suffire. Dans ce cas, vous pouvez aussi jeter un \u0153il sur la qualit\u00e9 de sa finition pour ne pas g\u00e2cher votre d\u00e9coration int\u00e9rieure. Il faut que le garde-corps en bois soit soign\u00e9 et esth\u00e9tique.<\/p>\t\t\t\t\t\t\t\t<\/div>\n\t\t\t\t<\/div>\n\t\t\t\t\t<\/div>\n\t\t<\/div>\n\t\t\t\t\t<\/div>\n\t\t<\/section>\n\t\t\t\t<section class=\"elementor-section elementor-top-section elementor-element elementor-element-33837a6 elementor-section-boxed elementor-section-height-default elementor-section-height-default\" data-id=\"33837a6\" data-element_type=\"section\" data-e-type=\"section\" data-settings=\"{&quot;_ha_eqh_enable&quot;:false}\">\n\t\t\t\t\t\t<div class=\"elementor-container elementor-column-gap-default\">\n\t\t\t\t\t<div class=\"elementor-column elementor-col-100 elementor-top-column elementor-element elementor-element-c13adf7\" data-id=\"c13adf7\" data-element_type=\"column\" data-e-type=\"column\">\n\t\t\t<div class=\"elementor-widget-wrap elementor-element-populated\">\n\t\t\t\t\t\t<div class=\"elementor-element elementor-element-c4455a6 elementor-widget elementor-widget-spacer\" data-id=\"c4455a6\" data-element_type=\"widget\" data-e-type=\"widget\" data-widget_type=\"spacer.default\">\n\t\t\t\t<div class=\"elementor-widget-container\">\n\t\t\t\t\t\t\t<div class=\"elementor-spacer\">\n\t\t\t<div class=\"elementor-spacer-inner\"><\/div>\n\t\t<\/div>\n\t\t\t\t\t\t<\/div>\n\t\t\t\t<\/div>\n\t\t\t\t<div class=\"elementor-element elementor-element-a5090f4 ha-has-bg-overlay elementor-widget elementor-widget-heading\" data-id=\"a5090f4\" data-element_type=\"widget\" data-e-type=\"widget\" data-widget_type=\"heading.default\">\n\t\t\t\t<div class=\"elementor-widget-container\">\n\t\t\t\t\t<h2 class=\"elementor-heading-title elementor-size-default\">D\u00e9couvrez \u00e9galement<\/h2>\t\t\t\t<\/div>\n\t\t\t\t<\/div>\n\t\t\t\t\t<\/div>\n\t\t<\/div>\n\t\t\t\t\t<\/div>\n\t\t<\/section>\n\t\t\t\t<section class=\"elementor-section elementor-top-section elementor-element elementor-element-54cc1f1 elementor-section-boxed elementor-section-height-default elementor-section-height-default\" data-id=\"54cc1f1\" data-element_type=\"section\" data-e-type=\"section\" data-settings=\"{&quot;_ha_eqh_enable&quot;:false}\">\n\t\t\t\t\t\t<div class=\"elementor-container elementor-column-gap-default\">\n\t\t\t\t\t<div class=\"elementor-column elementor-col-100 elementor-top-column elementor-element elementor-element-180ed0f\" data-id=\"180ed0f\" data-element_type=\"column\" data-e-type=\"column\">\n\t\t\t<div class=\"elementor-widget-wrap elementor-element-populated\">\n\t\t\t\t\t\t<div class=\"elementor-element elementor-element-05a7236 elementor-widget elementor-widget-ha-post-tiles happy-addon ha-post-tiles happy-addon-pro\" data-id=\"05a7236\" data-element_type=\"widget\" data-e-type=\"widget\" data-widget_type=\"ha-post-tiles.default\">\n\t\t\t\t<div class=\"elementor-widget-container\">\n\t\t\t\t\t\n\t\t\t<div class=\"ha-tiles ha-tiles--11 ha-tiles--4by5\">\n\n\t\t\t\t\t\t\t\t\t<article class=\"ha-tiles__tile ha-tiles__tile--lg\">\n\t\t\t\t\t\t<div class=\"ha-tiles__tile-content\">\n\t\t\t\t\t\t\t\t\t<div class=\"ha-tiles__tile-meta\">\n\t\t\t\t<span class=\"ha-tiles__tile-author\">\n\t\t\t\t\t\t<svg xmlns=\"http:\/\/www.w3.org\/2000\/svg\" width=\"32\" height=\"32\" viewBox=\"0 0 32 32\"><path d=\"M30 26.4V29c0 1.7-1.3 3-3 3H5c-1.7 0-3-1.3-3-3v-2.6c0-4.6 3.8-8.4 8.4-8.4h1c1.4 0.6 2.9 1 4.6 1s3.2-0.4 4.6-1h1C26.2 18 30 21.8 30 26.4zM8 8c0-4.4 3.6-8 8-8s8 3.6 8 8 -3.6 8-8 8S8 12.4 8 8z\"\/><\/svg>\n\t\t\t\t\t\tCamille Caire\t\t<\/span>\n\t\t\t\t<span class=\"ha-tiles__tile-date\">\n\t\t\t\t\t\t<svg xmlns=\"http:\/\/www.w3.org\/2000\/svg\" width=\"32\" height=\"32\" viewBox=\"0 0 32 32\"><path d=\"M32 16c0 8.8-7.2 16-16 16S0 24.8 0 16 7.2 0 16 0 32 7.2 32 16zM22.2 19.5c0-0.3-0.2-0.6-0.4-0.8L18.1 16V6.7c0-0.6-0.5-1-1-1H15c-0.6 0-1 0.5-1 1v10 0c0 0.7 0.4 1.6 1 2l4.3 3.2c0.2 0.1 0.4 0.2 0.6 0.2 0.3 0 0.6-0.2 0.8-0.4l1.3-1.6C22.1 20 22.2 19.7 22.2 19.5z\"\/><\/svg>\n\t\t\t\t\t\t30 mars 2022\t\t<\/span>\n\t\t\t\t<\/div>\n\t\t\t\t\t\t\t\t\t<h3 class=\"ha-tiles__tile-title\"><a href=\"https:\/\/secondsouffle.co\/index.php\/2022\/03\/30\/quel-modele-de-pergola-choisir-pour-abriter-sa-terrasse\/\" rel=\"bookmark\">Quel mod\u00e8le de pergola choisir pour abriter sa terrasse\u2009 ?<\/a><\/h3>\n\t\t\t\t\t\t\t<p class=\"ha-tiles__tile-excerpt\">Vous souhaitez apporter une plus-value \u00e0 votre propri\u00e9t\u00e9\u2009? Vous pensez \u00e0 installer une pergola pour\u2026<\/p>\n\t\t\t\t\t\t<\/div>\n\n\t\t\t\t\t\t<a href=\"https:\/\/secondsouffle.co\/index.php\/category\/deco-et-tendance\/\" rel=\"tag\" class=\"ha-tiles__tile-tag\">D\u00e9co et tendance<\/a><img fetchpriority=\"high\" decoding=\"async\" width=\"800\" height=\"533\" src=\"https:\/\/secondsouffle.co\/wp-content\/uploads\/2022\/03\/quelle-pergola-choisir-1024x682.jpg\" class=\"ha-tiles__tile-img wp-post-image\" alt=\"\" srcset=\"https:\/\/secondsouffle.co\/wp-content\/uploads\/2022\/03\/quelle-pergola-choisir-1024x682.jpg 1024w, https:\/\/secondsouffle.co\/wp-content\/uploads\/2022\/03\/quelle-pergola-choisir-300x200.jpg 300w, https:\/\/secondsouffle.co\/wp-content\/uploads\/2022\/03\/quelle-pergola-choisir-768x512.jpg 768w, https:\/\/secondsouffle.co\/wp-content\/uploads\/2022\/03\/quelle-pergola-choisir-1536x1024.jpg 1536w, https:\/\/secondsouffle.co\/wp-content\/uploads\/2022\/03\/quelle-pergola-choisir.jpg 2000w\" sizes=\"(max-width: 800px) 100vw, 800px\" \/>\t\t\t\t\t<\/article>\n\n\t\t\t\t\t\t\t\t\t<article class=\"ha-tiles__tile ha-tiles__tile--sm\">\n\t\t\t\t\t\t<div class=\"ha-tiles__tile-content\">\n\t\t\t\t\t\t\t\t\t<div class=\"ha-tiles__tile-meta\">\n\t\t\t\t<span class=\"ha-tiles__tile-author\">\n\t\t\t\t\t\t<svg xmlns=\"http:\/\/www.w3.org\/2000\/svg\" width=\"32\" height=\"32\" viewBox=\"0 0 32 32\"><path d=\"M30 26.4V29c0 1.7-1.3 3-3 3H5c-1.7 0-3-1.3-3-3v-2.6c0-4.6 3.8-8.4 8.4-8.4h1c1.4 0.6 2.9 1 4.6 1s3.2-0.4 4.6-1h1C26.2 18 30 21.8 30 26.4zM8 8c0-4.4 3.6-8 8-8s8 3.6 8 8 -3.6 8-8 8S8 12.4 8 8z\"\/><\/svg>\n\t\t\t\t\t\tCamille Caire\t\t<\/span>\n\t\t\t\t<span class=\"ha-tiles__tile-date\">\n\t\t\t\t\t\t<svg xmlns=\"http:\/\/www.w3.org\/2000\/svg\" width=\"32\" height=\"32\" viewBox=\"0 0 32 32\"><path d=\"M32 16c0 8.8-7.2 16-16 16S0 24.8 0 16 7.2 0 16 0 32 7.2 32 16zM22.2 19.5c0-0.3-0.2-0.6-0.4-0.8L18.1 16V6.7c0-0.6-0.5-1-1-1H15c-0.6 0-1 0.5-1 1v10 0c0 0.7 0.4 1.6 1 2l4.3 3.2c0.2 0.1 0.4 0.2 0.6 0.2 0.3 0 0.6-0.2 0.8-0.4l1.3-1.6C22.1 20 22.2 19.7 22.2 19.5z\"\/><\/svg>\n\t\t\t\t\t\t20 d\u00e9cembre 2021\t\t<\/span>\n\t\t\t\t<\/div>\n\t\t\t\t\t\t\t\t\t<h3 class=\"ha-tiles__tile-title\"><a href=\"https:\/\/secondsouffle.co\/index.php\/2021\/12\/20\/comment-bien-choisir-votre-verriere-dinterieur\/\" rel=\"bookmark\">Comment bien choisir votre verri\u00e8re d&rsquo;int\u00e9rieur ?<\/a><\/h3>\n\t\t\t\t\t\t\t<p class=\"ha-tiles__tile-excerpt\">La verri\u00e8re est un accessoire tr\u00e8s pris\u00e9 dans le domaine de la d\u00e9coration int\u00e9rieure. Que\u2026<\/p>\n\t\t\t\t\t\t<\/div>\n\n\t\t\t\t\t\t<a href=\"https:\/\/secondsouffle.co\/index.php\/category\/architecture-et-amenagement-interieur\/\" rel=\"tag\" class=\"ha-tiles__tile-tag\">Architecture et am\u00e9nagement d&#039;int\u00e9rieur<\/a><img decoding=\"async\" width=\"800\" height=\"534\" src=\"https:\/\/secondsouffle.co\/wp-content\/uploads\/2021\/12\/verriere-interieur-paris.-1024x683.jpg\" class=\"ha-tiles__tile-img wp-post-image\" alt=\"\" srcset=\"https:\/\/secondsouffle.co\/wp-content\/uploads\/2021\/12\/verriere-interieur-paris.-1024x683.jpg 1024w, https:\/\/secondsouffle.co\/wp-content\/uploads\/2021\/12\/verriere-interieur-paris.-300x200.jpg 300w, https:\/\/secondsouffle.co\/wp-content\/uploads\/2021\/12\/verriere-interieur-paris.-768x512.jpg 768w, https:\/\/secondsouffle.co\/wp-content\/uploads\/2021\/12\/verriere-interieur-paris.-1536x1024.jpg 1536w, https:\/\/secondsouffle.co\/wp-content\/uploads\/2021\/12\/verriere-interieur-paris.-2048x1366.jpg 2048w\" sizes=\"(max-width: 800px) 100vw, 800px\" \/>\t\t\t\t\t<\/article>\n\n\t\t\t\t\t\t\t\t\t<article class=\"ha-tiles__tile ha-tiles__tile--sm\">\n\t\t\t\t\t\t<div class=\"ha-tiles__tile-content\">\n\t\t\t\t\t\t\t\t\t<div class=\"ha-tiles__tile-meta\">\n\t\t\t\t<span class=\"ha-tiles__tile-author\">\n\t\t\t\t\t\t<svg xmlns=\"http:\/\/www.w3.org\/2000\/svg\" width=\"32\" height=\"32\" viewBox=\"0 0 32 32\"><path d=\"M30 26.4V29c0 1.7-1.3 3-3 3H5c-1.7 0-3-1.3-3-3v-2.6c0-4.6 3.8-8.4 8.4-8.4h1c1.4 0.6 2.9 1 4.6 1s3.2-0.4 4.6-1h1C26.2 18 30 21.8 30 26.4zM8 8c0-4.4 3.6-8 8-8s8 3.6 8 8 -3.6 8-8 8S8 12.4 8 8z\"\/><\/svg>\n\t\t\t\t\t\tCamille Caire\t\t<\/span>\n\t\t\t\t<span class=\"ha-tiles__tile-date\">\n\t\t\t\t\t\t<svg xmlns=\"http:\/\/www.w3.org\/2000\/svg\" width=\"32\" height=\"32\" viewBox=\"0 0 32 32\"><path d=\"M32 16c0 8.8-7.2 16-16 16S0 24.8 0 16 7.2 0 16 0 32 7.2 32 16zM22.2 19.5c0-0.3-0.2-0.6-0.4-0.8L18.1 16V6.7c0-0.6-0.5-1-1-1H15c-0.6 0-1 0.5-1 1v10 0c0 0.7 0.4 1.6 1 2l4.3 3.2c0.2 0.1 0.4 0.2 0.6 0.2 0.3 0 0.6-0.2 0.8-0.4l1.3-1.6C22.1 20 22.2 19.7 22.2 19.5z\"\/><\/svg>\n\t\t\t\t\t\t14 d\u00e9cembre 2021\t\t<\/span>\n\t\t\t\t<\/div>\n\t\t\t\t\t\t\t\t\t<h3 class=\"ha-tiles__tile-title\"><a href=\"https:\/\/secondsouffle.co\/index.php\/2021\/12\/14\/quelle-credence-choisir-pour-sa-cuisine\/\" rel=\"bookmark\">Quelle cr\u00e9dence choisir pour sa cuisine ?<\/a><\/h3>\n\t\t\t\t\t\t\t<p class=\"ha-tiles__tile-excerpt\">La cuisine est un espace priv\u00e9 dont l\u2019am\u00e9nagement demande qu\u2019on donne de soi. En dehors\u2026<\/p>\n\t\t\t\t\t\t<\/div>\n\n\t\t\t\t\t\t<a href=\"https:\/\/secondsouffle.co\/index.php\/category\/renovation\/\" rel=\"tag\" class=\"ha-tiles__tile-tag\">R\u00e9novation<\/a><img decoding=\"async\" width=\"800\" height=\"534\" src=\"https:\/\/secondsouffle.co\/wp-content\/uploads\/2021\/12\/credence-cuisine-1024x683.jpg\" class=\"ha-tiles__tile-img wp-post-image\" alt=\"\" srcset=\"https:\/\/secondsouffle.co\/wp-content\/uploads\/2021\/12\/credence-cuisine-1024x683.jpg 1024w, https:\/\/secondsouffle.co\/wp-content\/uploads\/2021\/12\/credence-cuisine-300x200.jpg 300w, https:\/\/secondsouffle.co\/wp-content\/uploads\/2021\/12\/credence-cuisine-768x512.jpg 768w, https:\/\/secondsouffle.co\/wp-content\/uploads\/2021\/12\/credence-cuisine-1536x1024.jpg 1536w, https:\/\/secondsouffle.co\/wp-content\/uploads\/2021\/12\/credence-cuisine-2048x1365.jpg 2048w\" sizes=\"(max-width: 800px) 100vw, 800px\" \/>\t\t\t\t\t<\/article>\n\n\t\t\t\t\t\t\t\t\t<article class=\"ha-tiles__tile ha-tiles__tile--sm\">\n\t\t\t\t\t\t<div class=\"ha-tiles__tile-content\">\n\t\t\t\t\t\t\t\t\t<div class=\"ha-tiles__tile-meta\">\n\t\t\t\t<span class=\"ha-tiles__tile-author\">\n\t\t\t\t\t\t<svg xmlns=\"http:\/\/www.w3.org\/2000\/svg\" width=\"32\" height=\"32\" viewBox=\"0 0 32 32\"><path d=\"M30 26.4V29c0 1.7-1.3 3-3 3H5c-1.7 0-3-1.3-3-3v-2.6c0-4.6 3.8-8.4 8.4-8.4h1c1.4 0.6 2.9 1 4.6 1s3.2-0.4 4.6-1h1C26.2 18 30 21.8 30 26.4zM8 8c0-4.4 3.6-8 8-8s8 3.6 8 8 -3.6 8-8 8S8 12.4 8 8z\"\/><\/svg>\n\t\t\t\t\t\tCamille Caire\t\t<\/span>\n\t\t\t\t<span class=\"ha-tiles__tile-date\">\n\t\t\t\t\t\t<svg xmlns=\"http:\/\/www.w3.org\/2000\/svg\" width=\"32\" height=\"32\" viewBox=\"0 0 32 32\"><path d=\"M32 16c0 8.8-7.2 16-16 16S0 24.8 0 16 7.2 0 16 0 32 7.2 32 16zM22.2 19.5c0-0.3-0.2-0.6-0.4-0.8L18.1 16V6.7c0-0.6-0.5-1-1-1H15c-0.6 0-1 0.5-1 1v10 0c0 0.7 0.4 1.6 1 2l4.3 3.2c0.2 0.1 0.4 0.2 0.6 0.2 0.3 0 0.6-0.2 0.8-0.4l1.3-1.6C22.1 20 22.2 19.7 22.2 19.5z\"\/><\/svg>\n\t\t\t\t\t\t16 juillet 2021\t\t<\/span>\n\t\t\t\t<\/div>\n\t\t\t\t\t\t\t\t\t<h3 class=\"ha-tiles__tile-title\"><a href=\"https:\/\/secondsouffle.co\/index.php\/2021\/07\/16\/escalier-comment-bien-le-choisir\/\" rel=\"bookmark\">Escalier : comment bien le choisir ?<\/a><\/h3>\n\t\t\t\t\t\t\t<p class=\"ha-tiles__tile-excerpt\">Qu'il soit fixe ou mobile, l'escalier est un ensemble de marches \u00e9chelonn\u00e9es qui permet de\u2026<\/p>\n\t\t\t\t\t\t<\/div>\n\n\t\t\t\t\t\t<a href=\"https:\/\/secondsouffle.co\/index.php\/category\/architecture-et-amenagement-interieur\/\" rel=\"tag\" class=\"ha-tiles__tile-tag\">Architecture et am\u00e9nagement d&#039;int\u00e9rieur<\/a><img loading=\"lazy\" decoding=\"async\" width=\"800\" height=\"534\" src=\"https:\/\/secondsouffle.co\/wp-content\/uploads\/2021\/07\/escalier-comment-bien-le-choisir-1024x683.jpg\" class=\"ha-tiles__tile-img wp-post-image\" alt=\"\" srcset=\"https:\/\/secondsouffle.co\/wp-content\/uploads\/2021\/07\/escalier-comment-bien-le-choisir-1024x683.jpg 1024w, https:\/\/secondsouffle.co\/wp-content\/uploads\/2021\/07\/escalier-comment-bien-le-choisir-300x200.jpg 300w, https:\/\/secondsouffle.co\/wp-content\/uploads\/2021\/07\/escalier-comment-bien-le-choisir-768x512.jpg 768w, https:\/\/secondsouffle.co\/wp-content\/uploads\/2021\/07\/escalier-comment-bien-le-choisir-1536x1024.jpg 1536w, https:\/\/secondsouffle.co\/wp-content\/uploads\/2021\/07\/escalier-comment-bien-le-choisir-2048x1365.jpg 2048w\" sizes=\"(max-width: 800px) 100vw, 800px\" \/>\t\t\t\t\t<\/article>\n\n\t\t\t\t\t\t\t\t\t<article class=\"ha-tiles__tile ha-tiles__tile--sm\">\n\t\t\t\t\t\t<div class=\"ha-tiles__tile-content\">\n\t\t\t\t\t\t\t\t\t<div class=\"ha-tiles__tile-meta\">\n\t\t\t\t<span class=\"ha-tiles__tile-author\">\n\t\t\t\t\t\t<svg xmlns=\"http:\/\/www.w3.org\/2000\/svg\" width=\"32\" height=\"32\" viewBox=\"0 0 32 32\"><path d=\"M30 26.4V29c0 1.7-1.3 3-3 3H5c-1.7 0-3-1.3-3-3v-2.6c0-4.6 3.8-8.4 8.4-8.4h1c1.4 0.6 2.9 1 4.6 1s3.2-0.4 4.6-1h1C26.2 18 30 21.8 30 26.4zM8 8c0-4.4 3.6-8 8-8s8 3.6 8 8 -3.6 8-8 8S8 12.4 8 8z\"\/><\/svg>\n\t\t\t\t\t\tCamille Caire\t\t<\/span>\n\t\t\t\t<span class=\"ha-tiles__tile-date\">\n\t\t\t\t\t\t<svg xmlns=\"http:\/\/www.w3.org\/2000\/svg\" width=\"32\" height=\"32\" viewBox=\"0 0 32 32\"><path d=\"M32 16c0 8.8-7.2 16-16 16S0 24.8 0 16 7.2 0 16 0 32 7.2 32 16zM22.2 19.5c0-0.3-0.2-0.6-0.4-0.8L18.1 16V6.7c0-0.6-0.5-1-1-1H15c-0.6 0-1 0.5-1 1v10 0c0 0.7 0.4 1.6 1 2l4.3 3.2c0.2 0.1 0.4 0.2 0.6 0.2 0.3 0 0.6-0.2 0.8-0.4l1.3-1.6C22.1 20 22.2 19.7 22.2 19.5z\"\/><\/svg>\n\t\t\t\t\t\t5 juillet 2021\t\t<\/span>\n\t\t\t\t<\/div>\n\t\t\t\t\t\t\t\t\t<h3 class=\"ha-tiles__tile-title\"><a href=\"https:\/\/secondsouffle.co\/index.php\/2021\/07\/05\/evier-de-cuisine-quelle-matiere-choisir\/\" rel=\"bookmark\">Evier de cuisine : quelle mati\u00e8re choisir ?<\/a><\/h3>\n\t\t\t\t\t\t\t<p class=\"ha-tiles__tile-excerpt\">Autrefois consid\u00e9r\u00e9 comme un simple \u00e9l\u00e9ment pratique de la cuisine, l\u2019\u00e9vier est aujourd\u2019hui un \u00e9l\u00e9ment\u2026<\/p>\n\t\t\t\t\t\t<\/div>\n\n\t\t\t\t\t\t<a href=\"https:\/\/secondsouffle.co\/index.php\/category\/architecture-et-amenagement-interieur\/\" rel=\"tag\" class=\"ha-tiles__tile-tag\">Architecture et am\u00e9nagement d&#039;int\u00e9rieur<\/a><img loading=\"lazy\" decoding=\"async\" width=\"683\" height=\"1024\" src=\"https:\/\/secondsouffle.co\/wp-content\/uploads\/2021\/07\/evier-cuisine-quelle-matiere-choisir-683x1024.jpg\" class=\"ha-tiles__tile-img wp-post-image\" alt=\"\" srcset=\"https:\/\/secondsouffle.co\/wp-content\/uploads\/2021\/07\/evier-cuisine-quelle-matiere-choisir-683x1024.jpg 683w, https:\/\/secondsouffle.co\/wp-content\/uploads\/2021\/07\/evier-cuisine-quelle-matiere-choisir-200x300.jpg 200w, https:\/\/secondsouffle.co\/wp-content\/uploads\/2021\/07\/evier-cuisine-quelle-matiere-choisir-768x1152.jpg 768w, https:\/\/secondsouffle.co\/wp-content\/uploads\/2021\/07\/evier-cuisine-quelle-matiere-choisir-1024x1536.jpg 1024w, https:\/\/secondsouffle.co\/wp-content\/uploads\/2021\/07\/evier-cuisine-quelle-matiere-choisir-1365x2048.jpg 1365w\" sizes=\"(max-width: 683px) 100vw, 683px\" \/>\t\t\t\t\t<\/article>\n\n\t\t\t\t\n\t\t\t<\/div>\n\n\t\t\t\t\t\t\t<\/div>\n\t\t\t\t<\/div>\n\t\t\t\t<div class=\"elementor-element elementor-element-2158bcb elementor-widget elementor-widget-spacer\" data-id=\"2158bcb\" data-element_type=\"widget\" data-e-type=\"widget\" data-widget_type=\"spacer.default\">\n\t\t\t\t<div class=\"elementor-widget-container\">\n\t\t\t\t\t\t\t<div class=\"elementor-spacer\">\n\t\t\t<div class=\"elementor-spacer-inner\"><\/div>\n\t\t<\/div>\n\t\t\t\t\t\t<\/div>\n\t\t\t\t<\/div>\n\t\t\t\t\t<\/div>\n\t\t<\/div>\n\t\t\t\t\t<\/div>\n\t\t<\/section>\n\t\t\t\t<\/div>\n\t\t","protected":false},"excerpt":{"rendered":"<p>Les garde-corps ont des fonctions de s\u00e9curit\u00e9 mais peuvent \u00e9galement apporter du cachet et am\u00e9liorer la finition des espaces. Ils permettent de s\u00e9curiser un escalier, une mezzanine, une piscine ou une terrasse en formant une barri\u00e8re de s\u00e9curit\u00e9. En fonction de leur style, ils donnent aussi du charme \u00e0 votre espace int\u00e9rieur ou ext\u00e9rieur. En effet, le garde-corps peut \u00eatre fabriqu\u00e9 avec diff\u00e9rents mat\u00e9riaux. Parmi les plus pl\u00e9biscit\u00e9s, il y a le bois.<\/p>\n","protected":false},"author":1,"featured_media":16227,"comment_status":"open","ping_status":"open","sticky":false,"template":"","format":"standard","meta":{"_monsterinsights_skip_tracking":false,"_monsterinsights_sitenote_active":false,"_monsterinsights_sitenote_note":"","_monsterinsights_sitenote_category":0,"footnotes":""},"categories":[26],"tags":[],"class_list":["post-16221","post","type-post","status-publish","format-standard","has-post-thumbnail","hentry","category-architecture-et-amenagement-interieur"],"aioseo_notices":[],"amp_enabled":true,"_links":{"self":[{"href":"https:\/\/secondsouffle.co\/index.php\/wp-json\/wp\/v2\/posts\/16221","targetHints":{"allow":["GET"]}}],"collection":[{"href":"https:\/\/secondsouffle.co\/index.php\/wp-json\/wp\/v2\/posts"}],"about":[{"href":"https:\/\/secondsouffle.co\/index.php\/wp-json\/wp\/v2\/types\/post"}],"author":[{"embeddable":true,"href":"https:\/\/secondsouffle.co\/index.php\/wp-json\/wp\/v2\/users\/1"}],"replies":[{"embeddable":true,"href":"https:\/\/secondsouffle.co\/index.php\/wp-json\/wp\/v2\/comments?post=16221"}],"version-history":[{"count":0,"href":"https:\/\/secondsouffle.co\/index.php\/wp-json\/wp\/v2\/posts\/16221\/revisions"}],"wp:featuredmedia":[{"embeddable":true,"href":"https:\/\/secondsouffle.co\/index.php\/wp-json\/wp\/v2\/media\/16227"}],"wp:attachment":[{"href":"https:\/\/secondsouffle.co\/index.php\/wp-json\/wp\/v2\/media?parent=16221"}],"wp:term":[{"taxonomy":"category","embeddable":true,"href":"https:\/\/secondsouffle.co\/index.php\/wp-json\/wp\/v2\/categories?post=16221"},{"taxonomy":"post_tag","embeddable":true,"href":"https:\/\/secondsouffle.co\/index.php\/wp-json\/wp\/v2\/tags?post=16221"}],"curies":[{"name":"wp","href":"https:\/\/api.w.org\/{rel}","templated":true}]}}