{"id":16515,"date":"2022-07-12T11:31:54","date_gmt":"2022-07-12T09:31:54","guid":{"rendered":"https:\/\/secondsouffle.co\/?p=16515"},"modified":"2022-07-12T11:42:51","modified_gmt":"2022-07-12T09:42:51","slug":"comment-reussir-la-decoration-de-sa-colocation","status":"publish","type":"post","link":"https:\/\/secondsouffle.co\/index.php\/2022\/07\/12\/comment-reussir-la-decoration-de-sa-colocation\/","title":{"rendered":"Comment r\u00e9ussir la d\u00e9coration de sa colocation ?"},"content":{"rendered":"\t\t<div data-elementor-type=\"wp-post\" data-elementor-id=\"16515\" class=\"elementor elementor-16515\" data-elementor-settings=\"{&quot;ha_cmc_init_switcher&quot;:&quot;no&quot;}\" data-elementor-post-type=\"post\">\n\t\t\t\t\t\t<section class=\"elementor-section elementor-top-section elementor-element elementor-element-12f64cb elementor-section-content-middle elementor-section-boxed elementor-section-height-default elementor-section-height-default\" data-id=\"12f64cb\" data-element_type=\"section\" data-e-type=\"section\" data-settings=\"{&quot;background_background&quot;:&quot;gradient&quot;,&quot;_ha_eqh_enable&quot;:false}\">\n\t\t\t\t\t\t\t<div class=\"elementor-background-overlay\"><\/div>\n\t\t\t\t\t\t\t<div class=\"elementor-container elementor-column-gap-no\">\n\t\t\t\t\t<div class=\"elementor-column elementor-col-100 elementor-top-column elementor-element elementor-element-c28cff5\" data-id=\"c28cff5\" data-element_type=\"column\" data-e-type=\"column\">\n\t\t\t<div class=\"elementor-widget-wrap elementor-element-populated\">\n\t\t\t\t\t\t<div class=\"elementor-element elementor-element-84e68e3 elementor-widget elementor-widget-heading\" data-id=\"84e68e3\" data-element_type=\"widget\" data-e-type=\"widget\" data-widget_type=\"heading.default\">\n\t\t\t\t<div class=\"elementor-widget-container\">\n\t\t\t\t\t<h1 class=\"elementor-heading-title elementor-size-default\">Comment r\u00e9ussir la d\u00e9coration de sa colocation ?<\/h1>\t\t\t\t<\/div>\n\t\t\t\t<\/div>\n\t\t\t\t<div class=\"elementor-element elementor-element-a66c58a elementor-mobile-align-center elementor-widget elementor-widget-post-info\" data-id=\"a66c58a\" data-element_type=\"widget\" data-e-type=\"widget\" data-widget_type=\"post-info.default\">\n\t\t\t\t<div class=\"elementor-widget-container\">\n\t\t\t\t\t\t\t<ul class=\"elementor-inline-items elementor-icon-list-items elementor-post-info\">\n\t\t\t\t\t\t\t\t<li class=\"elementor-icon-list-item elementor-repeater-item-b014cd4 elementor-inline-item\" itemprop=\"datePublished\">\n\t\t\t\t\t\t<a href=\"https:\/\/secondsouffle.co\/index.php\/2022\/07\/12\/\">\n\t\t\t\t\t\t\t\t\t\t\t<span class=\"elementor-icon-list-icon\">\n\t\t\t\t\t\t\t\t<svg aria-hidden=\"true\" class=\"e-font-icon-svg e-fas-calendar\" viewBox=\"0 0 448 512\" xmlns=\"http:\/\/www.w3.org\/2000\/svg\"><path d=\"M12 192h424c6.6 0 12 5.4 12 12v260c0 26.5-21.5 48-48 48H48c-26.5 0-48-21.5-48-48V204c0-6.6 5.4-12 12-12zm436-44v-36c0-26.5-21.5-48-48-48h-48V12c0-6.6-5.4-12-12-12h-40c-6.6 0-12 5.4-12 12v52H160V12c0-6.6-5.4-12-12-12h-40c-6.6 0-12 5.4-12 12v52H48C21.5 64 0 85.5 0 112v36c0 6.6 5.4 12 12 12h424c6.6 0 12-5.4 12-12z\"><\/path><\/svg>\t\t\t\t\t\t\t<\/span>\n\t\t\t\t\t\t\t\t\t<span class=\"elementor-icon-list-text elementor-post-info__item elementor-post-info__item--type-date\">\n\t\t\t\t\t\t\t\t\t\t<time>juillet 12, 2022<\/time>\t\t\t\t\t<\/span>\n\t\t\t\t\t\t\t\t\t<\/a>\n\t\t\t\t<\/li>\n\t\t\t\t<li class=\"elementor-icon-list-item elementor-repeater-item-4499c28 elementor-inline-item\">\n\t\t\t\t\t\t\t\t\t\t<span class=\"elementor-icon-list-icon\">\n\t\t\t\t\t\t\t\t<svg aria-hidden=\"true\" class=\"e-font-icon-svg e-far-clock\" viewBox=\"0 0 512 512\" xmlns=\"http:\/\/www.w3.org\/2000\/svg\"><path d=\"M256 8C119 8 8 119 8 256s111 248 248 248 248-111 248-248S393 8 256 8zm0 448c-110.5 0-200-89.5-200-200S145.5 56 256 56s200 89.5 200 200-89.5 200-200 200zm61.8-104.4l-84.9-61.7c-3.1-2.3-4.9-5.9-4.9-9.7V116c0-6.6 5.4-12 12-12h32c6.6 0 12 5.4 12 12v141.7l66.8 48.6c5.4 3.9 6.5 11.4 2.6 16.8L334.6 349c-3.9 5.3-11.4 6.5-16.8 2.6z\"><\/path><\/svg>\t\t\t\t\t\t\t<\/span>\n\t\t\t\t\t\t\t\t\t<span class=\"elementor-icon-list-text elementor-post-info__item elementor-post-info__item--type-time\">\n\t\t\t\t\t\t\t\t\t\t<time>11:31 am<\/time>\t\t\t\t\t<\/span>\n\t\t\t\t\t\t\t\t<\/li>\n\t\t\t\t<li class=\"elementor-icon-list-item elementor-repeater-item-9026d4d elementor-inline-item\">\n\t\t\t\t\t\t\t\t\t\t<span class=\"elementor-icon-list-icon\">\n\t\t\t\t\t\t\t\t<svg aria-hidden=\"true\" class=\"e-font-icon-svg e-far-user\" viewBox=\"0 0 448 512\" xmlns=\"http:\/\/www.w3.org\/2000\/svg\"><path d=\"M313.6 304c-28.7 0-42.5 16-89.6 16-47.1 0-60.8-16-89.6-16C60.2 304 0 364.2 0 438.4V464c0 26.5 21.5 48 48 48h352c26.5 0 48-21.5 48-48v-25.6c0-74.2-60.2-134.4-134.4-134.4zM400 464H48v-25.6c0-47.6 38.8-86.4 86.4-86.4 14.6 0 38.3 16 89.6 16 51.7 0 74.9-16 89.6-16 47.6 0 86.4 38.8 86.4 86.4V464zM224 288c79.5 0 144-64.5 144-144S303.5 0 224 0 80 64.5 80 144s64.5 144 144 144zm0-240c52.9 0 96 43.1 96 96s-43.1 96-96 96-96-43.1-96-96 43.1-96 96-96z\"><\/path><\/svg>\t\t\t\t\t\t\t<\/span>\n\t\t\t\t\t\t\t\t\t<span class=\"elementor-icon-list-text elementor-post-info__item elementor-post-info__item--type-custom\">\n\t\t\t\t\t\t\t\t\t\tCamille Caire\t\t\t\t\t<\/span>\n\t\t\t\t\t\t\t\t<\/li>\n\t\t\t\t<li class=\"elementor-icon-list-item elementor-repeater-item-cfc54d4 elementor-inline-item\" itemprop=\"about\">\n\t\t\t\t\t\t\t\t\t\t<span class=\"elementor-icon-list-icon\">\n\t\t\t\t\t\t\t\t<svg aria-hidden=\"true\" class=\"e-font-icon-svg e-fas-tags\" viewBox=\"0 0 640 512\" xmlns=\"http:\/\/www.w3.org\/2000\/svg\"><path d=\"M497.941 225.941L286.059 14.059A48 48 0 0 0 252.118 0H48C21.49 0 0 21.49 0 48v204.118a48 48 0 0 0 14.059 33.941l211.882 211.882c18.744 18.745 49.136 18.746 67.882 0l204.118-204.118c18.745-18.745 18.745-49.137 0-67.882zM112 160c-26.51 0-48-21.49-48-48s21.49-48 48-48 48 21.49 48 48-21.49 48-48 48zm513.941 133.823L421.823 497.941c-18.745 18.745-49.137 18.745-67.882 0l-.36-.36L527.64 323.522c16.999-16.999 26.36-39.6 26.36-63.64s-9.362-46.641-26.36-63.64L331.397 0h48.721a48 48 0 0 1 33.941 14.059l211.882 211.882c18.745 18.745 18.745 49.137 0 67.882z\"><\/path><\/svg>\t\t\t\t\t\t\t<\/span>\n\t\t\t\t\t\t\t\t\t<span class=\"elementor-icon-list-text elementor-post-info__item elementor-post-info__item--type-terms\">\n\t\t\t\t\t\t\t\t\t\t<span class=\"elementor-post-info__terms-list\">\n\t\t\t\t<a href=\"https:\/\/secondsouffle.co\/index.php\/category\/deco-et-tendance\/\" class=\"elementor-post-info__terms-list-item\">D\u00e9co et tendance<\/a>\t\t\t\t<\/span>\n\t\t\t\t\t<\/span>\n\t\t\t\t\t\t\t\t<\/li>\n\t\t\t\t<\/ul>\n\t\t\t\t\t\t<\/div>\n\t\t\t\t<\/div>\n\t\t\t\t\t<\/div>\n\t\t<\/div>\n\t\t\t\t\t<\/div>\n\t\t<\/section>\n\t\t\t\t<section class=\"elementor-section elementor-top-section elementor-element elementor-element-8c0a9df elementor-section-boxed elementor-section-height-default elementor-section-height-default\" data-id=\"8c0a9df\" data-element_type=\"section\" data-e-type=\"section\" data-settings=\"{&quot;_ha_eqh_enable&quot;:false}\">\n\t\t\t\t\t\t<div class=\"elementor-container elementor-column-gap-default\">\n\t\t\t\t\t<div class=\"elementor-column elementor-col-100 elementor-top-column elementor-element elementor-element-bfd61b0\" data-id=\"bfd61b0\" data-element_type=\"column\" data-e-type=\"column\">\n\t\t\t<div class=\"elementor-widget-wrap elementor-element-populated\">\n\t\t\t\t\t\t<div class=\"elementor-element elementor-element-6285f0a elementor-widget elementor-widget-theme-post-featured-image elementor-widget-image\" data-id=\"6285f0a\" data-element_type=\"widget\" data-e-type=\"widget\" data-widget_type=\"theme-post-featured-image.default\">\n\t\t\t\t<div class=\"elementor-widget-container\">\n\t\t\t\t\t\t\t\t\t\t\t\t\t\t\t<img decoding=\"async\" src=\"https:\/\/secondsouffle.co\/wp-content\/uploads\/elementor\/thumbs\/reussir-decoration-colocation-prnf8lkqheds2i2816w9312gdpo4ds18gad2tpop6w.jpg\" title=\"reussir-decoration-colocation\" alt=\"reussir-decoration-colocation\" loading=\"lazy\" \/>\t\t\t\t\t\t\t\t\t\t\t\t\t\t\t<\/div>\n\t\t\t\t<\/div>\n\t\t\t\t\t<\/div>\n\t\t<\/div>\n\t\t\t\t\t<\/div>\n\t\t<\/section>\n\t\t\t\t<section class=\"elementor-section elementor-top-section elementor-element elementor-element-1232b9e elementor-section-boxed elementor-section-height-default elementor-section-height-default\" data-id=\"1232b9e\" data-element_type=\"section\" data-e-type=\"section\" data-settings=\"{&quot;_ha_eqh_enable&quot;:false}\">\n\t\t\t\t\t\t<div class=\"elementor-container elementor-column-gap-default\">\n\t\t\t\t\t<div class=\"elementor-column elementor-col-100 elementor-top-column elementor-element elementor-element-fa121a6\" data-id=\"fa121a6\" data-element_type=\"column\" data-e-type=\"column\">\n\t\t\t<div class=\"elementor-widget-wrap elementor-element-populated\">\n\t\t\t\t\t\t<div class=\"elementor-element elementor-element-55ea867 elementor-widget elementor-widget-spacer\" data-id=\"55ea867\" data-element_type=\"widget\" data-e-type=\"widget\" data-widget_type=\"spacer.default\">\n\t\t\t\t<div class=\"elementor-widget-container\">\n\t\t\t\t\t\t\t<div class=\"elementor-spacer\">\n\t\t\t<div class=\"elementor-spacer-inner\"><\/div>\n\t\t<\/div>\n\t\t\t\t\t\t<\/div>\n\t\t\t\t<\/div>\n\t\t\t\t<div class=\"elementor-element elementor-element-208760e elementor-widget elementor-widget-text-editor\" data-id=\"208760e\" data-element_type=\"widget\" data-e-type=\"widget\" data-widget_type=\"text-editor.default\">\n\t\t\t\t<div class=\"elementor-widget-container\">\n\t\t\t\t\t\t\t\t\t<p>La colocation repr\u00e9sente un mode de location qui gagne de plus en plus le terrain. En r\u00e9alit\u00e9, un grand nombre de personnes sont s\u00e9duites par ce type de logement. C&rsquo;est en effet la meilleure option pour r\u00e9aliser des \u00e9conomies tout en vivant avec plus de convivialit\u00e9. Elle permet aux occupants de r\u00e9duire leurs charges locatives avec un maximum d\u2019espace. Toutefois, ce type d&rsquo;habitation peut pr\u00e9senter des inconv\u00e9nients. Les colocataires ont souvent des pr\u00e9f\u00e9rences de couleurs diff\u00e9rentes. Ainsi, il convient de consid\u00e9rer les go\u00fbts de chacun pour une vie en communaut\u00e9 plus agr\u00e9able. N\u00e9anmoins, vous pouvez toujours r\u00e9ussir cette d\u00e9coration qui vous convient sans d\u00e9ranger votre colocataire. D\u00e9couvrez \u00e0 cet effet quelques astuces indispensables pour am\u00e9nager votre colocation pi\u00e8ce par pi\u00e8ce !<\/p>\t\t\t\t\t\t\t\t<\/div>\n\t\t\t\t<\/div>\n\t\t\t\t\t<\/div>\n\t\t<\/div>\n\t\t\t\t\t<\/div>\n\t\t<\/section>\n\t\t\t\t<section class=\"elementor-section elementor-top-section elementor-element elementor-element-089c51c elementor-section-boxed elementor-section-height-default elementor-section-height-default\" data-id=\"089c51c\" data-element_type=\"section\" data-e-type=\"section\" data-settings=\"{&quot;_ha_eqh_enable&quot;:false}\">\n\t\t\t\t\t\t<div class=\"elementor-container elementor-column-gap-default\">\n\t\t\t\t\t<div class=\"elementor-column elementor-col-100 elementor-top-column elementor-element elementor-element-61eb756\" data-id=\"61eb756\" data-element_type=\"column\" data-e-type=\"column\">\n\t\t\t<div class=\"elementor-widget-wrap elementor-element-populated\">\n\t\t\t\t\t\t<div class=\"elementor-element elementor-element-4db6fe4 elementor-widget-divider--view-line elementor-widget elementor-widget-divider\" data-id=\"4db6fe4\" data-element_type=\"widget\" data-e-type=\"widget\" data-widget_type=\"divider.default\">\n\t\t\t\t<div class=\"elementor-widget-container\">\n\t\t\t\t\t\t\t<div class=\"elementor-divider\">\n\t\t\t<span class=\"elementor-divider-separator\">\n\t\t\t\t\t\t<\/span>\n\t\t<\/div>\n\t\t\t\t\t\t<\/div>\n\t\t\t\t<\/div>\n\t\t\t\t\t<\/div>\n\t\t<\/div>\n\t\t\t\t\t<\/div>\n\t\t<\/section>\n\t\t\t\t<section class=\"elementor-section elementor-top-section elementor-element elementor-element-a01a3ca elementor-section-boxed elementor-section-height-default elementor-section-height-default\" data-id=\"a01a3ca\" data-element_type=\"section\" data-e-type=\"section\" data-settings=\"{&quot;_ha_eqh_enable&quot;:false}\">\n\t\t\t\t\t\t<div class=\"elementor-container elementor-column-gap-default\">\n\t\t\t\t\t<div class=\"elementor-column elementor-col-100 elementor-top-column elementor-element elementor-element-b85dbba\" data-id=\"b85dbba\" data-element_type=\"column\" data-e-type=\"column\">\n\t\t\t<div class=\"elementor-widget-wrap elementor-element-populated\">\n\t\t\t\t\t\t<div class=\"elementor-element elementor-element-67ed5a2 elementor-widget elementor-widget-heading\" data-id=\"67ed5a2\" data-element_type=\"widget\" data-e-type=\"widget\" data-widget_type=\"heading.default\">\n\t\t\t\t<div class=\"elementor-widget-container\">\n\t\t\t\t\t<h2 class=\"elementor-heading-title elementor-size-default\">Comment d\u00e9corer le salon ?<\/h2>\t\t\t\t<\/div>\n\t\t\t\t<\/div>\n\t\t\t\t<div class=\"elementor-element elementor-element-62d2ed9 elementor-widget elementor-widget-text-editor\" data-id=\"62d2ed9\" data-element_type=\"widget\" data-e-type=\"widget\" data-widget_type=\"text-editor.default\">\n\t\t\t\t<div class=\"elementor-widget-container\">\n\t\t\t\t\t\t\t\t\t<p>Avant tout, il faut savoir que le salon est la pi\u00e8ce ma\u00eetresse de la maison. Il est donc important de le d\u00e9corer de mani\u00e8re \u00e0 ce que tout le monde s&rsquo;y sente \u00e0 l&rsquo;aise. Pour une d\u00e9coration plus agr\u00e9able de cette pi\u00e8ce, optez pour des\u00a0<strong>couleurs assez neutres<\/strong>. Les tons clairs sont ad\u00e9quats pour d\u00e9corer les murs. Si vous voulez lui apporter une touche de modernit\u00e9, choisissez un pan de mur que vous peindrez d\u2019une couleur chaude. Finalisez la d\u00e9coration en y apportant de la chaleur. Dans ce cas, vous pouvez installer un joli tapis ou quelques coussins color\u00e9s sur les canap\u00e9s.<\/p><p>Par ailleurs, \u00e9vitez de mettre au salon des objets personnels. Il peut s&rsquo;agit de photos, d&rsquo;une collection de troph\u00e9es, etc. Si vos colocataires sont d&rsquo;accord, vous pouvez ajouter au salon d&rsquo;autres objets de d\u00e9coration comme :<\/p><ul><li>les miroirs<\/li><li>les plaids<\/li><li>les tableaux<\/li><li>les vases, etc.<\/li><\/ul><p>\u00a0<\/p><p>Ceux-ci ajouteront une touche de confort \u00e0 la pi\u00e8ce commune. Ils vous permettront aussi de cr\u00e9er une ambiance plus cosy et plus accueillante dans cet espace de vie. Pour finir, vous pouvez y installer des plantes qui sont des \u00e9l\u00e9ments neutres. Elles y apporteront une touche de vitalit\u00e9 et de couleur. Choisissez aussi des luminaires vari\u00e9s pour plus d&rsquo;ambiance.<\/p><p>Toujours pour am\u00e9nager le salon,\u00a0<strong>choisissez un grand canap\u00e9<\/strong>\u00a0que vous accompagnerez de petits fauteuils d\u2019appoints. Ils vous seront utiles pour accueillir vos invit\u00e9s. Optez ensuite pour une table avec des rangements pour \u00e9viter que les affaires personnelles de chaque colocataire ne tra\u00eenent au salon.<\/p>\t\t\t\t\t\t\t\t<\/div>\n\t\t\t\t<\/div>\n\t\t\t\t\t<\/div>\n\t\t<\/div>\n\t\t\t\t\t<\/div>\n\t\t<\/section>\n\t\t\t\t<section class=\"elementor-section elementor-top-section elementor-element elementor-element-f756957 elementor-section-boxed elementor-section-height-default elementor-section-height-default\" data-id=\"f756957\" data-element_type=\"section\" data-e-type=\"section\" data-settings=\"{&quot;_ha_eqh_enable&quot;:false}\">\n\t\t\t\t\t\t<div class=\"elementor-container elementor-column-gap-default\">\n\t\t\t\t\t<div class=\"elementor-column elementor-col-100 elementor-top-column elementor-element elementor-element-cec9e65\" data-id=\"cec9e65\" data-element_type=\"column\" data-e-type=\"column\">\n\t\t\t<div class=\"elementor-widget-wrap elementor-element-populated\">\n\t\t\t\t\t\t<div class=\"elementor-element elementor-element-f79f107 elementor-widget elementor-widget-spacer\" data-id=\"f79f107\" data-element_type=\"widget\" data-e-type=\"widget\" data-widget_type=\"spacer.default\">\n\t\t\t\t<div class=\"elementor-widget-container\">\n\t\t\t\t\t\t\t<div class=\"elementor-spacer\">\n\t\t\t<div class=\"elementor-spacer-inner\"><\/div>\n\t\t<\/div>\n\t\t\t\t\t\t<\/div>\n\t\t\t\t<\/div>\n\t\t\t\t<div class=\"elementor-element elementor-element-73f014d elementor-widget elementor-widget-heading\" data-id=\"73f014d\" data-element_type=\"widget\" data-e-type=\"widget\" data-widget_type=\"heading.default\">\n\t\t\t\t<div class=\"elementor-widget-container\">\n\t\t\t\t\t<h2 class=\"elementor-heading-title elementor-size-default\">Comment d\u00e9corer la cuisine ?<\/h2>\t\t\t\t<\/div>\n\t\t\t\t<\/div>\n\t\t\t\t<div class=\"elementor-element elementor-element-2c973f1 elementor-widget elementor-widget-text-editor\" data-id=\"2c973f1\" data-element_type=\"widget\" data-e-type=\"widget\" data-widget_type=\"text-editor.default\">\n\t\t\t\t<div class=\"elementor-widget-container\">\n\t\t\t\t\t\t\t\t\t<p>La cuisine \u00e9tant une pi\u00e8ce commune, il est important de bien la d\u00e9corer. Il peut bien arriver que vous n\u2019ayez pas les moyens d\u2019investir dans une cuisine design. Quoi qu\u2019il en soit, pas besoin de vous en faire. Optez simplement pour du gris, du beige ou de la taupe tout en restant sobre.<\/p><p>Par ailleurs, pour am\u00e9nager cet espace, la premi\u00e8re chose \u00e0 laquelle vous devez penser est l&rsquo;installation d&rsquo;une table. C&rsquo;est l&rsquo;\u00e9l\u00e9ment primordial de la cuisine. Pour plus de r\u00e9ussites, privil\u00e9giez un mod\u00e8le modulable. Une petite table extensible vous fera aussi gagner de la place et vous \u00e9vitera d\u2019encombrer la cuisine. Si vous devez partager vos repas avec vos colocataires ou des invit\u00e9s particuliers, optez pour une grande table. Si votre cuisine est petite de taille, n&rsquo;essayez pas de la surcharger avec de grands tabourets. Orientez-vous vers des chaises pliables. Si vous disposez d&rsquo;un balcon, vous pouvez y int\u00e9grer un potager.<\/p><p>Pour am\u00e9nager votre cuisine, pr\u00e9voyez des\u00a0<strong>rangements compartiment\u00e9s ou des buffets avec rangements<\/strong>. Ils permettront \u00e0 chaque colocataire de ranger ses courses personnelles. N&rsquo;oubliez pas de vous procurer des organisateurs pour r\u00e9frig\u00e9rateur. Disponibles en diff\u00e9rents styles et couleurs, ils vous offrent l&rsquo;avantage d\u2019organiser les aliments de chacun. De cette mani\u00e8re, vous gagnez de la place dans votre r\u00e9frig\u00e9rateur.<\/p><p>Les \u00e9tag\u00e8res murales seront \u00e9galement la bienvenue dans cet espace. Elles sont pratiques pour suspendre vos ustensiles et ne pas encombrer la cuisine. Pensez \u00e9galement au lave-vaisselle qui est un indispensable. Il vous sera utile pour garder la cuisine toujours propre. Pour finir, disposez dans cette pi\u00e8ce une table murale rabattable. Vous pouvez ainsi l\u2019utiliser comme plan de travail pour pr\u00e9parer vos repas.<\/p>\t\t\t\t\t\t\t\t<\/div>\n\t\t\t\t<\/div>\n\t\t\t\t\t<\/div>\n\t\t<\/div>\n\t\t\t\t\t<\/div>\n\t\t<\/section>\n\t\t\t\t<section class=\"elementor-section elementor-top-section elementor-element elementor-element-d3bcd6a elementor-section-boxed elementor-section-height-default elementor-section-height-default\" data-id=\"d3bcd6a\" data-element_type=\"section\" data-e-type=\"section\" data-settings=\"{&quot;_ha_eqh_enable&quot;:false}\">\n\t\t\t\t\t\t<div class=\"elementor-container elementor-column-gap-default\">\n\t\t\t\t\t<div class=\"elementor-column elementor-col-100 elementor-top-column elementor-element elementor-element-c57c42c\" data-id=\"c57c42c\" data-element_type=\"column\" data-e-type=\"column\">\n\t\t\t<div class=\"elementor-widget-wrap elementor-element-populated\">\n\t\t\t\t\t\t<div class=\"elementor-element elementor-element-4f7e8ab elementor-widget elementor-widget-spacer\" data-id=\"4f7e8ab\" data-element_type=\"widget\" data-e-type=\"widget\" data-widget_type=\"spacer.default\">\n\t\t\t\t<div class=\"elementor-widget-container\">\n\t\t\t\t\t\t\t<div class=\"elementor-spacer\">\n\t\t\t<div class=\"elementor-spacer-inner\"><\/div>\n\t\t<\/div>\n\t\t\t\t\t\t<\/div>\n\t\t\t\t<\/div>\n\t\t\t\t<div class=\"elementor-element elementor-element-9367423 elementor-widget elementor-widget-heading\" data-id=\"9367423\" data-element_type=\"widget\" data-e-type=\"widget\" data-widget_type=\"heading.default\">\n\t\t\t\t<div class=\"elementor-widget-container\">\n\t\t\t\t\t<h2 class=\"elementor-heading-title elementor-size-default\">Comment d\u00e9corer l'entr\u00e9e ?<\/h2>\t\t\t\t<\/div>\n\t\t\t\t<\/div>\n\t\t\t\t<div class=\"elementor-element elementor-element-f4487e5 elementor-widget elementor-widget-text-editor\" data-id=\"f4487e5\" data-element_type=\"widget\" data-e-type=\"widget\" data-widget_type=\"text-editor.default\">\n\t\t\t\t<div class=\"elementor-widget-container\">\n\t\t\t\t\t\t\t\t\t<p>Dans une colocation, l\u2019entr\u00e9e peut tr\u00e8s vite \u00eatre encombr\u00e9e par toutes sortes de choses. Ce peut \u00eatre des chaussures, des manteaux ou m\u00eame un parapluie. Si vous avez un petit espace, installez \u00e0 cet emplacement un meuble d\u2019entr\u00e9e. Il vous permettra de ranger les chaussures de chaque colocataire. Il est aussi possible d&rsquo;y placer un porte-manteau qui est indispensable pour poser les affaires les plus usuelles. Au cas o\u00f9 vous n&rsquo;aurez pas assez d&rsquo;espace,\u00a0<strong>installez des pat\u00e8res aux murs<\/strong>\u00a0pour accrocher vos vestes.<\/p>\t\t\t\t\t\t\t\t<\/div>\n\t\t\t\t<\/div>\n\t\t\t\t\t<\/div>\n\t\t<\/div>\n\t\t\t\t\t<\/div>\n\t\t<\/section>\n\t\t\t\t<section class=\"elementor-section elementor-top-section elementor-element elementor-element-b4d7a3d elementor-section-boxed elementor-section-height-default elementor-section-height-default\" data-id=\"b4d7a3d\" data-element_type=\"section\" data-e-type=\"section\" data-settings=\"{&quot;_ha_eqh_enable&quot;:false}\">\n\t\t\t\t\t\t<div class=\"elementor-container elementor-column-gap-default\">\n\t\t\t\t\t<div class=\"elementor-column elementor-col-100 elementor-top-column elementor-element elementor-element-1c93820\" data-id=\"1c93820\" data-element_type=\"column\" data-e-type=\"column\">\n\t\t\t<div class=\"elementor-widget-wrap elementor-element-populated\">\n\t\t\t\t\t\t<div class=\"elementor-element elementor-element-ed5ea48 elementor-widget elementor-widget-spacer\" data-id=\"ed5ea48\" data-element_type=\"widget\" data-e-type=\"widget\" data-widget_type=\"spacer.default\">\n\t\t\t\t<div class=\"elementor-widget-container\">\n\t\t\t\t\t\t\t<div class=\"elementor-spacer\">\n\t\t\t<div class=\"elementor-spacer-inner\"><\/div>\n\t\t<\/div>\n\t\t\t\t\t\t<\/div>\n\t\t\t\t<\/div>\n\t\t\t\t<div class=\"elementor-element elementor-element-c1a8c46 elementor-widget elementor-widget-heading\" data-id=\"c1a8c46\" data-element_type=\"widget\" data-e-type=\"widget\" data-widget_type=\"heading.default\">\n\t\t\t\t<div class=\"elementor-widget-container\">\n\t\t\t\t\t<h2 class=\"elementor-heading-title elementor-size-default\">Comment d\u00e9corer le couloir ?<\/h2>\t\t\t\t<\/div>\n\t\t\t\t<\/div>\n\t\t\t\t<div class=\"elementor-element elementor-element-ad584d0 elementor-widget elementor-widget-text-editor\" data-id=\"ad584d0\" data-element_type=\"widget\" data-e-type=\"widget\" data-widget_type=\"text-editor.default\">\n\t\t\t\t<div class=\"elementor-widget-container\">\n\t\t\t\t\t\t\t\t\t<p>Pour d\u00e9corer votre couloir, vous pouvez installer sur les murs des cadres vides dans lesquelles chaque colocataire ins\u00e9rera ses photos personnelles. Le but ici est de transformer le couloir en une sorte de mur de photos de famille.<\/p><p>Pour am\u00e9nager cet espace, vous n&rsquo;avez pas besoin d&rsquo;accessoires particuliers. Il vous suffit de travailler votre imagination. Ainsi, vous pouvez jouer sur l&rsquo;\u00e9clairage en installant des ampoules multicolores. Toutefois, choisissez celles qui vous offrent des tonalit\u00e9s de blanc chaud ou de blanc lumi\u00e8re du jour.<\/p>\t\t\t\t\t\t\t\t<\/div>\n\t\t\t\t<\/div>\n\t\t\t\t\t<\/div>\n\t\t<\/div>\n\t\t\t\t\t<\/div>\n\t\t<\/section>\n\t\t\t\t<section class=\"elementor-section elementor-top-section elementor-element elementor-element-9ea75b9 elementor-section-boxed elementor-section-height-default elementor-section-height-default\" data-id=\"9ea75b9\" data-element_type=\"section\" data-e-type=\"section\" data-settings=\"{&quot;_ha_eqh_enable&quot;:false}\">\n\t\t\t\t\t\t<div class=\"elementor-container elementor-column-gap-default\">\n\t\t\t\t\t<div class=\"elementor-column elementor-col-100 elementor-top-column elementor-element elementor-element-1427d4e\" data-id=\"1427d4e\" data-element_type=\"column\" data-e-type=\"column\">\n\t\t\t<div class=\"elementor-widget-wrap elementor-element-populated\">\n\t\t\t\t\t\t<div class=\"elementor-element elementor-element-2eb23d4 elementor-widget elementor-widget-spacer\" data-id=\"2eb23d4\" data-element_type=\"widget\" data-e-type=\"widget\" data-widget_type=\"spacer.default\">\n\t\t\t\t<div class=\"elementor-widget-container\">\n\t\t\t\t\t\t\t<div class=\"elementor-spacer\">\n\t\t\t<div class=\"elementor-spacer-inner\"><\/div>\n\t\t<\/div>\n\t\t\t\t\t\t<\/div>\n\t\t\t\t<\/div>\n\t\t\t\t<div class=\"elementor-element elementor-element-363dd81 elementor-widget elementor-widget-heading\" data-id=\"363dd81\" data-element_type=\"widget\" data-e-type=\"widget\" data-widget_type=\"heading.default\">\n\t\t\t\t<div class=\"elementor-widget-container\">\n\t\t\t\t\t<h2 class=\"elementor-heading-title elementor-size-default\">Comment d\u00e9corer la chambre \u00e0 coucher ?<\/h2>\t\t\t\t<\/div>\n\t\t\t\t<\/div>\n\t\t\t\t<div class=\"elementor-element elementor-element-bbd10f4 elementor-widget elementor-widget-text-editor\" data-id=\"bbd10f4\" data-element_type=\"widget\" data-e-type=\"widget\" data-widget_type=\"text-editor.default\">\n\t\t\t\t<div class=\"elementor-widget-container\">\n\t\t\t\t\t\t\t\t\t<p>La chambre est votre cocon intime. Vous pouvez y exprimer librement votre style en la d\u00e9corant comme bon vous semble. Pour une d\u00e9coration r\u00e9ussie de celle-ci, pensez \u00e0\u00a0<strong>peindre les murs en plan cass\u00e9<\/strong>. C&rsquo;est en effet moins salissant que le blanc pur. Pour ce qui est du mobilier, choisissez un grand lit. N&rsquo;oubliez pas d\u2019installer dans la chambre de nombreux rangements pour pouvoir organiser toutes vos affaires. D&rsquo;ailleurs, voici quelques solutions de rangement qui vous \u00e9viteront d&rsquo;encombrer les pi\u00e8ces communes.<\/p><ul><li>une armoire avec une biblioth\u00e8que<\/li><li>une commode ou console<\/li><li>un bureau avec des tiroirs<\/li><li>un lit coffre ou avec tiroirs<\/li><li>des \u00e9tag\u00e8res ou un banc de rangement.<\/li><\/ul><p>\u00a0<\/p><p>Pour l\u2019\u00e9clairage, optez pour une petite suspension. Un simple abat-jour aux tonalit\u00e9s neutres serait aussi une excellente alternative.<\/p>\t\t\t\t\t\t\t\t<\/div>\n\t\t\t\t<\/div>\n\t\t\t\t\t<\/div>\n\t\t<\/div>\n\t\t\t\t\t<\/div>\n\t\t<\/section>\n\t\t\t\t<section class=\"elementor-section elementor-top-section elementor-element elementor-element-5bdf6d2 elementor-section-boxed elementor-section-height-default elementor-section-height-default\" data-id=\"5bdf6d2\" data-element_type=\"section\" data-e-type=\"section\" data-settings=\"{&quot;_ha_eqh_enable&quot;:false}\">\n\t\t\t\t\t\t<div class=\"elementor-container elementor-column-gap-default\">\n\t\t\t\t\t<div class=\"elementor-column elementor-col-100 elementor-top-column elementor-element elementor-element-528c7dd\" data-id=\"528c7dd\" data-element_type=\"column\" data-e-type=\"column\">\n\t\t\t<div class=\"elementor-widget-wrap elementor-element-populated\">\n\t\t\t\t\t\t<div class=\"elementor-element elementor-element-56b857d elementor-widget elementor-widget-spacer\" data-id=\"56b857d\" data-element_type=\"widget\" data-e-type=\"widget\" data-widget_type=\"spacer.default\">\n\t\t\t\t<div class=\"elementor-widget-container\">\n\t\t\t\t\t\t\t<div class=\"elementor-spacer\">\n\t\t\t<div class=\"elementor-spacer-inner\"><\/div>\n\t\t<\/div>\n\t\t\t\t\t\t<\/div>\n\t\t\t\t<\/div>\n\t\t\t\t<div class=\"elementor-element elementor-element-9bbde92 elementor-widget elementor-widget-heading\" data-id=\"9bbde92\" data-element_type=\"widget\" data-e-type=\"widget\" data-widget_type=\"heading.default\">\n\t\t\t\t<div class=\"elementor-widget-container\">\n\t\t\t\t\t<h2 class=\"elementor-heading-title elementor-size-default\">Comment d\u00e9corer la salle de bains ?<\/h2>\t\t\t\t<\/div>\n\t\t\t\t<\/div>\n\t\t\t\t<div class=\"elementor-element elementor-element-bac7a4b elementor-widget elementor-widget-text-editor\" data-id=\"bac7a4b\" data-element_type=\"widget\" data-e-type=\"widget\" data-widget_type=\"text-editor.default\">\n\t\t\t\t<div class=\"elementor-widget-container\">\n\t\t\t\t\t\t\t\t\t<p>Pour r\u00e9ussir la d\u00e9coration de votre salle de bains, apprenez \u00e0\u00a0<strong>concilier organisation, neutralit\u00e9 et confort<\/strong>.<\/p>\t\t\t\t\t\t\t\t<\/div>\n\t\t\t\t<\/div>\n\t\t\t\t\t<\/div>\n\t\t<\/div>\n\t\t\t\t\t<\/div>\n\t\t<\/section>\n\t\t\t\t<section class=\"elementor-section elementor-top-section elementor-element elementor-element-533b1d0 elementor-section-boxed elementor-section-height-default elementor-section-height-default\" data-id=\"533b1d0\" data-element_type=\"section\" data-e-type=\"section\" data-settings=\"{&quot;_ha_eqh_enable&quot;:false}\">\n\t\t\t\t\t\t<div class=\"elementor-container elementor-column-gap-default\">\n\t\t\t\t\t<div class=\"elementor-column elementor-col-100 elementor-top-column elementor-element elementor-element-3586c80\" data-id=\"3586c80\" data-element_type=\"column\" data-e-type=\"column\">\n\t\t\t<div class=\"elementor-widget-wrap elementor-element-populated\">\n\t\t\t\t\t\t<div class=\"elementor-element elementor-element-b5c7bda elementor-widget elementor-widget-heading\" data-id=\"b5c7bda\" data-element_type=\"widget\" data-e-type=\"widget\" data-widget_type=\"heading.default\">\n\t\t\t\t<div class=\"elementor-widget-container\">\n\t\t\t\t\t<h3 class=\"elementor-heading-title elementor-size-default\">D\u00e9corer sa salle de bains individuelle<\/h3>\t\t\t\t<\/div>\n\t\t\t\t<\/div>\n\t\t\t\t<div class=\"elementor-element elementor-element-5e855bb elementor-widget elementor-widget-text-editor\" data-id=\"5e855bb\" data-element_type=\"widget\" data-e-type=\"widget\" data-widget_type=\"text-editor.default\">\n\t\t\t\t<div class=\"elementor-widget-container\">\n\t\t\t\t\t\t\t\t\t<p>Pour les couleurs, inutile d&rsquo;aller chercher loin. Restez sobre en choisissant les couleurs grises ou beiges pour le carrelage et la fa\u00efence. Pour plus de fantaisie, comptez simplement sur vos accessoires personnels. Ils sont l\u00e0 pour vous apporter de la couleur et une touche d\u00e9corative plus pouss\u00e9e.<\/p><p>En outre, vous pouvez\u00a0<strong>installer une plante grasse<\/strong>\u00a0qui aime l\u2019humidit\u00e9. Choisissez-en une qui n\u2019a pas besoin de lumi\u00e8re. Pour finir, couvrez les murs de pat\u00e8res pour ne pas laisser tra\u00eener vos v\u00eatements et vos linges de bain partout. Dans certaines colocations, vous n&rsquo;aurez pas la chance de b\u00e9n\u00e9ficier d\u2019une salle de bains individuelle. Dans le cas \u00e9ch\u00e9ant, voici comment vous pouvez am\u00e9nager et d\u00e9corer votre salle de bains.<\/p>\t\t\t\t\t\t\t\t<\/div>\n\t\t\t\t<\/div>\n\t\t\t\t\t<\/div>\n\t\t<\/div>\n\t\t\t\t\t<\/div>\n\t\t<\/section>\n\t\t\t\t<section class=\"elementor-section elementor-top-section elementor-element elementor-element-5c36608 elementor-section-boxed elementor-section-height-default elementor-section-height-default\" data-id=\"5c36608\" data-element_type=\"section\" data-e-type=\"section\" data-settings=\"{&quot;_ha_eqh_enable&quot;:false}\">\n\t\t\t\t\t\t<div class=\"elementor-container elementor-column-gap-default\">\n\t\t\t\t\t<div class=\"elementor-column elementor-col-100 elementor-top-column elementor-element elementor-element-75181be\" data-id=\"75181be\" data-element_type=\"column\" data-e-type=\"column\">\n\t\t\t<div class=\"elementor-widget-wrap elementor-element-populated\">\n\t\t\t\t\t\t<div class=\"elementor-element elementor-element-a88fa70 elementor-widget elementor-widget-heading\" data-id=\"a88fa70\" data-element_type=\"widget\" data-e-type=\"widget\" data-widget_type=\"heading.default\">\n\t\t\t\t<div class=\"elementor-widget-container\">\n\t\t\t\t\t<h3 class=\"elementor-heading-title elementor-size-default\">D\u00e9corer une salle de bains collective<\/h3>\t\t\t\t<\/div>\n\t\t\t\t<\/div>\n\t\t\t\t<div class=\"elementor-element elementor-element-30b145d elementor-widget elementor-widget-text-editor\" data-id=\"30b145d\" data-element_type=\"widget\" data-e-type=\"widget\" data-widget_type=\"text-editor.default\">\n\t\t\t\t<div class=\"elementor-widget-container\">\n\t\t\t\t\t\t\t\t\t<p>Si l&rsquo;espace de la salle de bains vous le permet, installez un meuble ou des colonnes de rangement. Ils permettent \u00e0 chaque colocataire de ranger ses affaires. Portez une pr\u00e9f\u00e9rence aux meubles verticaux et peu profonds. Dans la salle de bains, vous pouvez aussi mettre en place des colonnes dot\u00e9es d\u2019un miroir. Tr\u00e8s pratiques, elles y apporteront une touche de d\u00e9coration unique.<\/p><p>Pour optimiser l&rsquo;espace dans votre salle de bains, optez pour des rangements organis\u00e9s. \u00c0 cet effet, il existe une multitude de mod\u00e8les suivant diff\u00e9rents coloris. Vous en trouverez aussi de divers mat\u00e9riaux. Ils peuvent \u00eatre en plastique, en tissu ou encore tress\u00e9es. Parfaitement gliss\u00e9s dans les meubles, ils permettent \u00e0 chaque occupant d&rsquo;y ranger ses affaires et choisir une couleur qui lui convient.<\/p><p>En outre, les \u00e9tag\u00e8res murales sont des musts have dans cette pi\u00e8ce d&rsquo;intimit\u00e9. Esth\u00e9tiques et peu encombrantes, elles pr\u00e9sentent de nombreux autres avantages. En effet, elles sont id\u00e9ales pour vos effets personnels. De m\u00eame, elles vous permettent d&rsquo;ajouter quelques \u00e9l\u00e9ments de d\u00e9coration. Entre autres, il s&rsquo;agit des plantes, du panier en osier ou en rotin et bien d&rsquo;autres.<\/p><p>Les\u00a0<strong>pat\u00e8res et les paniers \u00e0 linge<\/strong>\u00a0sont aussi de parfaits alli\u00e9s pour la salle de bains. Les unes et les autres permettent d\u2019\u00e9viter que les serviettes et les linges tra\u00eenent. Toutefois, chaque colocataire doit disposer de son propre panier \u00e0 linge. N\u00e9anmoins, optez pour des mod\u00e8les qui s\u2019adaptent \u00e0 la d\u00e9coration de votre salle de bains. Sur le march\u00e9, vous trouverez des paniers \u00e0 linge en rotin, en osier, en tissu ou en plastique. Il en existe m\u00eame des mod\u00e8les simples avec plusieurs compartiments ou suspendus.<\/p>\t\t\t\t\t\t\t\t<\/div>\n\t\t\t\t<\/div>\n\t\t\t\t\t<\/div>\n\t\t<\/div>\n\t\t\t\t\t<\/div>\n\t\t<\/section>\n\t\t\t\t<section class=\"elementor-section elementor-top-section elementor-element elementor-element-33837a6 elementor-section-boxed elementor-section-height-default elementor-section-height-default\" data-id=\"33837a6\" data-element_type=\"section\" data-e-type=\"section\" data-settings=\"{&quot;_ha_eqh_enable&quot;:false}\">\n\t\t\t\t\t\t<div class=\"elementor-container elementor-column-gap-default\">\n\t\t\t\t\t<div class=\"elementor-column elementor-col-100 elementor-top-column elementor-element elementor-element-c13adf7\" data-id=\"c13adf7\" data-element_type=\"column\" data-e-type=\"column\">\n\t\t\t<div class=\"elementor-widget-wrap elementor-element-populated\">\n\t\t\t\t\t\t<div class=\"elementor-element elementor-element-c4455a6 elementor-widget elementor-widget-spacer\" data-id=\"c4455a6\" data-element_type=\"widget\" data-e-type=\"widget\" data-widget_type=\"spacer.default\">\n\t\t\t\t<div class=\"elementor-widget-container\">\n\t\t\t\t\t\t\t<div class=\"elementor-spacer\">\n\t\t\t<div class=\"elementor-spacer-inner\"><\/div>\n\t\t<\/div>\n\t\t\t\t\t\t<\/div>\n\t\t\t\t<\/div>\n\t\t\t\t<div class=\"elementor-element elementor-element-a5090f4 ha-has-bg-overlay elementor-widget elementor-widget-heading\" data-id=\"a5090f4\" data-element_type=\"widget\" data-e-type=\"widget\" data-widget_type=\"heading.default\">\n\t\t\t\t<div class=\"elementor-widget-container\">\n\t\t\t\t\t<h2 class=\"elementor-heading-title elementor-size-default\">D\u00e9couvrez \u00e9galement<\/h2>\t\t\t\t<\/div>\n\t\t\t\t<\/div>\n\t\t\t\t\t<\/div>\n\t\t<\/div>\n\t\t\t\t\t<\/div>\n\t\t<\/section>\n\t\t\t\t<section class=\"elementor-section elementor-top-section elementor-element elementor-element-54cc1f1 elementor-section-boxed elementor-section-height-default elementor-section-height-default\" data-id=\"54cc1f1\" data-element_type=\"section\" data-e-type=\"section\" data-settings=\"{&quot;_ha_eqh_enable&quot;:false}\">\n\t\t\t\t\t\t<div class=\"elementor-container elementor-column-gap-default\">\n\t\t\t\t\t<div class=\"elementor-column elementor-col-100 elementor-top-column elementor-element elementor-element-180ed0f\" data-id=\"180ed0f\" data-element_type=\"column\" data-e-type=\"column\">\n\t\t\t<div class=\"elementor-widget-wrap elementor-element-populated\">\n\t\t\t\t\t\t<div class=\"elementor-element elementor-element-05a7236 elementor-widget elementor-widget-ha-post-tiles happy-addon ha-post-tiles happy-addon-pro\" data-id=\"05a7236\" data-element_type=\"widget\" data-e-type=\"widget\" data-widget_type=\"ha-post-tiles.default\">\n\t\t\t\t<div class=\"elementor-widget-container\">\n\t\t\t\t\t\n\t\t\t<div class=\"ha-tiles ha-tiles--11 ha-tiles--4by5\">\n\n\t\t\t\t\t\t\t\t\t<article class=\"ha-tiles__tile ha-tiles__tile--lg\">\n\t\t\t\t\t\t<div class=\"ha-tiles__tile-content\">\n\t\t\t\t\t\t\t\t\t<div class=\"ha-tiles__tile-meta\">\n\t\t\t\t<span class=\"ha-tiles__tile-author\">\n\t\t\t\t\t\t<svg xmlns=\"http:\/\/www.w3.org\/2000\/svg\" width=\"32\" height=\"32\" viewBox=\"0 0 32 32\"><path d=\"M30 26.4V29c0 1.7-1.3 3-3 3H5c-1.7 0-3-1.3-3-3v-2.6c0-4.6 3.8-8.4 8.4-8.4h1c1.4 0.6 2.9 1 4.6 1s3.2-0.4 4.6-1h1C26.2 18 30 21.8 30 26.4zM8 8c0-4.4 3.6-8 8-8s8 3.6 8 8 -3.6 8-8 8S8 12.4 8 8z\"\/><\/svg>\n\t\t\t\t\t\tCamille Caire\t\t<\/span>\n\t\t\t\t<span class=\"ha-tiles__tile-date\">\n\t\t\t\t\t\t<svg xmlns=\"http:\/\/www.w3.org\/2000\/svg\" width=\"32\" height=\"32\" viewBox=\"0 0 32 32\"><path d=\"M32 16c0 8.8-7.2 16-16 16S0 24.8 0 16 7.2 0 16 0 32 7.2 32 16zM22.2 19.5c0-0.3-0.2-0.6-0.4-0.8L18.1 16V6.7c0-0.6-0.5-1-1-1H15c-0.6 0-1 0.5-1 1v10 0c0 0.7 0.4 1.6 1 2l4.3 3.2c0.2 0.1 0.4 0.2 0.6 0.2 0.3 0 0.6-0.2 0.8-0.4l1.3-1.6C22.1 20 22.2 19.7 22.2 19.5z\"\/><\/svg>\n\t\t\t\t\t\t8 avril 2022\t\t<\/span>\n\t\t\t\t<\/div>\n\t\t\t\t\t\t\t\t\t<h3 class=\"ha-tiles__tile-title\"><a href=\"https:\/\/secondsouffle.co\/index.php\/2022\/04\/08\/comment-personnaliser-la-decoration-de-votre-couloir\/\" rel=\"bookmark\">Comment personnaliser la d\u00e9coration de votre couloir ?<\/a><\/h3>\n\t\t\t\t\t\t\t<p class=\"ha-tiles__tile-excerpt\">Le couloir est une pi\u00e8ce essentielle dans une habitation. Il permet non seulement de favoriser\u2026<\/p>\n\t\t\t\t\t\t<\/div>\n\n\t\t\t\t\t\t<a href=\"https:\/\/secondsouffle.co\/index.php\/category\/deco-et-tendance\/\" rel=\"tag\" class=\"ha-tiles__tile-tag\">D\u00e9co et tendance<\/a><img fetchpriority=\"high\" decoding=\"async\" width=\"800\" height=\"580\" src=\"https:\/\/secondsouffle.co\/wp-content\/uploads\/2022\/04\/personnaliser-deco-couloir-1024x742.jpg\" class=\"ha-tiles__tile-img wp-post-image\" alt=\"\" srcset=\"https:\/\/secondsouffle.co\/wp-content\/uploads\/2022\/04\/personnaliser-deco-couloir-1024x742.jpg 1024w, https:\/\/secondsouffle.co\/wp-content\/uploads\/2022\/04\/personnaliser-deco-couloir-300x217.jpg 300w, https:\/\/secondsouffle.co\/wp-content\/uploads\/2022\/04\/personnaliser-deco-couloir-768x556.jpg 768w, https:\/\/secondsouffle.co\/wp-content\/uploads\/2022\/04\/personnaliser-deco-couloir-1536x1113.jpg 1536w, https:\/\/secondsouffle.co\/wp-content\/uploads\/2022\/04\/personnaliser-deco-couloir-2048x1484.jpg 2048w\" sizes=\"(max-width: 800px) 100vw, 800px\" \/>\t\t\t\t\t<\/article>\n\n\t\t\t\t\t\t\t\t\t<article class=\"ha-tiles__tile ha-tiles__tile--sm\">\n\t\t\t\t\t\t<div class=\"ha-tiles__tile-content\">\n\t\t\t\t\t\t\t\t\t<div class=\"ha-tiles__tile-meta\">\n\t\t\t\t<span class=\"ha-tiles__tile-author\">\n\t\t\t\t\t\t<svg xmlns=\"http:\/\/www.w3.org\/2000\/svg\" width=\"32\" height=\"32\" viewBox=\"0 0 32 32\"><path d=\"M30 26.4V29c0 1.7-1.3 3-3 3H5c-1.7 0-3-1.3-3-3v-2.6c0-4.6 3.8-8.4 8.4-8.4h1c1.4 0.6 2.9 1 4.6 1s3.2-0.4 4.6-1h1C26.2 18 30 21.8 30 26.4zM8 8c0-4.4 3.6-8 8-8s8 3.6 8 8 -3.6 8-8 8S8 12.4 8 8z\"\/><\/svg>\n\t\t\t\t\t\tCamille Caire\t\t<\/span>\n\t\t\t\t<span class=\"ha-tiles__tile-date\">\n\t\t\t\t\t\t<svg xmlns=\"http:\/\/www.w3.org\/2000\/svg\" width=\"32\" height=\"32\" viewBox=\"0 0 32 32\"><path d=\"M32 16c0 8.8-7.2 16-16 16S0 24.8 0 16 7.2 0 16 0 32 7.2 32 16zM22.2 19.5c0-0.3-0.2-0.6-0.4-0.8L18.1 16V6.7c0-0.6-0.5-1-1-1H15c-0.6 0-1 0.5-1 1v10 0c0 0.7 0.4 1.6 1 2l4.3 3.2c0.2 0.1 0.4 0.2 0.6 0.2 0.3 0 0.6-0.2 0.8-0.4l1.3-1.6C22.1 20 22.2 19.7 22.2 19.5z\"\/><\/svg>\n\t\t\t\t\t\t17 janvier 2022\t\t<\/span>\n\t\t\t\t<\/div>\n\t\t\t\t\t\t\t\t\t<h3 class=\"ha-tiles__tile-title\"><a href=\"https:\/\/secondsouffle.co\/index.php\/2022\/01\/17\/quest-ce-quun-decorateur-dinterieur\/\" rel=\"bookmark\">Qu&rsquo;est-ce qu&rsquo;un d\u00e9corateur d&rsquo;int\u00e9rieur ?<\/a><\/h3>\n\t\t\t\t\t\t\t<p class=\"ha-tiles__tile-excerpt\">Le d\u00e9corateur d\u2019int\u00e9rieur est un professionnel dont vous pouvez avoir besoin \u00e0 plusieurs occasions. Il\u2026<\/p>\n\t\t\t\t\t\t<\/div>\n\n\t\t\t\t\t\t<a href=\"https:\/\/secondsouffle.co\/index.php\/category\/architecture-et-amenagement-interieur\/\" rel=\"tag\" class=\"ha-tiles__tile-tag\">Architecture et am\u00e9nagement d&#039;int\u00e9rieur<\/a><img decoding=\"async\" width=\"800\" height=\"534\" src=\"https:\/\/secondsouffle.co\/wp-content\/uploads\/2022\/01\/decorateur-interieur-1024x683.jpg\" class=\"ha-tiles__tile-img wp-post-image\" alt=\"\" srcset=\"https:\/\/secondsouffle.co\/wp-content\/uploads\/2022\/01\/decorateur-interieur-1024x683.jpg 1024w, https:\/\/secondsouffle.co\/wp-content\/uploads\/2022\/01\/decorateur-interieur-300x200.jpg 300w, https:\/\/secondsouffle.co\/wp-content\/uploads\/2022\/01\/decorateur-interieur-768x513.jpg 768w, https:\/\/secondsouffle.co\/wp-content\/uploads\/2022\/01\/decorateur-interieur-1536x1025.jpg 1536w, https:\/\/secondsouffle.co\/wp-content\/uploads\/2022\/01\/decorateur-interieur-2048x1367.jpg 2048w\" sizes=\"(max-width: 800px) 100vw, 800px\" \/>\t\t\t\t\t<\/article>\n\n\t\t\t\t\t\t\t\t\t<article class=\"ha-tiles__tile ha-tiles__tile--sm\">\n\t\t\t\t\t\t<div class=\"ha-tiles__tile-content\">\n\t\t\t\t\t\t\t\t\t<div class=\"ha-tiles__tile-meta\">\n\t\t\t\t<span class=\"ha-tiles__tile-author\">\n\t\t\t\t\t\t<svg xmlns=\"http:\/\/www.w3.org\/2000\/svg\" width=\"32\" height=\"32\" viewBox=\"0 0 32 32\"><path d=\"M30 26.4V29c0 1.7-1.3 3-3 3H5c-1.7 0-3-1.3-3-3v-2.6c0-4.6 3.8-8.4 8.4-8.4h1c1.4 0.6 2.9 1 4.6 1s3.2-0.4 4.6-1h1C26.2 18 30 21.8 30 26.4zM8 8c0-4.4 3.6-8 8-8s8 3.6 8 8 -3.6 8-8 8S8 12.4 8 8z\"\/><\/svg>\n\t\t\t\t\t\tCamille Caire\t\t<\/span>\n\t\t\t\t<span class=\"ha-tiles__tile-date\">\n\t\t\t\t\t\t<svg xmlns=\"http:\/\/www.w3.org\/2000\/svg\" width=\"32\" height=\"32\" viewBox=\"0 0 32 32\"><path d=\"M32 16c0 8.8-7.2 16-16 16S0 24.8 0 16 7.2 0 16 0 32 7.2 32 16zM22.2 19.5c0-0.3-0.2-0.6-0.4-0.8L18.1 16V6.7c0-0.6-0.5-1-1-1H15c-0.6 0-1 0.5-1 1v10 0c0 0.7 0.4 1.6 1 2l4.3 3.2c0.2 0.1 0.4 0.2 0.6 0.2 0.3 0 0.6-0.2 0.8-0.4l1.3-1.6C22.1 20 22.2 19.7 22.2 19.5z\"\/><\/svg>\n\t\t\t\t\t\t20 d\u00e9cembre 2021\t\t<\/span>\n\t\t\t\t<\/div>\n\t\t\t\t\t\t\t\t\t<h3 class=\"ha-tiles__tile-title\"><a href=\"https:\/\/secondsouffle.co\/index.php\/2021\/12\/20\/comment-bien-choisir-votre-verriere-dinterieur\/\" rel=\"bookmark\">Comment bien choisir votre verri\u00e8re d&rsquo;int\u00e9rieur ?<\/a><\/h3>\n\t\t\t\t\t\t\t<p class=\"ha-tiles__tile-excerpt\">La verri\u00e8re est un accessoire tr\u00e8s pris\u00e9 dans le domaine de la d\u00e9coration int\u00e9rieure. Que\u2026<\/p>\n\t\t\t\t\t\t<\/div>\n\n\t\t\t\t\t\t<a href=\"https:\/\/secondsouffle.co\/index.php\/category\/architecture-et-amenagement-interieur\/\" rel=\"tag\" class=\"ha-tiles__tile-tag\">Architecture et am\u00e9nagement d&#039;int\u00e9rieur<\/a><img decoding=\"async\" width=\"800\" height=\"534\" src=\"https:\/\/secondsouffle.co\/wp-content\/uploads\/2021\/12\/verriere-interieur-paris.-1024x683.jpg\" class=\"ha-tiles__tile-img wp-post-image\" alt=\"\" srcset=\"https:\/\/secondsouffle.co\/wp-content\/uploads\/2021\/12\/verriere-interieur-paris.-1024x683.jpg 1024w, https:\/\/secondsouffle.co\/wp-content\/uploads\/2021\/12\/verriere-interieur-paris.-300x200.jpg 300w, https:\/\/secondsouffle.co\/wp-content\/uploads\/2021\/12\/verriere-interieur-paris.-768x512.jpg 768w, https:\/\/secondsouffle.co\/wp-content\/uploads\/2021\/12\/verriere-interieur-paris.-1536x1024.jpg 1536w, https:\/\/secondsouffle.co\/wp-content\/uploads\/2021\/12\/verriere-interieur-paris.-2048x1366.jpg 2048w\" sizes=\"(max-width: 800px) 100vw, 800px\" \/>\t\t\t\t\t<\/article>\n\n\t\t\t\t\t\t\t\t\t<article class=\"ha-tiles__tile ha-tiles__tile--sm\">\n\t\t\t\t\t\t<div class=\"ha-tiles__tile-content\">\n\t\t\t\t\t\t\t\t\t<div class=\"ha-tiles__tile-meta\">\n\t\t\t\t<span class=\"ha-tiles__tile-author\">\n\t\t\t\t\t\t<svg xmlns=\"http:\/\/www.w3.org\/2000\/svg\" width=\"32\" height=\"32\" viewBox=\"0 0 32 32\"><path d=\"M30 26.4V29c0 1.7-1.3 3-3 3H5c-1.7 0-3-1.3-3-3v-2.6c0-4.6 3.8-8.4 8.4-8.4h1c1.4 0.6 2.9 1 4.6 1s3.2-0.4 4.6-1h1C26.2 18 30 21.8 30 26.4zM8 8c0-4.4 3.6-8 8-8s8 3.6 8 8 -3.6 8-8 8S8 12.4 8 8z\"\/><\/svg>\n\t\t\t\t\t\tCamille Caire\t\t<\/span>\n\t\t\t\t<span class=\"ha-tiles__tile-date\">\n\t\t\t\t\t\t<svg xmlns=\"http:\/\/www.w3.org\/2000\/svg\" width=\"32\" height=\"32\" viewBox=\"0 0 32 32\"><path d=\"M32 16c0 8.8-7.2 16-16 16S0 24.8 0 16 7.2 0 16 0 32 7.2 32 16zM22.2 19.5c0-0.3-0.2-0.6-0.4-0.8L18.1 16V6.7c0-0.6-0.5-1-1-1H15c-0.6 0-1 0.5-1 1v10 0c0 0.7 0.4 1.6 1 2l4.3 3.2c0.2 0.1 0.4 0.2 0.6 0.2 0.3 0 0.6-0.2 0.8-0.4l1.3-1.6C22.1 20 22.2 19.7 22.2 19.5z\"\/><\/svg>\n\t\t\t\t\t\t14 d\u00e9cembre 2021\t\t<\/span>\n\t\t\t\t<\/div>\n\t\t\t\t\t\t\t\t\t<h3 class=\"ha-tiles__tile-title\"><a href=\"https:\/\/secondsouffle.co\/index.php\/2021\/12\/14\/quelle-credence-choisir-pour-sa-cuisine\/\" rel=\"bookmark\">Quelle cr\u00e9dence choisir pour sa cuisine ?<\/a><\/h3>\n\t\t\t\t\t\t\t<p class=\"ha-tiles__tile-excerpt\">La cuisine est un espace priv\u00e9 dont l\u2019am\u00e9nagement demande qu\u2019on donne de soi. En dehors\u2026<\/p>\n\t\t\t\t\t\t<\/div>\n\n\t\t\t\t\t\t<a href=\"https:\/\/secondsouffle.co\/index.php\/category\/renovation\/\" rel=\"tag\" class=\"ha-tiles__tile-tag\">R\u00e9novation<\/a><img loading=\"lazy\" decoding=\"async\" width=\"800\" height=\"534\" src=\"https:\/\/secondsouffle.co\/wp-content\/uploads\/2021\/12\/credence-cuisine-1024x683.jpg\" class=\"ha-tiles__tile-img wp-post-image\" alt=\"\" srcset=\"https:\/\/secondsouffle.co\/wp-content\/uploads\/2021\/12\/credence-cuisine-1024x683.jpg 1024w, https:\/\/secondsouffle.co\/wp-content\/uploads\/2021\/12\/credence-cuisine-300x200.jpg 300w, https:\/\/secondsouffle.co\/wp-content\/uploads\/2021\/12\/credence-cuisine-768x512.jpg 768w, https:\/\/secondsouffle.co\/wp-content\/uploads\/2021\/12\/credence-cuisine-1536x1024.jpg 1536w, https:\/\/secondsouffle.co\/wp-content\/uploads\/2021\/12\/credence-cuisine-2048x1365.jpg 2048w\" sizes=\"(max-width: 800px) 100vw, 800px\" \/>\t\t\t\t\t<\/article>\n\n\t\t\t\t\t\t\t\t\t<article class=\"ha-tiles__tile ha-tiles__tile--sm\">\n\t\t\t\t\t\t<div class=\"ha-tiles__tile-content\">\n\t\t\t\t\t\t\t\t\t<div class=\"ha-tiles__tile-meta\">\n\t\t\t\t<span class=\"ha-tiles__tile-author\">\n\t\t\t\t\t\t<svg xmlns=\"http:\/\/www.w3.org\/2000\/svg\" width=\"32\" height=\"32\" viewBox=\"0 0 32 32\"><path d=\"M30 26.4V29c0 1.7-1.3 3-3 3H5c-1.7 0-3-1.3-3-3v-2.6c0-4.6 3.8-8.4 8.4-8.4h1c1.4 0.6 2.9 1 4.6 1s3.2-0.4 4.6-1h1C26.2 18 30 21.8 30 26.4zM8 8c0-4.4 3.6-8 8-8s8 3.6 8 8 -3.6 8-8 8S8 12.4 8 8z\"\/><\/svg>\n\t\t\t\t\t\tCamille Caire\t\t<\/span>\n\t\t\t\t<span class=\"ha-tiles__tile-date\">\n\t\t\t\t\t\t<svg xmlns=\"http:\/\/www.w3.org\/2000\/svg\" width=\"32\" height=\"32\" viewBox=\"0 0 32 32\"><path d=\"M32 16c0 8.8-7.2 16-16 16S0 24.8 0 16 7.2 0 16 0 32 7.2 32 16zM22.2 19.5c0-0.3-0.2-0.6-0.4-0.8L18.1 16V6.7c0-0.6-0.5-1-1-1H15c-0.6 0-1 0.5-1 1v10 0c0 0.7 0.4 1.6 1 2l4.3 3.2c0.2 0.1 0.4 0.2 0.6 0.2 0.3 0 0.6-0.2 0.8-0.4l1.3-1.6C22.1 20 22.2 19.7 22.2 19.5z\"\/><\/svg>\n\t\t\t\t\t\t29 novembre 2021\t\t<\/span>\n\t\t\t\t<\/div>\n\t\t\t\t\t\t\t\t\t<h3 class=\"ha-tiles__tile-title\"><a href=\"https:\/\/secondsouffle.co\/index.php\/2021\/11\/29\/quelles-sont-les-tendances-deco-a-venir-pour-lannee-2022\/\" rel=\"bookmark\">Quelles sont les tendances d\u00e9co \u00e0 venir pour l&rsquo;ann\u00e9e 2022 ?<\/a><\/h3>\n\t\t\t\t\t\t\t<p class=\"ha-tiles__tile-excerpt\">Pour bien vivre chez soi, il faut qu\u2019on s\u2019y sente \u00e0 l\u2019aise. La d\u00e9coration intervient\u2026<\/p>\n\t\t\t\t\t\t<\/div>\n\n\t\t\t\t\t\t<a href=\"https:\/\/secondsouffle.co\/index.php\/category\/deco-et-tendance\/\" rel=\"tag\" class=\"ha-tiles__tile-tag\">D\u00e9co et tendance<\/a><img loading=\"lazy\" decoding=\"async\" width=\"800\" height=\"469\" src=\"https:\/\/secondsouffle.co\/wp-content\/uploads\/2021\/11\/spacejoy-ml2RSaDME-k-unsplash-1024x600.jpg\" class=\"ha-tiles__tile-img wp-post-image\" alt=\"\" srcset=\"https:\/\/secondsouffle.co\/wp-content\/uploads\/2021\/11\/spacejoy-ml2RSaDME-k-unsplash-1024x600.jpg 1024w, https:\/\/secondsouffle.co\/wp-content\/uploads\/2021\/11\/spacejoy-ml2RSaDME-k-unsplash-300x176.jpg 300w, https:\/\/secondsouffle.co\/wp-content\/uploads\/2021\/11\/spacejoy-ml2RSaDME-k-unsplash-768x450.jpg 768w, https:\/\/secondsouffle.co\/wp-content\/uploads\/2021\/11\/spacejoy-ml2RSaDME-k-unsplash-1536x900.jpg 1536w, https:\/\/secondsouffle.co\/wp-content\/uploads\/2021\/11\/spacejoy-ml2RSaDME-k-unsplash-2048x1200.jpg 2048w\" sizes=\"(max-width: 800px) 100vw, 800px\" \/>\t\t\t\t\t<\/article>\n\n\t\t\t\t\n\t\t\t<\/div>\n\n\t\t\t\t\t\t\t<\/div>\n\t\t\t\t<\/div>\n\t\t\t\t<div class=\"elementor-element elementor-element-2158bcb elementor-widget elementor-widget-spacer\" data-id=\"2158bcb\" data-element_type=\"widget\" data-e-type=\"widget\" data-widget_type=\"spacer.default\">\n\t\t\t\t<div class=\"elementor-widget-container\">\n\t\t\t\t\t\t\t<div class=\"elementor-spacer\">\n\t\t\t<div class=\"elementor-spacer-inner\"><\/div>\n\t\t<\/div>\n\t\t\t\t\t\t<\/div>\n\t\t\t\t<\/div>\n\t\t\t\t\t<\/div>\n\t\t<\/div>\n\t\t\t\t\t<\/div>\n\t\t<\/section>\n\t\t\t\t<\/div>\n\t\t","protected":false},"excerpt":{"rendered":"<p>La colocation repr\u00e9sente un mode de location qui gagne de plus en plus le terrain. En r\u00e9alit\u00e9, un grand nombre de personnes sont s\u00e9duites par ce type de logement. C&rsquo;est en effet la meilleure option pour r\u00e9aliser des \u00e9conomies tout en vivant avec plus de convivialit\u00e9. Elle permet aux occupants de r\u00e9duire leurs charges locatives avec un maximum d\u2019espace. Toutefois, ce type d&rsquo;habitation peut pr\u00e9senter des inconv\u00e9nients. Les colocataires ont souvent des pr\u00e9f\u00e9rences de couleurs diff\u00e9rentes. Ainsi, il convient de consid\u00e9rer les go\u00fbts de chacun pour une vie en communaut\u00e9 plus agr\u00e9able. <\/p>\n","protected":false},"author":1,"featured_media":16516,"comment_status":"open","ping_status":"open","sticky":false,"template":"","format":"standard","meta":{"_monsterinsights_skip_tracking":false,"_monsterinsights_sitenote_active":false,"_monsterinsights_sitenote_note":"","_monsterinsights_sitenote_category":0,"footnotes":""},"categories":[20],"tags":[],"class_list":["post-16515","post","type-post","status-publish","format-standard","has-post-thumbnail","hentry","category-deco-et-tendance"],"aioseo_notices":[],"amp_enabled":true,"_links":{"self":[{"href":"https:\/\/secondsouffle.co\/index.php\/wp-json\/wp\/v2\/posts\/16515","targetHints":{"allow":["GET"]}}],"collection":[{"href":"https:\/\/secondsouffle.co\/index.php\/wp-json\/wp\/v2\/posts"}],"about":[{"href":"https:\/\/secondsouffle.co\/index.php\/wp-json\/wp\/v2\/types\/post"}],"author":[{"embeddable":true,"href":"https:\/\/secondsouffle.co\/index.php\/wp-json\/wp\/v2\/users\/1"}],"replies":[{"embeddable":true,"href":"https:\/\/secondsouffle.co\/index.php\/wp-json\/wp\/v2\/comments?post=16515"}],"version-history":[{"count":0,"href":"https:\/\/secondsouffle.co\/index.php\/wp-json\/wp\/v2\/posts\/16515\/revisions"}],"wp:featuredmedia":[{"embeddable":true,"href":"https:\/\/secondsouffle.co\/index.php\/wp-json\/wp\/v2\/media\/16516"}],"wp:attachment":[{"href":"https:\/\/secondsouffle.co\/index.php\/wp-json\/wp\/v2\/media?parent=16515"}],"wp:term":[{"taxonomy":"category","embeddable":true,"href":"https:\/\/secondsouffle.co\/index.php\/wp-json\/wp\/v2\/categories?post=16515"},{"taxonomy":"post_tag","embeddable":true,"href":"https:\/\/secondsouffle.co\/index.php\/wp-json\/wp\/v2\/tags?post=16515"}],"curies":[{"name":"wp","href":"https:\/\/api.w.org\/{rel}","templated":true}]}}