{"id":8351,"date":"2020-10-19T16:03:34","date_gmt":"2020-10-19T14:03:34","guid":{"rendered":"https:\/\/secondsouffle.co\/?p=8351"},"modified":"2021-07-09T18:41:03","modified_gmt":"2021-07-09T16:41:03","slug":"donnez-un-second-souffle-a-vos-meubles-ikea-et-recevez-un-bon-dachat","status":"publish","type":"post","link":"https:\/\/secondsouffle.co\/index.php\/2020\/10\/19\/donnez-un-second-souffle-a-vos-meubles-ikea-et-recevez-un-bon-dachat\/","title":{"rendered":"Donnez un Second Souffle \u00e0 vos meubles IKEA, et recevez un bon d\u2019achat !"},"content":{"rendered":"\t\t<div data-elementor-type=\"wp-post\" data-elementor-id=\"8351\" class=\"elementor elementor-8351\" data-elementor-settings=\"{&quot;ha_cmc_init_switcher&quot;:&quot;no&quot;}\" data-elementor-post-type=\"post\">\n\t\t\t\t\t\t<section class=\"elementor-section elementor-top-section elementor-element elementor-element-12f64cb elementor-section-content-middle elementor-section-boxed elementor-section-height-default elementor-section-height-default\" data-id=\"12f64cb\" data-element_type=\"section\" data-e-type=\"section\" data-settings=\"{&quot;background_background&quot;:&quot;classic&quot;,&quot;_ha_eqh_enable&quot;:false}\">\n\t\t\t\t\t\t\t<div class=\"elementor-background-overlay\"><\/div>\n\t\t\t\t\t\t\t<div class=\"elementor-container elementor-column-gap-no\">\n\t\t\t\t\t<div class=\"elementor-column elementor-col-100 elementor-top-column elementor-element elementor-element-c28cff5\" data-id=\"c28cff5\" data-element_type=\"column\" data-e-type=\"column\">\n\t\t\t<div class=\"elementor-widget-wrap elementor-element-populated\">\n\t\t\t\t\t\t<div class=\"elementor-element elementor-element-68fb137 elementor-widget elementor-widget-heading\" data-id=\"68fb137\" data-element_type=\"widget\" data-e-type=\"widget\" data-widget_type=\"heading.default\">\n\t\t\t\t<div class=\"elementor-widget-container\">\n\t\t\t\t\t<h1 class=\"elementor-heading-title elementor-size-default\">Donnez un Second Souffle \u00e0 vos meubles IKEA, et recevez un bon d\u2019achat ! <\/h1>\t\t\t\t<\/div>\n\t\t\t\t<\/div>\n\t\t\t\t<div class=\"elementor-element elementor-element-a66c58a elementor-mobile-align-center elementor-widget elementor-widget-post-info\" data-id=\"a66c58a\" data-element_type=\"widget\" data-e-type=\"widget\" data-widget_type=\"post-info.default\">\n\t\t\t\t<div class=\"elementor-widget-container\">\n\t\t\t\t\t\t\t<ul class=\"elementor-inline-items elementor-icon-list-items elementor-post-info\">\n\t\t\t\t\t\t\t\t<li class=\"elementor-icon-list-item elementor-repeater-item-b014cd4 elementor-inline-item\" itemprop=\"datePublished\">\n\t\t\t\t\t\t<a href=\"https:\/\/secondsouffle.co\/index.php\/2020\/10\/19\/\">\n\t\t\t\t\t\t\t\t\t\t\t<span class=\"elementor-icon-list-icon\">\n\t\t\t\t\t\t\t\t<svg aria-hidden=\"true\" class=\"e-font-icon-svg e-fas-calendar\" viewBox=\"0 0 448 512\" xmlns=\"http:\/\/www.w3.org\/2000\/svg\"><path d=\"M12 192h424c6.6 0 12 5.4 12 12v260c0 26.5-21.5 48-48 48H48c-26.5 0-48-21.5-48-48V204c0-6.6 5.4-12 12-12zm436-44v-36c0-26.5-21.5-48-48-48h-48V12c0-6.6-5.4-12-12-12h-40c-6.6 0-12 5.4-12 12v52H160V12c0-6.6-5.4-12-12-12h-40c-6.6 0-12 5.4-12 12v52H48C21.5 64 0 85.5 0 112v36c0 6.6 5.4 12 12 12h424c6.6 0 12-5.4 12-12z\"><\/path><\/svg>\t\t\t\t\t\t\t<\/span>\n\t\t\t\t\t\t\t\t\t<span class=\"elementor-icon-list-text elementor-post-info__item elementor-post-info__item--type-date\">\n\t\t\t\t\t\t\t\t\t\t<time>octobre 19, 2020<\/time>\t\t\t\t\t<\/span>\n\t\t\t\t\t\t\t\t\t<\/a>\n\t\t\t\t<\/li>\n\t\t\t\t<li class=\"elementor-icon-list-item elementor-repeater-item-4499c28 elementor-inline-item\">\n\t\t\t\t\t\t\t\t\t\t<span class=\"elementor-icon-list-icon\">\n\t\t\t\t\t\t\t\t<svg aria-hidden=\"true\" class=\"e-font-icon-svg e-far-clock\" viewBox=\"0 0 512 512\" xmlns=\"http:\/\/www.w3.org\/2000\/svg\"><path d=\"M256 8C119 8 8 119 8 256s111 248 248 248 248-111 248-248S393 8 256 8zm0 448c-110.5 0-200-89.5-200-200S145.5 56 256 56s200 89.5 200 200-89.5 200-200 200zm61.8-104.4l-84.9-61.7c-3.1-2.3-4.9-5.9-4.9-9.7V116c0-6.6 5.4-12 12-12h32c6.6 0 12 5.4 12 12v141.7l66.8 48.6c5.4 3.9 6.5 11.4 2.6 16.8L334.6 349c-3.9 5.3-11.4 6.5-16.8 2.6z\"><\/path><\/svg>\t\t\t\t\t\t\t<\/span>\n\t\t\t\t\t\t\t\t\t<span class=\"elementor-icon-list-text elementor-post-info__item elementor-post-info__item--type-time\">\n\t\t\t\t\t\t\t\t\t\t<time>4:03 pm<\/time>\t\t\t\t\t<\/span>\n\t\t\t\t\t\t\t\t<\/li>\n\t\t\t\t<li class=\"elementor-icon-list-item elementor-repeater-item-9026d4d elementor-inline-item\">\n\t\t\t\t\t\t\t\t\t\t<span class=\"elementor-icon-list-icon\">\n\t\t\t\t\t\t\t\t<svg aria-hidden=\"true\" class=\"e-font-icon-svg e-far-user\" viewBox=\"0 0 448 512\" xmlns=\"http:\/\/www.w3.org\/2000\/svg\"><path d=\"M313.6 304c-28.7 0-42.5 16-89.6 16-47.1 0-60.8-16-89.6-16C60.2 304 0 364.2 0 438.4V464c0 26.5 21.5 48 48 48h352c26.5 0 48-21.5 48-48v-25.6c0-74.2-60.2-134.4-134.4-134.4zM400 464H48v-25.6c0-47.6 38.8-86.4 86.4-86.4 14.6 0 38.3 16 89.6 16 51.7 0 74.9-16 89.6-16 47.6 0 86.4 38.8 86.4 86.4V464zM224 288c79.5 0 144-64.5 144-144S303.5 0 224 0 80 64.5 80 144s64.5 144 144 144zm0-240c52.9 0 96 43.1 96 96s-43.1 96-96 96-96-43.1-96-96 43.1-96 96-96z\"><\/path><\/svg>\t\t\t\t\t\t\t<\/span>\n\t\t\t\t\t\t\t\t\t<span class=\"elementor-icon-list-text elementor-post-info__item elementor-post-info__item--type-custom\">\n\t\t\t\t\t\t\t\t\t\tCamille Caire\t\t\t\t\t<\/span>\n\t\t\t\t\t\t\t\t<\/li>\n\t\t\t\t<li class=\"elementor-icon-list-item elementor-repeater-item-cfc54d4 elementor-inline-item\" itemprop=\"about\">\n\t\t\t\t\t\t\t\t\t\t<span class=\"elementor-icon-list-icon\">\n\t\t\t\t\t\t\t\t<svg aria-hidden=\"true\" class=\"e-font-icon-svg e-fas-tags\" viewBox=\"0 0 640 512\" xmlns=\"http:\/\/www.w3.org\/2000\/svg\"><path d=\"M497.941 225.941L286.059 14.059A48 48 0 0 0 252.118 0H48C21.49 0 0 21.49 0 48v204.118a48 48 0 0 0 14.059 33.941l211.882 211.882c18.744 18.745 49.136 18.746 67.882 0l204.118-204.118c18.745-18.745 18.745-49.137 0-67.882zM112 160c-26.51 0-48-21.49-48-48s21.49-48 48-48 48 21.49 48 48-21.49 48-48 48zm513.941 133.823L421.823 497.941c-18.745 18.745-49.137 18.745-67.882 0l-.36-.36L527.64 323.522c16.999-16.999 26.36-39.6 26.36-63.64s-9.362-46.641-26.36-63.64L331.397 0h48.721a48 48 0 0 1 33.941 14.059l211.882 211.882c18.745 18.745 18.745 49.137 0 67.882z\"><\/path><\/svg>\t\t\t\t\t\t\t<\/span>\n\t\t\t\t\t\t\t\t\t<span class=\"elementor-icon-list-text elementor-post-info__item elementor-post-info__item--type-terms\">\n\t\t\t\t\t\t\t\t\t\t<span class=\"elementor-post-info__terms-list\">\n\t\t\t\t<a href=\"https:\/\/secondsouffle.co\/index.php\/category\/deco-et-tendance\/\" class=\"elementor-post-info__terms-list-item\">D\u00e9co et tendance<\/a>\t\t\t\t<\/span>\n\t\t\t\t\t<\/span>\n\t\t\t\t\t\t\t\t<\/li>\n\t\t\t\t<\/ul>\n\t\t\t\t\t\t<\/div>\n\t\t\t\t<\/div>\n\t\t\t\t\t<\/div>\n\t\t<\/div>\n\t\t\t\t\t<\/div>\n\t\t<\/section>\n\t\t\t\t<section class=\"elementor-section elementor-top-section elementor-element elementor-element-d39d9c5 elementor-section-boxed elementor-section-height-default elementor-section-height-default\" data-id=\"d39d9c5\" data-element_type=\"section\" data-e-type=\"section\" data-settings=\"{&quot;_ha_eqh_enable&quot;:false}\">\n\t\t\t\t\t\t<div class=\"elementor-container elementor-column-gap-default\">\n\t\t\t\t\t<div class=\"elementor-column elementor-col-100 elementor-top-column elementor-element elementor-element-b4d81d5\" data-id=\"b4d81d5\" data-element_type=\"column\" data-e-type=\"column\">\n\t\t\t<div class=\"elementor-widget-wrap elementor-element-populated\">\n\t\t\t\t\t\t<div class=\"elementor-element elementor-element-fe446f3 elementor-widget elementor-widget-theme-post-featured-image elementor-widget-image\" data-id=\"fe446f3\" data-element_type=\"widget\" data-e-type=\"widget\" data-widget_type=\"theme-post-featured-image.default\">\n\t\t\t\t<div class=\"elementor-widget-container\">\n\t\t\t\t\t\t\t\t\t\t\t\t\t\t\t<img decoding=\"async\" src=\"https:\/\/secondsouffle.co\/wp-content\/uploads\/elementor\/thumbs\/IKEA-MEUBLE-scaled-p7pcbfanrrq416o64vqxc2i8yu4qg0u9lqobgkrqfc.jpg\" title=\"IKEA-MEUBLE\" alt=\"IKEA-MEUBLE\" loading=\"lazy\" \/>\t\t\t\t\t\t\t\t\t\t\t\t\t\t\t<\/div>\n\t\t\t\t<\/div>\n\t\t\t\t\t<\/div>\n\t\t<\/div>\n\t\t\t\t\t<\/div>\n\t\t<\/section>\n\t\t\t\t<section class=\"elementor-section elementor-top-section elementor-element elementor-element-1232b9e elementor-section-boxed elementor-section-height-default elementor-section-height-default\" data-id=\"1232b9e\" data-element_type=\"section\" data-e-type=\"section\" data-settings=\"{&quot;_ha_eqh_enable&quot;:false}\">\n\t\t\t\t\t\t<div class=\"elementor-container elementor-column-gap-default\">\n\t\t\t\t\t<div class=\"elementor-column elementor-col-100 elementor-top-column elementor-element elementor-element-fa121a6\" data-id=\"fa121a6\" data-element_type=\"column\" data-e-type=\"column\">\n\t\t\t<div class=\"elementor-widget-wrap elementor-element-populated\">\n\t\t\t\t\t\t<div class=\"elementor-element elementor-element-67695d4 elementor-widget elementor-widget-spacer\" data-id=\"67695d4\" data-element_type=\"widget\" data-e-type=\"widget\" data-widget_type=\"spacer.default\">\n\t\t\t\t<div class=\"elementor-widget-container\">\n\t\t\t\t\t\t\t<div class=\"elementor-spacer\">\n\t\t\t<div class=\"elementor-spacer-inner\"><\/div>\n\t\t<\/div>\n\t\t\t\t\t\t<\/div>\n\t\t\t\t<\/div>\n\t\t\t\t<div class=\"elementor-element elementor-element-208760e elementor-widget elementor-widget-text-editor\" data-id=\"208760e\" data-element_type=\"widget\" data-e-type=\"widget\" data-widget_type=\"text-editor.default\">\n\t\t\t\t<div class=\"elementor-widget-container\">\n\t\t\t\t\t\t\t\t\t<p>Le saviez-vous ? Vous pourrez profiter du service <strong>\u201cSeconde vie des meubles\u201d<\/strong> de l\u2019enseigne <span style=\"text-decoration: underline;\"><strong><a href=\"https:\/\/www.ikea.com\/fr\/fr\/\">IKEA<\/a><\/strong><\/span> \u00e0 l\u2019occasion du Black Friday ! La marque va <strong>reprendre vos meubles<\/strong> que vous ne souhaitez plus et en contrepartie vous recevez <strong>un bon d\u2019achat.<\/strong><\/p>\t\t\t\t\t\t\t\t<\/div>\n\t\t\t\t<\/div>\n\t\t\t\t<div class=\"elementor-element elementor-element-6dcf2e6 elementor-widget elementor-widget-spacer\" data-id=\"6dcf2e6\" data-element_type=\"widget\" data-e-type=\"widget\" data-widget_type=\"spacer.default\">\n\t\t\t\t<div class=\"elementor-widget-container\">\n\t\t\t\t\t\t\t<div class=\"elementor-spacer\">\n\t\t\t<div class=\"elementor-spacer-inner\"><\/div>\n\t\t<\/div>\n\t\t\t\t\t\t<\/div>\n\t\t\t\t<\/div>\n\t\t\t\t\t<\/div>\n\t\t<\/div>\n\t\t\t\t\t<\/div>\n\t\t<\/section>\n\t\t\t\t<section class=\"elementor-section elementor-top-section elementor-element elementor-element-d1f4c0a elementor-section-boxed elementor-section-height-default elementor-section-height-default\" data-id=\"d1f4c0a\" data-element_type=\"section\" data-e-type=\"section\" data-settings=\"{&quot;_ha_eqh_enable&quot;:false}\">\n\t\t\t\t\t\t<div class=\"elementor-container elementor-column-gap-default\">\n\t\t\t\t\t<div class=\"elementor-column elementor-col-100 elementor-top-column elementor-element elementor-element-813b6e6\" data-id=\"813b6e6\" data-element_type=\"column\" data-e-type=\"column\">\n\t\t\t<div class=\"elementor-widget-wrap elementor-element-populated\">\n\t\t\t\t\t\t<div class=\"elementor-element elementor-element-7a3f12e elementor-widget elementor-widget-text-editor\" data-id=\"7a3f12e\" data-element_type=\"widget\" data-e-type=\"widget\" data-widget_type=\"text-editor.default\">\n\t\t\t\t<div class=\"elementor-widget-container\">\n\t\t\t\t\t\t\t\t\t<h2>Pourquoi mettre en place ce service ?<\/h2>\t\t\t\t\t\t\t\t<\/div>\n\t\t\t\t<\/div>\n\t\t\t\t<div class=\"elementor-element elementor-element-f6a590c elementor-widget elementor-widget-text-editor\" data-id=\"f6a590c\" data-element_type=\"widget\" data-e-type=\"widget\" data-widget_type=\"text-editor.default\">\n\t\t\t\t<div class=\"elementor-widget-container\">\n\t\t\t\t\t\t\t\t\t<p>Apr\u00e8s avoir \u00e9t\u00e9 accus\u00e9 de <strong>ponctionner les r\u00e9serves mondiales de bois<\/strong> et <strong>d\u2019augmenter son empreinte carbone<\/strong> par de nombreuses associations de d\u00e9fense de l\u2019environnement, le g\u00e9ant IKEA va lancer <strong>son service de \u201cSeconde vie des meubles\u201d<\/strong> \u00e0 l\u2019occasion du Black Friday. Cette campagne baptis\u00e9e <strong>\u201cBuy Back Friday\u201d<\/strong> aura lieu entre le 24 novembre et le 3 d\u00e9cembre dans 27 pays. <strong>Le but ?<\/strong> Revendre vos meubles d\u2019occasion de la marque en l\u2019\u00e9change d\u2019un bon d\u2019achat. Concept spectaculaire, mais essentiel, car aujourd\u2019hui la tendance est au <span style=\"text-decoration: underline;\"><strong><a href=\"https:\/\/secondsouffle.co\/index.php\/2020\/09\/14\/quatre-etapes-pour-adopter-un-mode-de-vie-simple\/\" target=\"_blank\" rel=\"noopener\">upcycling<\/a><\/strong><\/span> (valoriser les objets usag\u00e9s en leur donnant une nouvelle vie plus qualitative), et \u00e7a IKEA l\u2019a bien remarqu\u00e9 ! Le g\u00e9ant su\u00e9dois souhaite<strong> r\u00e9duire son empreinte climatique globale de 70%<\/strong> par produit d\u2019ici 2030. Eh oui, nous avons de plus en plus <strong>une conscience \u00e9cologique et \u00e9conomique<\/strong>, de quoi ravir la plan\u00e8te !<\/p>\t\t\t\t\t\t\t\t<\/div>\n\t\t\t\t<\/div>\n\t\t\t\t\t<\/div>\n\t\t<\/div>\n\t\t\t\t\t<\/div>\n\t\t<\/section>\n\t\t\t\t<section class=\"elementor-section elementor-top-section elementor-element elementor-element-b67c2f7 elementor-section-boxed elementor-section-height-default elementor-section-height-default\" data-id=\"b67c2f7\" data-element_type=\"section\" data-e-type=\"section\" data-settings=\"{&quot;_ha_eqh_enable&quot;:false}\">\n\t\t\t\t\t\t<div class=\"elementor-container elementor-column-gap-default\">\n\t\t\t\t\t<div class=\"elementor-column elementor-col-50 elementor-top-column elementor-element elementor-element-6b2d547\" data-id=\"6b2d547\" data-element_type=\"column\" data-e-type=\"column\">\n\t\t\t<div class=\"elementor-widget-wrap elementor-element-populated\">\n\t\t\t\t\t\t<div class=\"elementor-element elementor-element-5c3a3a2 elementor-widget elementor-widget-spacer\" data-id=\"5c3a3a2\" data-element_type=\"widget\" data-e-type=\"widget\" data-widget_type=\"spacer.default\">\n\t\t\t\t<div class=\"elementor-widget-container\">\n\t\t\t\t\t\t\t<div class=\"elementor-spacer\">\n\t\t\t<div class=\"elementor-spacer-inner\"><\/div>\n\t\t<\/div>\n\t\t\t\t\t\t<\/div>\n\t\t\t\t<\/div>\n\t\t\t\t<div class=\"elementor-element elementor-element-b9e49da elementor-widget elementor-widget-text-editor\" data-id=\"b9e49da\" data-element_type=\"widget\" data-e-type=\"widget\" data-widget_type=\"text-editor.default\">\n\t\t\t\t<div class=\"elementor-widget-container\">\n\t\t\t\t\t\t\t\t\t<h2 style=\"text-align: left;\">Quelles sont les conditions IKEA ? <\/h2>\t\t\t\t\t\t\t\t<\/div>\n\t\t\t\t<\/div>\n\t\t\t\t<div class=\"elementor-element elementor-element-88e66ba elementor-widget elementor-widget-text-editor\" data-id=\"88e66ba\" data-element_type=\"widget\" data-e-type=\"widget\" data-widget_type=\"text-editor.default\">\n\t\t\t\t<div class=\"elementor-widget-container\">\n\t\t\t\t\t\t\t\t\t<p>Vous ne pourrez pas rapporter n\u2019importe quel meuble ! La marque <strong>a quelques conditions<\/strong> pour reprendre vos meubles d\u2019occasion. Il faut entre autres que le meuble provienne de chez IKEA. Il doit \u00e9galement \u00eatre en <strong>bon \u00e9tat<\/strong> et il doit avoir \u00e9t\u00e9 <strong>achet\u00e9 entre 2010 et aujourd\u2019hui.<\/strong> Attention, les canap\u00e9s convertibles, les \u00e9tag\u00e8res, les matelas et sommiers, les dressing, les produits d\u2019ext\u00e9rieurs, les objets de d\u00e9coration et les articles pour enfants <strong>ne sont pas \u00e9ligibles \u00e0 cette offre.\u00a0<\/strong><\/p>\t\t\t\t\t\t\t\t<\/div>\n\t\t\t\t<\/div>\n\t\t\t\t<div class=\"elementor-element elementor-element-fa0c9ab elementor-blockquote--skin-border elementor-widget elementor-widget-blockquote\" data-id=\"fa0c9ab\" data-element_type=\"widget\" data-e-type=\"widget\" data-widget_type=\"blockquote.default\">\n\t\t\t\t<div class=\"elementor-widget-container\">\n\t\t\t\t\t\t\t<blockquote class=\"elementor-blockquote\">\n\t\t\t<p class=\"elementor-blockquote__content\">\n\t\t\t\tIKEA reprend uniquement les meubles seuls : commodes, tables, chaises, buffets, bureaux, biblioth\u00e8ques, armoires, meubles \u00e0 chaussures, canap\u00e9s et fauteuils.\t\t\t<\/p>\n\t\t\t\t\t<\/blockquote>\n\t\t\t\t\t\t<\/div>\n\t\t\t\t<\/div>\n\t\t\t\t<div class=\"elementor-element elementor-element-d266cdf elementor-widget elementor-widget-text-editor\" data-id=\"d266cdf\" data-element_type=\"widget\" data-e-type=\"widget\" data-widget_type=\"text-editor.default\">\n\t\t\t\t<div class=\"elementor-widget-container\">\n\t\t\t\t\t\t\t\t\t<p>Pour <strong>tous les autres meubles<\/strong>, vous pourrez vous rendre sur leur <span style=\"text-decoration: underline;\"><strong><a href=\"https:\/\/www.ikea.com\/fr\/fr\/customer-service\/services\/seconde-vie-des-meubles-pub92e7c9c0\">espace d\u00e9di\u00e9<\/a><\/strong><\/span> en ligne. Il vous suffira d\u2019indiquer le nom du meuble ainsi que son \u00e9tat g\u00e9n\u00e9ral. Suite \u00e0 ses renseignements, <strong>un prix estim\u00e9 et un QR code<\/strong> vous seront communiqu\u00e9s.\u00a0<\/p><p>En acceptant leur offre, vous disposerez d\u2019un d\u00e9lai de <strong>15 jours<\/strong> pour d\u00e9poser votre meuble mont\u00e9 dans le magasin de votre choix (except\u00e9 IKEA La Madeleine et IKEA V\u00e9lizy). Une <strong>nouvelle \u00e9valuation<\/strong> du meuble sera effectu\u00e9e et vous recevrez directement <strong>votre bon d\u2019achat<\/strong> (valeur comprise entre <strong>30 et 50% du prix initial<\/strong> du meuble rapport\u00e9, en fonction de leur \u00e9tat).<\/p>\t\t\t\t\t\t\t\t<\/div>\n\t\t\t\t<\/div>\n\t\t\t\t\t<\/div>\n\t\t<\/div>\n\t\t\t\t<div class=\"elementor-column elementor-col-50 elementor-top-column elementor-element elementor-element-ba81b4c\" data-id=\"ba81b4c\" data-element_type=\"column\" data-e-type=\"column\">\n\t\t\t<div class=\"elementor-widget-wrap elementor-element-populated\">\n\t\t\t\t\t\t<div class=\"elementor-element elementor-element-be8c782 elementor-hidden-phone elementor-widget elementor-widget-spacer\" data-id=\"be8c782\" data-element_type=\"widget\" data-e-type=\"widget\" data-widget_type=\"spacer.default\">\n\t\t\t\t<div class=\"elementor-widget-container\">\n\t\t\t\t\t\t\t<div class=\"elementor-spacer\">\n\t\t\t<div class=\"elementor-spacer-inner\"><\/div>\n\t\t<\/div>\n\t\t\t\t\t\t<\/div>\n\t\t\t\t<\/div>\n\t\t\t\t<div class=\"elementor-element elementor-element-6b129d4 elementor-widget elementor-widget-image\" data-id=\"6b129d4\" data-element_type=\"widget\" data-e-type=\"widget\" data-widget_type=\"image.default\">\n\t\t\t\t<div class=\"elementor-widget-container\">\n\t\t\t\t\t\t\t\t\t\t\t\t\t\t\t<img decoding=\"async\" src=\"https:\/\/secondsouffle.co\/wp-content\/uploads\/elementor\/thumbs\/ENTREPOT-IKEA-scaled-p7pcb6tt3kgvp6c0gvrt137yimbzlpq86ryl30lz6g.jpg\" title=\"ENTREPOT-IKEA\" alt=\"ENTREPOT-IKEA\" loading=\"lazy\" \/>\t\t\t\t\t\t\t\t\t\t\t\t\t\t\t<\/div>\n\t\t\t\t<\/div>\n\t\t\t\t\t<\/div>\n\t\t<\/div>\n\t\t\t\t\t<\/div>\n\t\t<\/section>\n\t\t\t\t<section class=\"elementor-section elementor-top-section elementor-element elementor-element-73b5fd6 elementor-section-boxed elementor-section-height-default elementor-section-height-default\" data-id=\"73b5fd6\" data-element_type=\"section\" data-e-type=\"section\" data-settings=\"{&quot;_ha_eqh_enable&quot;:false}\">\n\t\t\t\t\t\t<div class=\"elementor-container elementor-column-gap-default\">\n\t\t\t\t\t<div class=\"elementor-column elementor-col-100 elementor-top-column elementor-element elementor-element-8ddcc2e\" data-id=\"8ddcc2e\" data-element_type=\"column\" data-e-type=\"column\">\n\t\t\t<div class=\"elementor-widget-wrap elementor-element-populated\">\n\t\t\t\t\t\t<div class=\"elementor-element elementor-element-1ce57fc elementor-widget elementor-widget-spacer\" data-id=\"1ce57fc\" data-element_type=\"widget\" data-e-type=\"widget\" data-widget_type=\"spacer.default\">\n\t\t\t\t<div class=\"elementor-widget-container\">\n\t\t\t\t\t\t\t<div class=\"elementor-spacer\">\n\t\t\t<div class=\"elementor-spacer-inner\"><\/div>\n\t\t<\/div>\n\t\t\t\t\t\t<\/div>\n\t\t\t\t<\/div>\n\t\t\t\t<div class=\"elementor-element elementor-element-e370583 elementor-widget elementor-widget-text-editor\" data-id=\"e370583\" data-element_type=\"widget\" data-e-type=\"widget\" data-widget_type=\"text-editor.default\">\n\t\t\t\t<div class=\"elementor-widget-container\">\n\t\t\t\t\t\t\t\t\t<h2>O\u00f9 trouver les meubles d\u2019occasion de la marque ?<\/h2>\t\t\t\t\t\t\t\t<\/div>\n\t\t\t\t<\/div>\n\t\t\t\t<div class=\"elementor-element elementor-element-2276e89 elementor-widget elementor-widget-text-editor\" data-id=\"2276e89\" data-element_type=\"widget\" data-e-type=\"widget\" data-widget_type=\"text-editor.default\">\n\t\t\t\t<div class=\"elementor-widget-container\">\n\t\t\t\t\t\t\t\t\t<p>Ils seront mis en vente \u00e0 moindre co\u00fbt <strong>dans les espaces \u201cLa Bonne Trouvaille\u201d<\/strong> des magasins. Ils sont revendus en l\u2019\u00e9tat et majoritairement assembl\u00e9s. Vous pourrez y trouver aussi <strong>des pi\u00e8ces d\u00e9tach\u00e9es :<\/strong>\u00a0des boutons de porte, des charni\u00e8res de porte ou encore des morceaux de meubles qui pourront vous permettre de remplacer une partie d\u00e9fectueuse. Et tout ce qui ne pourra pas \u00eatre revendu <strong>sera recycl\u00e9 ou donn\u00e9 \u00e0 des associations.<\/strong> D\u2019ici 2021, IKEA pr\u00e9voir d\u2019installer dans chaque magasin <strong>des espaces d\u00e9di\u00e9s<\/strong> \u00e0 la prise en charge et la revente de vos meubles d\u2019occasion (ce qui est d\u00e9j\u00e0 le cas dans certains magasins !).<\/p>\t\t\t\t\t\t\t\t<\/div>\n\t\t\t\t<\/div>\n\t\t\t\t\t<\/div>\n\t\t<\/div>\n\t\t\t\t\t<\/div>\n\t\t<\/section>\n\t\t\t\t<section class=\"elementor-section elementor-top-section elementor-element elementor-element-7e44e4c elementor-section-boxed elementor-section-height-default elementor-section-height-default\" data-id=\"7e44e4c\" data-element_type=\"section\" data-e-type=\"section\" data-settings=\"{&quot;_ha_eqh_enable&quot;:false}\">\n\t\t\t\t\t\t<div class=\"elementor-container elementor-column-gap-default\">\n\t\t\t\t\t<div class=\"elementor-column elementor-col-50 elementor-top-column elementor-element elementor-element-ac02eba\" data-id=\"ac02eba\" data-element_type=\"column\" data-e-type=\"column\">\n\t\t\t<div class=\"elementor-widget-wrap elementor-element-populated\">\n\t\t\t\t\t\t<div class=\"elementor-element elementor-element-f433444 elementor-hidden-phone elementor-widget elementor-widget-spacer\" data-id=\"f433444\" data-element_type=\"widget\" data-e-type=\"widget\" data-widget_type=\"spacer.default\">\n\t\t\t\t<div class=\"elementor-widget-container\">\n\t\t\t\t\t\t\t<div class=\"elementor-spacer\">\n\t\t\t<div class=\"elementor-spacer-inner\"><\/div>\n\t\t<\/div>\n\t\t\t\t\t\t<\/div>\n\t\t\t\t<\/div>\n\t\t\t\t<div class=\"elementor-element elementor-element-2050b8b elementor-widget elementor-widget-image\" data-id=\"2050b8b\" data-element_type=\"widget\" data-e-type=\"widget\" data-widget_type=\"image.default\">\n\t\t\t\t<div class=\"elementor-widget-container\">\n\t\t\t\t\t\t\t\t\t\t\t\t\t\t\t<img fetchpriority=\"high\" decoding=\"async\" width=\"768\" height=\"507\" src=\"https:\/\/secondsouffle.co\/wp-content\/uploads\/2020\/10\/ACHAT-HM-768x507.jpg\" class=\"attachment-medium_large size-medium_large wp-image-8354\" alt=\"\" srcset=\"https:\/\/secondsouffle.co\/wp-content\/uploads\/2020\/10\/ACHAT-HM-768x507.jpg 768w, https:\/\/secondsouffle.co\/wp-content\/uploads\/2020\/10\/ACHAT-HM-300x198.jpg 300w, https:\/\/secondsouffle.co\/wp-content\/uploads\/2020\/10\/ACHAT-HM-1024x676.jpg 1024w, https:\/\/secondsouffle.co\/wp-content\/uploads\/2020\/10\/ACHAT-HM-1536x1014.jpg 1536w, https:\/\/secondsouffle.co\/wp-content\/uploads\/2020\/10\/ACHAT-HM-2048x1352.jpg 2048w\" sizes=\"(max-width: 768px) 100vw, 768px\" \/>\t\t\t\t\t\t\t\t\t\t\t\t\t\t\t<\/div>\n\t\t\t\t<\/div>\n\t\t\t\t\t<\/div>\n\t\t<\/div>\n\t\t\t\t<div class=\"elementor-column elementor-col-50 elementor-top-column elementor-element elementor-element-b40664f\" data-id=\"b40664f\" data-element_type=\"column\" data-e-type=\"column\">\n\t\t\t<div class=\"elementor-widget-wrap elementor-element-populated\">\n\t\t\t\t\t\t<div class=\"elementor-element elementor-element-cc49167 elementor-widget elementor-widget-spacer\" data-id=\"cc49167\" data-element_type=\"widget\" data-e-type=\"widget\" data-widget_type=\"spacer.default\">\n\t\t\t\t<div class=\"elementor-widget-container\">\n\t\t\t\t\t\t\t<div class=\"elementor-spacer\">\n\t\t\t<div class=\"elementor-spacer-inner\"><\/div>\n\t\t<\/div>\n\t\t\t\t\t\t<\/div>\n\t\t\t\t<\/div>\n\t\t\t\t<div class=\"elementor-element elementor-element-028488b elementor-widget elementor-widget-text-editor\" data-id=\"028488b\" data-element_type=\"widget\" data-e-type=\"widget\" data-widget_type=\"text-editor.default\">\n\t\t\t\t<div class=\"elementor-widget-container\">\n\t\t\t\t\t\t\t\t\t<h2 style=\"text-align: left;\">Qu\u2019en est-il des autres marques ?<\/h2>\t\t\t\t\t\t\t\t<\/div>\n\t\t\t\t<\/div>\n\t\t\t\t<div class=\"elementor-element elementor-element-598be75 elementor-widget elementor-widget-text-editor\" data-id=\"598be75\" data-element_type=\"widget\" data-e-type=\"widget\" data-widget_type=\"text-editor.default\">\n\t\t\t\t<div class=\"elementor-widget-container\">\n\t\t\t\t\t\t\t\t\t<p>Adidas, <a href=\"https:\/\/www2.hm.com\/fr_fr\/hm-sustainability\/lets-change.html\/conscious\">H&amp;M<\/a>\u2026 Ces marques aussi se sont engag\u00e9es \u00e0 \u00eatre <strong>int\u00e9gralement circulaires en 2030.<\/strong> Le mouvement s\u2019\u00e9tend donc au-del\u00e0 des meubles ! Dans cette dynamique, H&amp;M Home vous propose de <strong>reprendre tous vos textiles de mains<\/strong> (torchons, draps ou encore serviettes de bain). D\u00e8s trois articles donn\u00e9s, vous recevez <strong>un bon de r\u00e9duction de -15%.\u00a0<\/strong><\/p><p>Malheureusement, la part qu\u2019occupe le recyclage dans l\u2019\u00e9conomie reste encore tr\u00e8s faible car la surconsommation s\u2019est\u00a0 trop d\u00e9velopp\u00e9e ! Un v\u00eatement est aujourd\u2019hui <strong>port\u00e9 25% de moins<\/strong> qu\u2019il y a 15 ans. Au final, seuls <strong>15% des v\u00eatements sont recycl\u00e9s.\u00a0<\/strong><\/p>\t\t\t\t\t\t\t\t<\/div>\n\t\t\t\t<\/div>\n\t\t\t\t<div class=\"elementor-element elementor-element-8f27fba elementor-blockquote--skin-border elementor-widget elementor-widget-blockquote\" data-id=\"8f27fba\" data-element_type=\"widget\" data-e-type=\"widget\" data-widget_type=\"blockquote.default\">\n\t\t\t\t<div class=\"elementor-widget-container\">\n\t\t\t\t\t\t\t<blockquote class=\"elementor-blockquote\">\n\t\t\t<p class=\"elementor-blockquote__content\">\n\t\t\t\tC\u2019est donc une initiative de la part des marques qui est la bienvenue pour faire baisser leur empreinte carbone !\t\t\t<\/p>\n\t\t\t\t\t<\/blockquote>\n\t\t\t\t\t\t<\/div>\n\t\t\t\t<\/div>\n\t\t\t\t\t<\/div>\n\t\t<\/div>\n\t\t\t\t\t<\/div>\n\t\t<\/section>\n\t\t\t\t<section class=\"elementor-section elementor-top-section elementor-element elementor-element-5fb91eb elementor-section-boxed elementor-section-height-default elementor-section-height-default\" data-id=\"5fb91eb\" data-element_type=\"section\" data-e-type=\"section\" data-settings=\"{&quot;_ha_eqh_enable&quot;:false}\">\n\t\t\t\t\t\t<div class=\"elementor-container elementor-column-gap-default\">\n\t\t\t\t\t<div class=\"elementor-column elementor-col-100 elementor-top-column elementor-element elementor-element-2fdf730\" data-id=\"2fdf730\" data-element_type=\"column\" data-e-type=\"column\">\n\t\t\t<div class=\"elementor-widget-wrap elementor-element-populated\">\n\t\t\t\t\t\t<div class=\"elementor-element elementor-element-21725d5 elementor-widget elementor-widget-spacer\" data-id=\"21725d5\" data-element_type=\"widget\" data-e-type=\"widget\" data-widget_type=\"spacer.default\">\n\t\t\t\t<div class=\"elementor-widget-container\">\n\t\t\t\t\t\t\t<div class=\"elementor-spacer\">\n\t\t\t<div class=\"elementor-spacer-inner\"><\/div>\n\t\t<\/div>\n\t\t\t\t\t\t<\/div>\n\t\t\t\t<\/div>\n\t\t\t\t<div class=\"elementor-element elementor-element-ac1735d elementor-widget elementor-widget-post-navigation\" data-id=\"ac1735d\" data-element_type=\"widget\" data-e-type=\"widget\" data-widget_type=\"post-navigation.default\">\n\t\t\t\t<div class=\"elementor-widget-container\">\n\t\t\t\t\t\t\t<div class=\"elementor-post-navigation\" role=\"navigation\" aria-label=\"Navigation de publication\">\n\t\t\t<div class=\"elementor-post-navigation__prev elementor-post-navigation__link\">\n\t\t\t\t<a href=\"https:\/\/secondsouffle.co\/index.php\/2020\/10\/13\/comment-amenager-une-petite-salle-de-bain\/\" rel=\"prev\"><span class=\"post-navigation__arrow-wrapper post-navigation__arrow-prev\"><svg aria-hidden=\"true\" class=\"e-font-icon-svg e-fas-angle-left\" viewBox=\"0 0 256 512\" xmlns=\"http:\/\/www.w3.org\/2000\/svg\"><path d=\"M31.7 239l136-136c9.4-9.4 24.6-9.4 33.9 0l22.6 22.6c9.4 9.4 9.4 24.6 0 33.9L127.9 256l96.4 96.4c9.4 9.4 9.4 24.6 0 33.9L201.7 409c-9.4 9.4-24.6 9.4-33.9 0l-136-136c-9.5-9.4-9.5-24.6-.1-34z\"><\/path><\/svg><span class=\"elementor-screen-only\">Pr\u00e9c\u00e9dent<\/span><\/span><span class=\"elementor-post-navigation__link__prev\"><span class=\"post-navigation__prev--label\">Article Pr\u00e9c\u00e9dent<\/span><span class=\"post-navigation__prev--title\">Comment am\u00e9nager une petite salle de bain ?<\/span><\/span><\/a>\t\t\t<\/div>\n\t\t\t\t\t\t<div class=\"elementor-post-navigation__next elementor-post-navigation__link\">\n\t\t\t\t<a href=\"https:\/\/secondsouffle.co\/index.php\/2020\/10\/26\/couvre-feu-comment-bien-amenager-et-se-sentir-bien-dans-son-interieur\/\" rel=\"next\"><span class=\"elementor-post-navigation__link__next\"><span class=\"post-navigation__next--label\">Article Suivant<\/span><span class=\"post-navigation__next--title\">Couvre-feu : comment bien am\u00e9nager et se sentir bien dans son int\u00e9rieur ?<\/span><\/span><span class=\"post-navigation__arrow-wrapper post-navigation__arrow-next\"><svg aria-hidden=\"true\" class=\"e-font-icon-svg e-fas-angle-right\" viewBox=\"0 0 256 512\" xmlns=\"http:\/\/www.w3.org\/2000\/svg\"><path d=\"M224.3 273l-136 136c-9.4 9.4-24.6 9.4-33.9 0l-22.6-22.6c-9.4-9.4-9.4-24.6 0-33.9l96.4-96.4-96.4-96.4c-9.4-9.4-9.4-24.6 0-33.9L54.3 103c9.4-9.4 24.6-9.4 33.9 0l136 136c9.5 9.4 9.5 24.6.1 34z\"><\/path><\/svg><span class=\"elementor-screen-only\">Suivant<\/span><\/span><\/a>\t\t\t<\/div>\n\t\t<\/div>\n\t\t\t\t\t\t<\/div>\n\t\t\t\t<\/div>\n\t\t\t\t<div class=\"elementor-element elementor-element-073b3d8 elementor-widget elementor-widget-spacer\" data-id=\"073b3d8\" data-element_type=\"widget\" data-e-type=\"widget\" data-widget_type=\"spacer.default\">\n\t\t\t\t<div class=\"elementor-widget-container\">\n\t\t\t\t\t\t\t<div class=\"elementor-spacer\">\n\t\t\t<div class=\"elementor-spacer-inner\"><\/div>\n\t\t<\/div>\n\t\t\t\t\t\t<\/div>\n\t\t\t\t<\/div>\n\t\t\t\t\t<\/div>\n\t\t<\/div>\n\t\t\t\t\t<\/div>\n\t\t<\/section>\n\t\t\t\t<\/div>\n\t\t","protected":false},"excerpt":{"rendered":"<p>Le saviez-vous ? Vous pourrez profiter du service \u201cSeconde vie des meubles\u201d de l\u2019enseigne IKEA \u00e0 l\u2019occasion du Black Friday ! La marque va reprendre vos meubles que vous ne souhaitez plus et en contrepartie vous recevez un bon d\u2019achat.<\/p>\n","protected":false},"author":1,"featured_media":8352,"comment_status":"open","ping_status":"open","sticky":false,"template":"","format":"standard","meta":{"_monsterinsights_skip_tracking":false,"_monsterinsights_sitenote_active":false,"_monsterinsights_sitenote_note":"","_monsterinsights_sitenote_category":0,"footnotes":""},"categories":[20],"tags":[],"class_list":["post-8351","post","type-post","status-publish","format-standard","has-post-thumbnail","hentry","category-deco-et-tendance"],"aioseo_notices":[],"amp_enabled":true,"_links":{"self":[{"href":"https:\/\/secondsouffle.co\/index.php\/wp-json\/wp\/v2\/posts\/8351","targetHints":{"allow":["GET"]}}],"collection":[{"href":"https:\/\/secondsouffle.co\/index.php\/wp-json\/wp\/v2\/posts"}],"about":[{"href":"https:\/\/secondsouffle.co\/index.php\/wp-json\/wp\/v2\/types\/post"}],"author":[{"embeddable":true,"href":"https:\/\/secondsouffle.co\/index.php\/wp-json\/wp\/v2\/users\/1"}],"replies":[{"embeddable":true,"href":"https:\/\/secondsouffle.co\/index.php\/wp-json\/wp\/v2\/comments?post=8351"}],"version-history":[{"count":0,"href":"https:\/\/secondsouffle.co\/index.php\/wp-json\/wp\/v2\/posts\/8351\/revisions"}],"wp:featuredmedia":[{"embeddable":true,"href":"https:\/\/secondsouffle.co\/index.php\/wp-json\/wp\/v2\/media\/8352"}],"wp:attachment":[{"href":"https:\/\/secondsouffle.co\/index.php\/wp-json\/wp\/v2\/media?parent=8351"}],"wp:term":[{"taxonomy":"category","embeddable":true,"href":"https:\/\/secondsouffle.co\/index.php\/wp-json\/wp\/v2\/categories?post=8351"},{"taxonomy":"post_tag","embeddable":true,"href":"https:\/\/secondsouffle.co\/index.php\/wp-json\/wp\/v2\/tags?post=8351"}],"curies":[{"name":"wp","href":"https:\/\/api.w.org\/{rel}","templated":true}]}}