{"id":8923,"date":"2020-11-17T21:03:59","date_gmt":"2020-11-17T20:03:59","guid":{"rendered":"https:\/\/secondsouffle.co\/?p=8923"},"modified":"2021-09-21T16:41:06","modified_gmt":"2021-09-21T14:41:06","slug":"les-bonnes-associations-de-couleurs-pour-chaque-piece-de-votre-interieur","status":"publish","type":"post","link":"https:\/\/secondsouffle.co\/index.php\/2020\/11\/17\/les-bonnes-associations-de-couleurs-pour-chaque-piece-de-votre-interieur\/","title":{"rendered":"Les bonnes associations de couleurs pour chaque pi\u00e8ce de votre int\u00e9rieur"},"content":{"rendered":"\t\t<div data-elementor-type=\"wp-post\" data-elementor-id=\"8923\" class=\"elementor elementor-8923\" data-elementor-settings=\"{&quot;ha_cmc_init_switcher&quot;:&quot;no&quot;}\" data-elementor-post-type=\"post\">\n\t\t\t\t\t\t<section class=\"elementor-section elementor-top-section elementor-element elementor-element-12f64cb elementor-section-content-middle elementor-section-boxed elementor-section-height-default elementor-section-height-default\" data-id=\"12f64cb\" data-element_type=\"section\" data-e-type=\"section\" data-settings=\"{&quot;background_background&quot;:&quot;classic&quot;,&quot;_ha_eqh_enable&quot;:false}\">\n\t\t\t\t\t\t\t<div class=\"elementor-background-overlay\"><\/div>\n\t\t\t\t\t\t\t<div class=\"elementor-container elementor-column-gap-no\">\n\t\t\t\t\t<div class=\"elementor-column elementor-col-100 elementor-top-column elementor-element elementor-element-c28cff5\" data-id=\"c28cff5\" data-element_type=\"column\" data-e-type=\"column\">\n\t\t\t<div class=\"elementor-widget-wrap elementor-element-populated\">\n\t\t\t\t\t\t<div class=\"elementor-element elementor-element-68fb137 elementor-widget elementor-widget-heading\" data-id=\"68fb137\" data-element_type=\"widget\" data-e-type=\"widget\" data-widget_type=\"heading.default\">\n\t\t\t\t<div class=\"elementor-widget-container\">\n\t\t\t\t\t<h1 class=\"elementor-heading-title elementor-size-default\">Les bonnes associations de couleurs pour chaque pi\u00e8ce de votre int\u00e9rieur<\/h1>\t\t\t\t<\/div>\n\t\t\t\t<\/div>\n\t\t\t\t<div class=\"elementor-element elementor-element-a66c58a elementor-mobile-align-center elementor-widget elementor-widget-post-info\" data-id=\"a66c58a\" data-element_type=\"widget\" data-e-type=\"widget\" data-widget_type=\"post-info.default\">\n\t\t\t\t<div class=\"elementor-widget-container\">\n\t\t\t\t\t\t\t<ul class=\"elementor-inline-items elementor-icon-list-items elementor-post-info\">\n\t\t\t\t\t\t\t\t<li class=\"elementor-icon-list-item elementor-repeater-item-b014cd4 elementor-inline-item\" itemprop=\"datePublished\">\n\t\t\t\t\t\t<a href=\"https:\/\/secondsouffle.co\/index.php\/2020\/11\/17\/\">\n\t\t\t\t\t\t\t\t\t\t\t<span class=\"elementor-icon-list-icon\">\n\t\t\t\t\t\t\t\t<svg aria-hidden=\"true\" class=\"e-font-icon-svg e-fas-calendar\" viewBox=\"0 0 448 512\" xmlns=\"http:\/\/www.w3.org\/2000\/svg\"><path d=\"M12 192h424c6.6 0 12 5.4 12 12v260c0 26.5-21.5 48-48 48H48c-26.5 0-48-21.5-48-48V204c0-6.6 5.4-12 12-12zm436-44v-36c0-26.5-21.5-48-48-48h-48V12c0-6.6-5.4-12-12-12h-40c-6.6 0-12 5.4-12 12v52H160V12c0-6.6-5.4-12-12-12h-40c-6.6 0-12 5.4-12 12v52H48C21.5 64 0 85.5 0 112v36c0 6.6 5.4 12 12 12h424c6.6 0 12-5.4 12-12z\"><\/path><\/svg>\t\t\t\t\t\t\t<\/span>\n\t\t\t\t\t\t\t\t\t<span class=\"elementor-icon-list-text elementor-post-info__item elementor-post-info__item--type-date\">\n\t\t\t\t\t\t\t\t\t\t<time>novembre 17, 2020<\/time>\t\t\t\t\t<\/span>\n\t\t\t\t\t\t\t\t\t<\/a>\n\t\t\t\t<\/li>\n\t\t\t\t<li class=\"elementor-icon-list-item elementor-repeater-item-4499c28 elementor-inline-item\">\n\t\t\t\t\t\t\t\t\t\t<span class=\"elementor-icon-list-icon\">\n\t\t\t\t\t\t\t\t<svg aria-hidden=\"true\" class=\"e-font-icon-svg e-far-clock\" viewBox=\"0 0 512 512\" xmlns=\"http:\/\/www.w3.org\/2000\/svg\"><path d=\"M256 8C119 8 8 119 8 256s111 248 248 248 248-111 248-248S393 8 256 8zm0 448c-110.5 0-200-89.5-200-200S145.5 56 256 56s200 89.5 200 200-89.5 200-200 200zm61.8-104.4l-84.9-61.7c-3.1-2.3-4.9-5.9-4.9-9.7V116c0-6.6 5.4-12 12-12h32c6.6 0 12 5.4 12 12v141.7l66.8 48.6c5.4 3.9 6.5 11.4 2.6 16.8L334.6 349c-3.9 5.3-11.4 6.5-16.8 2.6z\"><\/path><\/svg>\t\t\t\t\t\t\t<\/span>\n\t\t\t\t\t\t\t\t\t<span class=\"elementor-icon-list-text elementor-post-info__item elementor-post-info__item--type-time\">\n\t\t\t\t\t\t\t\t\t\t<time>9:03 pm<\/time>\t\t\t\t\t<\/span>\n\t\t\t\t\t\t\t\t<\/li>\n\t\t\t\t<li class=\"elementor-icon-list-item elementor-repeater-item-9026d4d elementor-inline-item\">\n\t\t\t\t\t\t\t\t\t\t<span class=\"elementor-icon-list-icon\">\n\t\t\t\t\t\t\t\t<svg aria-hidden=\"true\" class=\"e-font-icon-svg e-far-user\" viewBox=\"0 0 448 512\" xmlns=\"http:\/\/www.w3.org\/2000\/svg\"><path d=\"M313.6 304c-28.7 0-42.5 16-89.6 16-47.1 0-60.8-16-89.6-16C60.2 304 0 364.2 0 438.4V464c0 26.5 21.5 48 48 48h352c26.5 0 48-21.5 48-48v-25.6c0-74.2-60.2-134.4-134.4-134.4zM400 464H48v-25.6c0-47.6 38.8-86.4 86.4-86.4 14.6 0 38.3 16 89.6 16 51.7 0 74.9-16 89.6-16 47.6 0 86.4 38.8 86.4 86.4V464zM224 288c79.5 0 144-64.5 144-144S303.5 0 224 0 80 64.5 80 144s64.5 144 144 144zm0-240c52.9 0 96 43.1 96 96s-43.1 96-96 96-96-43.1-96-96 43.1-96 96-96z\"><\/path><\/svg>\t\t\t\t\t\t\t<\/span>\n\t\t\t\t\t\t\t\t\t<span class=\"elementor-icon-list-text elementor-post-info__item elementor-post-info__item--type-custom\">\n\t\t\t\t\t\t\t\t\t\tCamille Caire\t\t\t\t\t<\/span>\n\t\t\t\t\t\t\t\t<\/li>\n\t\t\t\t<li class=\"elementor-icon-list-item elementor-repeater-item-cfc54d4 elementor-inline-item\" itemprop=\"about\">\n\t\t\t\t\t\t\t\t\t\t<span class=\"elementor-icon-list-icon\">\n\t\t\t\t\t\t\t\t<svg aria-hidden=\"true\" class=\"e-font-icon-svg e-fas-tags\" viewBox=\"0 0 640 512\" xmlns=\"http:\/\/www.w3.org\/2000\/svg\"><path d=\"M497.941 225.941L286.059 14.059A48 48 0 0 0 252.118 0H48C21.49 0 0 21.49 0 48v204.118a48 48 0 0 0 14.059 33.941l211.882 211.882c18.744 18.745 49.136 18.746 67.882 0l204.118-204.118c18.745-18.745 18.745-49.137 0-67.882zM112 160c-26.51 0-48-21.49-48-48s21.49-48 48-48 48 21.49 48 48-21.49 48-48 48zm513.941 133.823L421.823 497.941c-18.745 18.745-49.137 18.745-67.882 0l-.36-.36L527.64 323.522c16.999-16.999 26.36-39.6 26.36-63.64s-9.362-46.641-26.36-63.64L331.397 0h48.721a48 48 0 0 1 33.941 14.059l211.882 211.882c18.745 18.745 18.745 49.137 0 67.882z\"><\/path><\/svg>\t\t\t\t\t\t\t<\/span>\n\t\t\t\t\t\t\t\t\t<span class=\"elementor-icon-list-text elementor-post-info__item elementor-post-info__item--type-terms\">\n\t\t\t\t\t\t\t\t\t\t<span class=\"elementor-post-info__terms-list\">\n\t\t\t\t<a href=\"https:\/\/secondsouffle.co\/index.php\/category\/architecture-et-amenagement-interieur\/\" class=\"elementor-post-info__terms-list-item\">Architecture et am\u00e9nagement d&#039;int\u00e9rieur<\/a>\t\t\t\t<\/span>\n\t\t\t\t\t<\/span>\n\t\t\t\t\t\t\t\t<\/li>\n\t\t\t\t<\/ul>\n\t\t\t\t\t\t<\/div>\n\t\t\t\t<\/div>\n\t\t\t\t\t<\/div>\n\t\t<\/div>\n\t\t\t\t\t<\/div>\n\t\t<\/section>\n\t\t\t\t<section class=\"elementor-section elementor-top-section elementor-element elementor-element-8c0a9df elementor-section-boxed elementor-section-height-default elementor-section-height-default\" data-id=\"8c0a9df\" data-element_type=\"section\" data-e-type=\"section\" data-settings=\"{&quot;_ha_eqh_enable&quot;:false}\">\n\t\t\t\t\t\t<div class=\"elementor-container elementor-column-gap-default\">\n\t\t\t\t\t<div class=\"elementor-column elementor-col-100 elementor-top-column elementor-element elementor-element-bfd61b0\" data-id=\"bfd61b0\" data-element_type=\"column\" data-e-type=\"column\">\n\t\t\t<div class=\"elementor-widget-wrap elementor-element-populated\">\n\t\t\t\t\t\t<div class=\"elementor-element elementor-element-6285f0a elementor-widget elementor-widget-theme-post-featured-image elementor-widget-image\" data-id=\"6285f0a\" data-element_type=\"widget\" data-e-type=\"widget\" data-widget_type=\"theme-post-featured-image.default\">\n\t\t\t\t<div class=\"elementor-widget-container\">\n\t\t\t\t\t\t\t\t\t\t\t\t\t\t\t<img decoding=\"async\" src=\"https:\/\/secondsouffle.co\/wp-content\/uploads\/elementor\/thumbs\/association-pantone-scaled-p7pb1w04ope1l8tc175kjk6cyukljw2e0cxii0abuw.jpg\" title=\"association-pantone\" alt=\"association-pantone\" loading=\"lazy\" \/>\t\t\t\t\t\t\t\t\t\t\t\t\t\t\t<\/div>\n\t\t\t\t<\/div>\n\t\t\t\t\t<\/div>\n\t\t<\/div>\n\t\t\t\t\t<\/div>\n\t\t<\/section>\n\t\t\t\t<section class=\"elementor-section elementor-top-section elementor-element elementor-element-1232b9e elementor-section-boxed elementor-section-height-default elementor-section-height-default\" data-id=\"1232b9e\" data-element_type=\"section\" data-e-type=\"section\" data-settings=\"{&quot;_ha_eqh_enable&quot;:false}\">\n\t\t\t\t\t\t<div class=\"elementor-container elementor-column-gap-default\">\n\t\t\t\t\t<div class=\"elementor-column elementor-col-100 elementor-top-column elementor-element elementor-element-fa121a6\" data-id=\"fa121a6\" data-element_type=\"column\" data-e-type=\"column\">\n\t\t\t<div class=\"elementor-widget-wrap elementor-element-populated\">\n\t\t\t\t\t\t<div class=\"elementor-element elementor-element-55ea867 elementor-widget elementor-widget-spacer\" data-id=\"55ea867\" data-element_type=\"widget\" data-e-type=\"widget\" data-widget_type=\"spacer.default\">\n\t\t\t\t<div class=\"elementor-widget-container\">\n\t\t\t\t\t\t\t<div class=\"elementor-spacer\">\n\t\t\t<div class=\"elementor-spacer-inner\"><\/div>\n\t\t<\/div>\n\t\t\t\t\t\t<\/div>\n\t\t\t\t<\/div>\n\t\t\t\t<div class=\"elementor-element elementor-element-208760e elementor-widget elementor-widget-text-editor\" data-id=\"208760e\" data-element_type=\"widget\" data-e-type=\"widget\" data-widget_type=\"text-editor.default\">\n\t\t\t\t<div class=\"elementor-widget-container\">\n\t\t\t\t\t\t\t\t\t<p><strong>Choisir une teinte ou des teintes pour son int\u00e9rieur n\u2019est pas si facile.<\/strong> Selon la couleur s\u00e9lectionn\u00e9e, nous allons forc\u00e9ment nous poser la question de savoir si notre int\u00e9rieur est accueillant, lumineux ou au contraire sombre, myst\u00e9rieux. Nous pouvons aussi nous demander quel message envoie cette couleur et comment elle influence notre perception. En fait, la couleur est bien plus qu&rsquo;un \u00e9l\u00e9ment d\u00e9coratif dans un int\u00e9rieur. Si vous s\u00e9lectionnez la bonne teinte, celle-ci sera source de bien-\u00eatre pour vous au quotidien. C\u2019est pourquoi il est important de faire les bons choix. D\u00e9couvrez dans cet article, <strong>11 couleurs, d\u00e9taill\u00e9es une \u00e0 une avec leur message et comment il est conseill\u00e9 de les utiliser<\/strong> pour que vous puissiez profiter pleinement de votre int\u00e9rieur.<\/p>\t\t\t\t\t\t\t\t<\/div>\n\t\t\t\t<\/div>\n\t\t\t\t\t<\/div>\n\t\t<\/div>\n\t\t\t\t\t<\/div>\n\t\t<\/section>\n\t\t\t\t<section class=\"elementor-section elementor-top-section elementor-element elementor-element-089c51c elementor-section-boxed elementor-section-height-default elementor-section-height-default\" data-id=\"089c51c\" data-element_type=\"section\" data-e-type=\"section\" data-settings=\"{&quot;_ha_eqh_enable&quot;:false}\">\n\t\t\t\t\t\t<div class=\"elementor-container elementor-column-gap-default\">\n\t\t\t\t\t<div class=\"elementor-column elementor-col-50 elementor-top-column elementor-element elementor-element-61eb756\" data-id=\"61eb756\" data-element_type=\"column\" data-e-type=\"column\">\n\t\t\t<div class=\"elementor-widget-wrap elementor-element-populated\">\n\t\t\t\t\t\t<div class=\"elementor-element elementor-element-2bda3c8 elementor-widget elementor-widget-spacer\" data-id=\"2bda3c8\" data-element_type=\"widget\" data-e-type=\"widget\" data-widget_type=\"spacer.default\">\n\t\t\t\t<div class=\"elementor-widget-container\">\n\t\t\t\t\t\t\t<div class=\"elementor-spacer\">\n\t\t\t<div class=\"elementor-spacer-inner\"><\/div>\n\t\t<\/div>\n\t\t\t\t\t\t<\/div>\n\t\t\t\t<\/div>\n\t\t\t\t<div class=\"elementor-element elementor-element-c254622 elementor-widget elementor-widget-heading\" data-id=\"c254622\" data-element_type=\"widget\" data-e-type=\"widget\" data-widget_type=\"heading.default\">\n\t\t\t\t<div class=\"elementor-widget-container\">\n\t\t\t\t\t<h2 class=\"elementor-heading-title elementor-size-default\">Comment se servir d\u2019un nuancier ? <\/h2>\t\t\t\t<\/div>\n\t\t\t\t<\/div>\n\t\t\t\t<div class=\"elementor-element elementor-element-603fde5 elementor-widget elementor-widget-text-editor\" data-id=\"603fde5\" data-element_type=\"widget\" data-e-type=\"widget\" data-widget_type=\"text-editor.default\">\n\t\t\t\t<div class=\"elementor-widget-container\">\n\t\t\t\t\t\t\t\t\t<p>Vous avez un <span style=\"text-decoration: underline;\"><strong><a href=\"https:\/\/www.toutes-les-couleurs.com\/nuancier-ral.php\" target=\"_blank\" rel=\"noopener\">nuancier<\/a><\/strong><\/span> \u00e0 votre disposition ? C\u2019est parfait ! Pour bien l\u2019utiliser, vous devez tout d\u2019abord <strong>choisir une couleur de votre nuancier.<\/strong> Comment choisir ? Pour s\u00e9lectionner la bonne teinte, r\u00e9fl\u00e9chissez \u00e0 ces <strong>3 crit\u00e8res :\u00a0<\/strong><\/p><ul><li><strong>Quelle \u00e9nergie renvoie la couleur ?<\/strong> Ton froid ou ton chaud ? Est-elle apaisante ou au contraire dynamique ?<\/li><li><strong>Quelle est sa destination ?<\/strong> Dans quelle(s) pi\u00e8ce(s) allez-vous l\u2019utiliser ?\u00a0<\/li><li><strong>Quelle est sa fonction ?<\/strong> Vous souhaitez agrandir votre pi\u00e8ce ? L\u2019\u00e9clairer ? ou bien cr\u00e9er de l\u2019intimit\u00e9 ?\u00a0<\/li><\/ul><p>\u00a0<\/p><p>Besoin d\u2019aide ? Pour vous aider \u00e0 faire votre choix, je vous pr\u00e9sente ci-dessous <strong>11 couleurs une \u00e0 une avec leur action particuli\u00e8re dans notre int\u00e9rieur et les coloris majeurs avec lesquels elles s\u2019associent<\/strong> pour cr\u00e9er un accord harmonieux ou un contraste int\u00e9ressant pour votre bien-\u00eatre.<\/p>\t\t\t\t\t\t\t\t<\/div>\n\t\t\t\t<\/div>\n\t\t\t\t\t<\/div>\n\t\t<\/div>\n\t\t\t\t<div class=\"elementor-column elementor-col-50 elementor-top-column elementor-element elementor-element-9349051\" data-id=\"9349051\" data-element_type=\"column\" data-e-type=\"column\">\n\t\t\t<div class=\"elementor-widget-wrap elementor-element-populated\">\n\t\t\t\t\t\t<div class=\"elementor-element elementor-element-12a60a5 elementor-widget elementor-widget-spacer\" data-id=\"12a60a5\" data-element_type=\"widget\" data-e-type=\"widget\" data-widget_type=\"spacer.default\">\n\t\t\t\t<div class=\"elementor-widget-container\">\n\t\t\t\t\t\t\t<div class=\"elementor-spacer\">\n\t\t\t<div class=\"elementor-spacer-inner\"><\/div>\n\t\t<\/div>\n\t\t\t\t\t\t<\/div>\n\t\t\t\t<\/div>\n\t\t\t\t<div class=\"elementor-element elementor-element-f2a37ac elementor-widget elementor-widget-image\" data-id=\"f2a37ac\" data-element_type=\"widget\" data-e-type=\"widget\" data-widget_type=\"image.default\">\n\t\t\t\t<div class=\"elementor-widget-container\">\n\t\t\t\t\t\t\t\t\t\t\t\t\t\t\t<img fetchpriority=\"high\" decoding=\"async\" width=\"800\" height=\"534\" src=\"https:\/\/secondsouffle.co\/wp-content\/uploads\/2020\/11\/couleur-pantone-1024x684.jpg\" class=\"attachment-large size-large wp-image-8957\" alt=\"\" srcset=\"https:\/\/secondsouffle.co\/wp-content\/uploads\/2020\/11\/couleur-pantone-1024x684.jpg 1024w, https:\/\/secondsouffle.co\/wp-content\/uploads\/2020\/11\/couleur-pantone-300x200.jpg 300w, https:\/\/secondsouffle.co\/wp-content\/uploads\/2020\/11\/couleur-pantone-768x513.jpg 768w, https:\/\/secondsouffle.co\/wp-content\/uploads\/2020\/11\/couleur-pantone-1536x1026.jpg 1536w, https:\/\/secondsouffle.co\/wp-content\/uploads\/2020\/11\/couleur-pantone-2048x1368.jpg 2048w\" sizes=\"(max-width: 800px) 100vw, 800px\" \/>\t\t\t\t\t\t\t\t\t\t\t\t\t\t\t<\/div>\n\t\t\t\t<\/div>\n\t\t\t\t\t<\/div>\n\t\t<\/div>\n\t\t\t\t\t<\/div>\n\t\t<\/section>\n\t\t\t\t<section class=\"elementor-section elementor-top-section elementor-element elementor-element-61e79e8 elementor-section-boxed elementor-section-height-default elementor-section-height-default\" data-id=\"61e79e8\" data-element_type=\"section\" data-e-type=\"section\" data-settings=\"{&quot;_ha_eqh_enable&quot;:false}\">\n\t\t\t\t\t\t<div class=\"elementor-container elementor-column-gap-default\">\n\t\t\t\t\t<div class=\"elementor-column elementor-col-100 elementor-top-column elementor-element elementor-element-5eb393e\" data-id=\"5eb393e\" data-element_type=\"column\" data-e-type=\"column\">\n\t\t\t<div class=\"elementor-widget-wrap elementor-element-populated\">\n\t\t\t\t\t\t<div class=\"elementor-element elementor-element-39b2bc0 elementor-widget elementor-widget-spacer\" data-id=\"39b2bc0\" data-element_type=\"widget\" data-e-type=\"widget\" data-widget_type=\"spacer.default\">\n\t\t\t\t<div class=\"elementor-widget-container\">\n\t\t\t\t\t\t\t<div class=\"elementor-spacer\">\n\t\t\t<div class=\"elementor-spacer-inner\"><\/div>\n\t\t<\/div>\n\t\t\t\t\t\t<\/div>\n\t\t\t\t<\/div>\n\t\t\t\t<div class=\"elementor-element elementor-element-4338e64 elementor-widget elementor-widget-heading\" data-id=\"4338e64\" data-element_type=\"widget\" data-e-type=\"widget\" data-widget_type=\"heading.default\">\n\t\t\t\t<div class=\"elementor-widget-container\">\n\t\t\t\t\t<h2 class=\"elementor-heading-title elementor-size-default\">3 fa\u00e7ons d\u2019associer les couleurs <\/h2>\t\t\t\t<\/div>\n\t\t\t\t<\/div>\n\t\t\t\t<div class=\"elementor-element elementor-element-e249eb3 elementor-widget elementor-widget-text-editor\" data-id=\"e249eb3\" data-element_type=\"widget\" data-e-type=\"widget\" data-widget_type=\"text-editor.default\">\n\t\t\t\t<div class=\"elementor-widget-container\">\n\t\t\t\t\t\t\t\t\t<p>Vous pouvez associer les couleurs de <strong>3 mani\u00e8res diff\u00e9rentes :<\/strong> les cama\u00efeux, les familles de couleurs et le contraste des couleurs compl\u00e9mentaires. Voyons-nous \u00e7a de plus pr\u00e8s.\u00a0<\/p>\t\t\t\t\t\t\t\t<\/div>\n\t\t\t\t<\/div>\n\t\t\t\t<div class=\"elementor-element elementor-element-05cbaba elementor-widget elementor-widget-heading\" data-id=\"05cbaba\" data-element_type=\"widget\" data-e-type=\"widget\" data-widget_type=\"heading.default\">\n\t\t\t\t<div class=\"elementor-widget-container\">\n\t\t\t\t\t<h3 class=\"elementor-heading-title elementor-size-default\">Les cama\u00efeux<\/h3>\t\t\t\t<\/div>\n\t\t\t\t<\/div>\n\t\t\t\t<div class=\"elementor-element elementor-element-2d63c17 elementor-widget elementor-widget-text-editor\" data-id=\"2d63c17\" data-element_type=\"widget\" data-e-type=\"widget\" data-widget_type=\"text-editor.default\">\n\t\t\t\t<div class=\"elementor-widget-container\">\n\t\t\t\t\t\t\t\t\t<p>Il suffit de <strong>choisir 2 ou 3 nuances de la m\u00eame famille<\/strong> (2 verts ou alors 3 roses). En fait, plus les nuances sont proches, plus ce sera simple pour vous de cr\u00e9er une association. Je vous donne un exemple : <strong>bleu oc\u00e9an (RAL 5020) + bleu d\u2019eau (RAL 5021) + turquoise pastel (RAL 6034)<\/strong><\/p>\t\t\t\t\t\t\t\t<\/div>\n\t\t\t\t<\/div>\n\t\t\t\t<div class=\"elementor-element elementor-element-7007ccc elementor-widget elementor-widget-heading\" data-id=\"7007ccc\" data-element_type=\"widget\" data-e-type=\"widget\" data-widget_type=\"heading.default\">\n\t\t\t\t<div class=\"elementor-widget-container\">\n\t\t\t\t\t<h3 class=\"elementor-heading-title elementor-size-default\">Les familles de couleurs<\/h3>\t\t\t\t<\/div>\n\t\t\t\t<\/div>\n\t\t\t\t<div class=\"elementor-element elementor-element-e1ab5e8 elementor-widget elementor-widget-text-editor\" data-id=\"e1ab5e8\" data-element_type=\"widget\" data-e-type=\"widget\" data-widget_type=\"text-editor.default\">\n\t\t\t\t<div class=\"elementor-widget-container\">\n\t\t\t\t\t\t\t\t\t<p>Votre objectif consiste \u00e0 <strong>cr\u00e9er des associations entre 2 ou 3 couleurs qui sont proches mais de familles diff\u00e9rentes.<\/strong> Ce type d\u2019association apporte des \u00e9nergies compl\u00e9mentaires et enrichit le message de chacune d\u2019elles. Pour composer cette association, aidez-vous d\u2019un nuancier ou d\u2019un cercle chromatique et choisissez les coloris imm\u00e9diatement voisins, \u00e0 droite ou \u00e0 gauche de la teinte de base. Exemple : <strong>Bleu oc\u00e9an (RAL 5020) + Vert pur (RAL 6037)<\/strong><\/p>\t\t\t\t\t\t\t\t<\/div>\n\t\t\t\t<\/div>\n\t\t\t\t<div class=\"elementor-element elementor-element-3a94a5a elementor-widget elementor-widget-heading\" data-id=\"3a94a5a\" data-element_type=\"widget\" data-e-type=\"widget\" data-widget_type=\"heading.default\">\n\t\t\t\t<div class=\"elementor-widget-container\">\n\t\t\t\t\t<h3 class=\"elementor-heading-title elementor-size-default\">Le contraste des couleurs compl\u00e9mentaires <\/h3>\t\t\t\t<\/div>\n\t\t\t\t<\/div>\n\t\t\t\t<div class=\"elementor-element elementor-element-9996890 elementor-widget elementor-widget-text-editor\" data-id=\"9996890\" data-element_type=\"widget\" data-e-type=\"widget\" data-widget_type=\"text-editor.default\">\n\t\t\t\t<div class=\"elementor-widget-container\">\n\t\t\t\t\t\t\t\t\t<p>Ici le contraste sera dynamique. <strong>Les couleurs sont compl\u00e9mentaires, le duo sera forc\u00e9ment puissant et \u00e9nergisant.<\/strong> Sachez que plus les couleurs sont pures, plus vous obtiendrez un contraste fort. Vous pouvez jouer sur les nuances pour les adoucir. Exemple : <strong>Orange pur (RAL 2004) + Bleu outremer (RAL 5002)\u00a0<\/strong><\/p>\t\t\t\t\t\t\t\t<\/div>\n\t\t\t\t<\/div>\n\t\t\t\t\t<\/div>\n\t\t<\/div>\n\t\t\t\t\t<\/div>\n\t\t<\/section>\n\t\t\t\t<section class=\"elementor-section elementor-top-section elementor-element elementor-element-4226181 elementor-section-boxed elementor-section-height-default elementor-section-height-default\" data-id=\"4226181\" data-element_type=\"section\" data-e-type=\"section\" data-settings=\"{&quot;_ha_eqh_enable&quot;:false}\">\n\t\t\t\t\t\t<div class=\"elementor-container elementor-column-gap-default\">\n\t\t\t\t\t<div class=\"elementor-column elementor-col-100 elementor-top-column elementor-element elementor-element-19e852e\" data-id=\"19e852e\" data-element_type=\"column\" data-e-type=\"column\">\n\t\t\t<div class=\"elementor-widget-wrap elementor-element-populated\">\n\t\t\t\t\t\t<div class=\"elementor-element elementor-element-edbc515 elementor-blockquote--skin-border elementor-widget elementor-widget-blockquote\" data-id=\"edbc515\" data-element_type=\"widget\" data-e-type=\"widget\" data-widget_type=\"blockquote.default\">\n\t\t\t\t<div class=\"elementor-widget-container\">\n\t\t\t\t\t\t\t<blockquote class=\"elementor-blockquote\">\n\t\t\t<p class=\"elementor-blockquote__content\">\n\t\t\t\tBon \u00e0 savoir : les couleurs indiqu\u00e9es ci-dessus, sont s\u00e9lectionn\u00e9es \u00e0 partir du nuancier universel RAL, utilis\u00e9 en architecture et en design. \n\t\t\t<\/p>\n\t\t\t\t\t<\/blockquote>\n\t\t\t\t\t\t<\/div>\n\t\t\t\t<\/div>\n\t\t\t\t\t<\/div>\n\t\t<\/div>\n\t\t\t\t\t<\/div>\n\t\t<\/section>\n\t\t\t\t<section class=\"elementor-section elementor-top-section elementor-element elementor-element-29ca663 elementor-section-boxed elementor-section-height-default elementor-section-height-default\" data-id=\"29ca663\" data-element_type=\"section\" data-e-type=\"section\" data-settings=\"{&quot;_ha_eqh_enable&quot;:false}\">\n\t\t\t\t\t\t<div class=\"elementor-container elementor-column-gap-default\">\n\t\t\t\t\t<div class=\"elementor-column elementor-col-100 elementor-top-column elementor-element elementor-element-39ed398\" data-id=\"39ed398\" data-element_type=\"column\" data-e-type=\"column\">\n\t\t\t<div class=\"elementor-widget-wrap elementor-element-populated\">\n\t\t\t\t\t\t<div class=\"elementor-element elementor-element-a977ad7 elementor-widget elementor-widget-spacer\" data-id=\"a977ad7\" data-element_type=\"widget\" data-e-type=\"widget\" data-widget_type=\"spacer.default\">\n\t\t\t\t<div class=\"elementor-widget-container\">\n\t\t\t\t\t\t\t<div class=\"elementor-spacer\">\n\t\t\t<div class=\"elementor-spacer-inner\"><\/div>\n\t\t<\/div>\n\t\t\t\t\t\t<\/div>\n\t\t\t\t<\/div>\n\t\t\t\t<div class=\"elementor-element elementor-element-07aabd2 elementor-widget elementor-widget-heading\" data-id=\"07aabd2\" data-element_type=\"widget\" data-e-type=\"widget\" data-widget_type=\"heading.default\">\n\t\t\t\t<div class=\"elementor-widget-container\">\n\t\t\t\t\t<h2 class=\"elementor-heading-title elementor-size-default\">Les couleurs et les bonnes associations  <\/h2>\t\t\t\t<\/div>\n\t\t\t\t<\/div>\n\t\t\t\t<div class=\"elementor-element elementor-element-5524599 ha-has-bg-overlay elementor-widget elementor-widget-heading\" data-id=\"5524599\" data-element_type=\"widget\" data-e-type=\"widget\" data-widget_type=\"heading.default\">\n\t\t\t\t<div class=\"elementor-widget-container\">\n\t\t\t\t\t<h3 class=\"elementor-heading-title elementor-size-default\">Le jaune : luminosit\u00e9 et \u00e9nergie mentale <\/h3>\t\t\t\t<\/div>\n\t\t\t\t<\/div>\n\t\t\t\t<div class=\"elementor-element elementor-element-253c871 elementor-widget elementor-widget-text-editor\" data-id=\"253c871\" data-element_type=\"widget\" data-e-type=\"widget\" data-widget_type=\"text-editor.default\">\n\t\t\t\t<div class=\"elementor-widget-container\">\n\t\t\t\t\t\t\t\t\t<p><strong>Son message :<\/strong> c\u2019est une couleur tr\u00e8s lumineuse et stimulante. Notre regard est directement attir\u00e9 par la zone de la pi\u00e8ce ou l\u2019\u00e9l\u00e9ment d\u00e9coratif que la couleur met en valeur. Le jaune est reconnu pour favoriser la concentration et l\u2019assimilation de nouvelles id\u00e9es. De plus, ses vertus sont r\u00e9elles et agissent imm\u00e9diatement sur notre moral. <strong>On l\u2019utilise pour quelle(s) pi\u00e8ce(s) ?<\/strong> Elle sera parfaite dans les pi\u00e8ces o\u00f9 l\u2019on doit bien voir et \u00eatre organis\u00e9 (la cuisine) et celles o\u00f9 l\u2019on travaille (le bureau).<\/p>\t\t\t\t\t\t\t\t<\/div>\n\t\t\t\t<\/div>\n\t\t\t\t<div class=\"elementor-element elementor-element-f039dbd elementor-blockquote--skin-border elementor-widget elementor-widget-blockquote\" data-id=\"f039dbd\" data-element_type=\"widget\" data-e-type=\"widget\" data-widget_type=\"blockquote.default\">\n\t\t\t\t<div class=\"elementor-widget-container\">\n\t\t\t\t\t\t\t<blockquote class=\"elementor-blockquote\">\n\t\t\t<p class=\"elementor-blockquote__content\">\n\t\t\t\tLe jaune est l\u2019alli\u00e9 des espaces \u00e9troits et sombres \t\t\t<\/p>\n\t\t\t\t\t<\/blockquote>\n\t\t\t\t\t\t<\/div>\n\t\t\t\t<\/div>\n\t\t\t\t<div class=\"elementor-element elementor-element-0c89319 elementor-widget elementor-widget-text-editor\" data-id=\"0c89319\" data-element_type=\"widget\" data-e-type=\"widget\" data-widget_type=\"text-editor.default\">\n\t\t\t\t<div class=\"elementor-widget-container\">\n\t\t\t\t\t\t\t\t\t<p>Les associations de couleurs : Le jaune se marie parfaitement avec<\/p>\t\t\t\t\t\t\t\t<\/div>\n\t\t\t\t<\/div>\n\t\t\t\t\t<\/div>\n\t\t<\/div>\n\t\t\t\t\t<\/div>\n\t\t<\/section>\n\t\t\t\t<section class=\"elementor-section elementor-top-section elementor-element elementor-element-8017588 elementor-section-boxed elementor-section-height-default elementor-section-height-default\" data-id=\"8017588\" data-element_type=\"section\" data-e-type=\"section\" data-settings=\"{&quot;_ha_eqh_enable&quot;:false}\">\n\t\t\t\t\t\t<div class=\"elementor-container elementor-column-gap-default\">\n\t\t\t\t\t<div class=\"elementor-column elementor-col-25 elementor-top-column elementor-element elementor-element-54281cc\" data-id=\"54281cc\" data-element_type=\"column\" data-e-type=\"column\">\n\t\t\t<div class=\"elementor-widget-wrap elementor-element-populated\">\n\t\t\t\t\t\t<div class=\"elementor-element elementor-element-c52e062 elementor-widget elementor-widget-image\" data-id=\"c52e062\" data-element_type=\"widget\" data-e-type=\"widget\" data-widget_type=\"image.default\">\n\t\t\t\t<div class=\"elementor-widget-container\">\n\t\t\t\t\t\t\t\t\t\t\t\t<figure class=\"wp-caption\">\n\t\t\t\t\t\t\t\t\t\t<img decoding=\"async\" src=\"https:\/\/secondsouffle.co\/wp-content\/uploads\/elementor\/thumbs\/association-jaune-gris-p7pb92heplh8rw7ebf0v9iulsvk9hz77steo8o4kg8.jpg\" title=\"association jaune-gris\" alt=\"association jaune-gris\" loading=\"lazy\" \/>\t\t\t\t\t\t\t\t\t\t\t<figcaption class=\"widget-image-caption wp-caption-text\">Source : Pinterest<\/figcaption>\n\t\t\t\t\t\t\t\t\t\t<\/figure>\n\t\t\t\t\t\t\t\t\t<\/div>\n\t\t\t\t<\/div>\n\t\t\t\t<div class=\"elementor-element elementor-element-794b37d ha-has-bg-overlay elementor-widget elementor-widget-heading\" data-id=\"794b37d\" data-element_type=\"widget\" data-e-type=\"widget\" data-widget_type=\"heading.default\">\n\t\t\t\t<div class=\"elementor-widget-container\">\n\t\t\t\t\t<h4 class=\"elementor-heading-title elementor-size-default\">Le gris <\/h4>\t\t\t\t<\/div>\n\t\t\t\t<\/div>\n\t\t\t\t<div class=\"elementor-element elementor-element-1481b35 elementor-widget elementor-widget-text-editor\" data-id=\"1481b35\" data-element_type=\"widget\" data-e-type=\"widget\" data-widget_type=\"text-editor.default\">\n\t\t\t\t<div class=\"elementor-widget-container\">\n\t\t\t\t\t\t\t\t\t<p>Pour cr\u00e9er des <strong>ambiances fortes et solaires.<\/strong> Le jaune va venir r\u00e9veiller la neutralit\u00e9 du gris gr\u00e2ce \u00e0 ses tonalit\u00e9s tr\u00e8s vives. Un duo qui fonctionne toujours !<\/p>\t\t\t\t\t\t\t\t<\/div>\n\t\t\t\t<\/div>\n\t\t\t\t\t<\/div>\n\t\t<\/div>\n\t\t\t\t<div class=\"elementor-column elementor-col-25 elementor-top-column elementor-element elementor-element-c86a654\" data-id=\"c86a654\" data-element_type=\"column\" data-e-type=\"column\">\n\t\t\t<div class=\"elementor-widget-wrap elementor-element-populated\">\n\t\t\t\t\t\t<div class=\"elementor-element elementor-element-ddd3280 elementor-widget elementor-widget-image\" data-id=\"ddd3280\" data-element_type=\"widget\" data-e-type=\"widget\" data-widget_type=\"image.default\">\n\t\t\t\t<div class=\"elementor-widget-container\">\n\t\t\t\t\t\t\t\t\t\t\t\t<figure class=\"wp-caption\">\n\t\t\t\t\t\t\t\t\t\t<img decoding=\"async\" src=\"https:\/\/secondsouffle.co\/wp-content\/uploads\/elementor\/thumbs\/deco-bleu-et-jaune-p7pb8wudkl9iu8fl8cl3uk9u8kc27skts1hrd0cxhk.jpg\" title=\"deco bleu et jaune\" alt=\"deco bleu et jaune\" loading=\"lazy\" \/>\t\t\t\t\t\t\t\t\t\t\t<figcaption class=\"widget-image-caption wp-caption-text\">Source : Pinterest<\/figcaption>\n\t\t\t\t\t\t\t\t\t\t<\/figure>\n\t\t\t\t\t\t\t\t\t<\/div>\n\t\t\t\t<\/div>\n\t\t\t\t<div class=\"elementor-element elementor-element-a2b50d6 ha-has-bg-overlay elementor-widget elementor-widget-heading\" data-id=\"a2b50d6\" data-element_type=\"widget\" data-e-type=\"widget\" data-widget_type=\"heading.default\">\n\t\t\t\t<div class=\"elementor-widget-container\">\n\t\t\t\t\t<h4 class=\"elementor-heading-title elementor-size-default\">Le bleu<\/h4>\t\t\t\t<\/div>\n\t\t\t\t<\/div>\n\t\t\t\t<div class=\"elementor-element elementor-element-62b29c3 elementor-widget elementor-widget-text-editor\" data-id=\"62b29c3\" data-element_type=\"widget\" data-e-type=\"widget\" data-widget_type=\"text-editor.default\">\n\t\t\t\t<div class=\"elementor-widget-container\">\n\t\t\t\t\t\t\t\t\t<p>Dans cette combinaison \u00e9quilibr\u00e9e, <strong>l\u2019un apaise et l\u2019autre r\u00e9chauffe.<\/strong> La pr\u00e9pond\u00e9rance du jaune apportera plus d\u2019\u00e9nergie \u201csolaire\u201d \u00e0 un espace \u00e0 vivre. Le duo id\u00e9al est le bleu paon et le jaune ocre.<\/p>\t\t\t\t\t\t\t\t<\/div>\n\t\t\t\t<\/div>\n\t\t\t\t\t<\/div>\n\t\t<\/div>\n\t\t\t\t<div class=\"elementor-column elementor-col-25 elementor-top-column elementor-element elementor-element-78337d7\" data-id=\"78337d7\" data-element_type=\"column\" data-e-type=\"column\">\n\t\t\t<div class=\"elementor-widget-wrap elementor-element-populated\">\n\t\t\t\t\t\t<div class=\"elementor-element elementor-element-19340c0 elementor-widget elementor-widget-image\" data-id=\"19340c0\" data-element_type=\"widget\" data-e-type=\"widget\" data-widget_type=\"image.default\">\n\t\t\t\t<div class=\"elementor-widget-container\">\n\t\t\t\t\t\t\t\t\t\t\t\t<figure class=\"wp-caption\">\n\t\t\t\t\t\t\t\t\t\t<img decoding=\"async\" src=\"https:\/\/secondsouffle.co\/wp-content\/uploads\/elementor\/thumbs\/deco-jaune-et-rose-p7pb8r7cfl1swkns5a5cflp2o93uxlyfr9kuhclaiw.jpg\" title=\"deco jaune et rose\" alt=\"deco jaune et rose\" loading=\"lazy\" \/>\t\t\t\t\t\t\t\t\t\t\t<figcaption class=\"widget-image-caption wp-caption-text\">Source : Pinterest<\/figcaption>\n\t\t\t\t\t\t\t\t\t\t<\/figure>\n\t\t\t\t\t\t\t\t\t<\/div>\n\t\t\t\t<\/div>\n\t\t\t\t<div class=\"elementor-element elementor-element-138cd0e ha-has-bg-overlay elementor-widget elementor-widget-heading\" data-id=\"138cd0e\" data-element_type=\"widget\" data-e-type=\"widget\" data-widget_type=\"heading.default\">\n\t\t\t\t<div class=\"elementor-widget-container\">\n\t\t\t\t\t<h4 class=\"elementor-heading-title elementor-size-default\">Le rose <\/h4>\t\t\t\t<\/div>\n\t\t\t\t<\/div>\n\t\t\t\t<div class=\"elementor-element elementor-element-0525dc1 elementor-widget elementor-widget-text-editor\" data-id=\"0525dc1\" data-element_type=\"widget\" data-e-type=\"widget\" data-widget_type=\"text-editor.default\">\n\t\t\t\t<div class=\"elementor-widget-container\">\n\t\t\t\t\t\t\t\t\t<p>Id\u00e9ale combinaison pour cr\u00e9er une <strong>ambiance douce et p\u00e9tillante.<\/strong> Le jaune va rajeunir et dynamiser la pi\u00e8ce s\u2019il est associ\u00e9 \u00e0 un rose p\u00e2le.<\/p>\t\t\t\t\t\t\t\t<\/div>\n\t\t\t\t<\/div>\n\t\t\t\t\t<\/div>\n\t\t<\/div>\n\t\t\t\t<div class=\"elementor-column elementor-col-25 elementor-top-column elementor-element elementor-element-570351d\" data-id=\"570351d\" data-element_type=\"column\" data-e-type=\"column\">\n\t\t\t<div class=\"elementor-widget-wrap elementor-element-populated\">\n\t\t\t\t\t\t<div class=\"elementor-element elementor-element-c36f25e elementor-widget elementor-widget-image\" data-id=\"c36f25e\" data-element_type=\"widget\" data-e-type=\"widget\" data-widget_type=\"image.default\">\n\t\t\t\t<div class=\"elementor-widget-container\">\n\t\t\t\t\t\t\t\t\t\t\t\t<figure class=\"wp-caption\">\n\t\t\t\t\t\t\t\t\t\t<img decoding=\"async\" src=\"https:\/\/secondsouffle.co\/wp-content\/uploads\/elementor\/thumbs\/deco-jaune-et-violet-p7pb8lkbaku2ywvz27pl0n4b3xvnnfc1qhnxlotnk8.jpg\" title=\"deco jaune et violet\" alt=\"deco jaune et violet\" loading=\"lazy\" \/>\t\t\t\t\t\t\t\t\t\t\t<figcaption class=\"widget-image-caption wp-caption-text\">Source : Pinterest<\/figcaption>\n\t\t\t\t\t\t\t\t\t\t<\/figure>\n\t\t\t\t\t\t\t\t\t<\/div>\n\t\t\t\t<\/div>\n\t\t\t\t<div class=\"elementor-element elementor-element-5d1c719 ha-has-bg-overlay elementor-widget elementor-widget-heading\" data-id=\"5d1c719\" data-element_type=\"widget\" data-e-type=\"widget\" data-widget_type=\"heading.default\">\n\t\t\t\t<div class=\"elementor-widget-container\">\n\t\t\t\t\t<h4 class=\"elementor-heading-title elementor-size-default\">Le violet<\/h4>\t\t\t\t<\/div>\n\t\t\t\t<\/div>\n\t\t\t\t<div class=\"elementor-element elementor-element-e20de0f elementor-widget elementor-widget-text-editor\" data-id=\"e20de0f\" data-element_type=\"widget\" data-e-type=\"widget\" data-widget_type=\"text-editor.default\">\n\t\t\t\t<div class=\"elementor-widget-container\">\n\t\t\t\t\t\t\t\t\t<p>C\u2019est la couleur compl\u00e9mentaire du jaune. Il forme un duo de choc car <strong>chaque couleur intensifie l\u2019autre.<\/strong> Un accord chaud-froid donnant un effet tr\u00e8s original !<\/p>\t\t\t\t\t\t\t\t<\/div>\n\t\t\t\t<\/div>\n\t\t\t\t\t<\/div>\n\t\t<\/div>\n\t\t\t\t\t<\/div>\n\t\t<\/section>\n\t\t\t\t<section class=\"elementor-section elementor-top-section elementor-element elementor-element-09713b9 elementor-section-boxed elementor-section-height-default elementor-section-height-default\" data-id=\"09713b9\" data-element_type=\"section\" data-e-type=\"section\" data-settings=\"{&quot;_ha_eqh_enable&quot;:false}\">\n\t\t\t\t\t\t<div class=\"elementor-container elementor-column-gap-default\">\n\t\t\t\t\t<div class=\"elementor-column elementor-col-100 elementor-top-column elementor-element elementor-element-c4e82cd\" data-id=\"c4e82cd\" data-element_type=\"column\" data-e-type=\"column\">\n\t\t\t<div class=\"elementor-widget-wrap elementor-element-populated\">\n\t\t\t\t\t\t<div class=\"elementor-element elementor-element-9643b4b elementor-widget elementor-widget-spacer\" data-id=\"9643b4b\" data-element_type=\"widget\" data-e-type=\"widget\" data-widget_type=\"spacer.default\">\n\t\t\t\t<div class=\"elementor-widget-container\">\n\t\t\t\t\t\t\t<div class=\"elementor-spacer\">\n\t\t\t<div class=\"elementor-spacer-inner\"><\/div>\n\t\t<\/div>\n\t\t\t\t\t\t<\/div>\n\t\t\t\t<\/div>\n\t\t\t\t<div class=\"elementor-element elementor-element-f525a18 ha-has-bg-overlay elementor-widget elementor-widget-heading\" data-id=\"f525a18\" data-element_type=\"widget\" data-e-type=\"widget\" data-widget_type=\"heading.default\">\n\t\t\t\t<div class=\"elementor-widget-container\">\n\t\t\t\t\t<h3 class=\"elementor-heading-title elementor-size-default\">L'orange : la douceur tonique <\/h3>\t\t\t\t<\/div>\n\t\t\t\t<\/div>\n\t\t\t\t<div class=\"elementor-element elementor-element-85e4d5a elementor-widget elementor-widget-text-editor\" data-id=\"85e4d5a\" data-element_type=\"widget\" data-e-type=\"widget\" data-widget_type=\"text-editor.default\">\n\t\t\t\t<div class=\"elementor-widget-container\">\n\t\t\t\t\t\t\t\t\t<p><strong>Son message :<\/strong> cette couleur a l\u2019avantage de combiner les qualit\u00e9s \u00e9nerg\u00e9tiques du rouge \u00e0 la luminosit\u00e9 du jaune. C\u2019est donc une couleur tr\u00e8s joyeuse et stimulante sans \u00eatre exitante. Dans ses nuances les plus vives, l\u2019orange combat la d\u00e9pression et la tristesse, tandis que ses tonalit\u00e9s plus p\u00e2les aident \u00e0 r\u00e9tablir l\u2019\u00e9quilibre nerveux. <strong>On l\u2019utilise pour quelle(s) pi\u00e8ce(s) ?<\/strong> Elle est symbole de mouvement et de vie. L\u2019orange aura alors toute sa place dans les zones de circulation et de passage (couloir, entr\u00e9e) ou de convivialit\u00e9 (salon, cuisine).<\/p>\t\t\t\t\t\t\t\t<\/div>\n\t\t\t\t<\/div>\n\t\t\t\t<div class=\"elementor-element elementor-element-9148dfc elementor-blockquote--skin-border elementor-widget elementor-widget-blockquote\" data-id=\"9148dfc\" data-element_type=\"widget\" data-e-type=\"widget\" data-widget_type=\"blockquote.default\">\n\t\t\t\t<div class=\"elementor-widget-container\">\n\t\t\t\t\t\t\t<blockquote class=\"elementor-blockquote\">\n\t\t\t<p class=\"elementor-blockquote__content\">\n\t\t\t\tLa nuance orange confite a \u00e9t\u00e9 \u00e9lue couleur de l\u2019ann\u00e9e en 2015 par l\u2019institut Pantone !\t\t\t<\/p>\n\t\t\t\t\t<\/blockquote>\n\t\t\t\t\t\t<\/div>\n\t\t\t\t<\/div>\n\t\t\t\t<div class=\"elementor-element elementor-element-94d7d36 elementor-widget elementor-widget-text-editor\" data-id=\"94d7d36\" data-element_type=\"widget\" data-e-type=\"widget\" data-widget_type=\"text-editor.default\">\n\t\t\t\t<div class=\"elementor-widget-container\">\n\t\t\t\t\t\t\t\t\t<p>Les associations de couleurs : l&rsquo;orange se marie parfaitement avec\u00a0<\/p>\t\t\t\t\t\t\t\t<\/div>\n\t\t\t\t<\/div>\n\t\t\t\t\t<\/div>\n\t\t<\/div>\n\t\t\t\t\t<\/div>\n\t\t<\/section>\n\t\t\t\t<section class=\"elementor-section elementor-top-section elementor-element elementor-element-f8370ce elementor-section-boxed elementor-section-height-default elementor-section-height-default\" data-id=\"f8370ce\" data-element_type=\"section\" data-e-type=\"section\" data-settings=\"{&quot;_ha_eqh_enable&quot;:false}\">\n\t\t\t\t\t\t<div class=\"elementor-container elementor-column-gap-default\">\n\t\t\t\t\t<div class=\"elementor-column elementor-col-25 elementor-top-column elementor-element elementor-element-de43d1c\" data-id=\"de43d1c\" data-element_type=\"column\" data-e-type=\"column\">\n\t\t\t<div class=\"elementor-widget-wrap elementor-element-populated\">\n\t\t\t\t\t\t<div class=\"elementor-element elementor-element-ebb2359 elementor-widget elementor-widget-image\" data-id=\"ebb2359\" data-element_type=\"widget\" data-e-type=\"widget\" data-widget_type=\"image.default\">\n\t\t\t\t<div class=\"elementor-widget-container\">\n\t\t\t\t\t\t\t\t\t\t\t\t<figure class=\"wp-caption\">\n\t\t\t\t\t\t\t\t\t\t<img decoding=\"async\" src=\"https:\/\/secondsouffle.co\/wp-content\/uploads\/elementor\/thumbs\/association-orange-et-gris-p7pb8fxa5kmd1945z59tlojjjmngd8pnppr0q120lk.jpg\" title=\"association orange et gris\" alt=\"association orange et gris\" loading=\"lazy\" \/>\t\t\t\t\t\t\t\t\t\t\t<figcaption class=\"widget-image-caption wp-caption-text\">Source : Pinterest<\/figcaption>\n\t\t\t\t\t\t\t\t\t\t<\/figure>\n\t\t\t\t\t\t\t\t\t<\/div>\n\t\t\t\t<\/div>\n\t\t\t\t<div class=\"elementor-element elementor-element-ef7dbe0 ha-has-bg-overlay elementor-widget elementor-widget-heading\" data-id=\"ef7dbe0\" data-element_type=\"widget\" data-e-type=\"widget\" data-widget_type=\"heading.default\">\n\t\t\t\t<div class=\"elementor-widget-container\">\n\t\t\t\t\t<h4 class=\"elementor-heading-title elementor-size-default\">Le gris <\/h4>\t\t\t\t<\/div>\n\t\t\t\t<\/div>\n\t\t\t\t<div class=\"elementor-element elementor-element-efb565c elementor-widget elementor-widget-text-editor\" data-id=\"efb565c\" data-element_type=\"widget\" data-e-type=\"widget\" data-widget_type=\"text-editor.default\">\n\t\t\t\t<div class=\"elementor-widget-container\">\n\t\t\t\t\t\t\t\t\t<p>Le contraste entre ton neutre et couleur \u00e9clatante <strong>provoque un apport d\u2019\u00e9nergie \u00e0 la pi\u00e8ce.<\/strong> C\u2019est une combinaison tr\u00e8s appr\u00e9ci\u00e9e dans les styles contemporains et industriels.<\/p>\t\t\t\t\t\t\t\t<\/div>\n\t\t\t\t<\/div>\n\t\t\t\t\t<\/div>\n\t\t<\/div>\n\t\t\t\t<div class=\"elementor-column elementor-col-25 elementor-top-column elementor-element elementor-element-bdab582\" data-id=\"bdab582\" data-element_type=\"column\" data-e-type=\"column\">\n\t\t\t<div class=\"elementor-widget-wrap elementor-element-populated\">\n\t\t\t\t\t\t<div class=\"elementor-element elementor-element-74ba9ae elementor-widget elementor-widget-image\" data-id=\"74ba9ae\" data-element_type=\"widget\" data-e-type=\"widget\" data-widget_type=\"image.default\">\n\t\t\t\t<div class=\"elementor-widget-container\">\n\t\t\t\t\t\t\t\t\t\t\t\t<figure class=\"wp-caption\">\n\t\t\t\t\t\t\t\t\t\t<img decoding=\"async\" src=\"https:\/\/secondsouffle.co\/wp-content\/uploads\/elementor\/thumbs\/association-orange-et-rose-p7pb83pdoq5mublwyhzo79mjtmbol6d5c19phfk4ug.jpg\" title=\"association orange et rose\" alt=\"association orange et rose\" loading=\"lazy\" \/>\t\t\t\t\t\t\t\t\t\t\t<figcaption class=\"widget-image-caption wp-caption-text\">Source : Pinterest<\/figcaption>\n\t\t\t\t\t\t\t\t\t\t<\/figure>\n\t\t\t\t\t\t\t\t\t<\/div>\n\t\t\t\t<\/div>\n\t\t\t\t<div class=\"elementor-element elementor-element-16825b4 ha-has-bg-overlay elementor-widget elementor-widget-heading\" data-id=\"16825b4\" data-element_type=\"widget\" data-e-type=\"widget\" data-widget_type=\"heading.default\">\n\t\t\t\t<div class=\"elementor-widget-container\">\n\t\t\t\t\t<h4 class=\"elementor-heading-title elementor-size-default\">Le rose <\/h4>\t\t\t\t<\/div>\n\t\t\t\t<\/div>\n\t\t\t\t<div class=\"elementor-element elementor-element-f315b52 elementor-widget elementor-widget-text-editor\" data-id=\"f315b52\" data-element_type=\"widget\" data-e-type=\"widget\" data-widget_type=\"text-editor.default\">\n\t\t\t\t<div class=\"elementor-widget-container\">\n\t\t\t\t\t\t\t\t\t<p>Pour donner un <strong>esprit ethnique \u00e0 votre pi\u00e8ce.<\/strong> Ces deux coloris expriment la joie de vivre, l\u2019opulence, la sensualit\u00e9. On les appr\u00e9cie beaucoup dans les pi\u00e8ces \u00e0 vivre ou dans les chambres mais \u00e0 petites doses.<\/p>\t\t\t\t\t\t\t\t<\/div>\n\t\t\t\t<\/div>\n\t\t\t\t\t<\/div>\n\t\t<\/div>\n\t\t\t\t<div class=\"elementor-column elementor-col-25 elementor-top-column elementor-element elementor-element-c669b3a\" data-id=\"c669b3a\" data-element_type=\"column\" data-e-type=\"column\">\n\t\t\t<div class=\"elementor-widget-wrap elementor-element-populated\">\n\t\t\t\t\t\t<div class=\"elementor-element elementor-element-fa1ac46 elementor-widget elementor-widget-image\" data-id=\"fa1ac46\" data-element_type=\"widget\" data-e-type=\"widget\" data-widget_type=\"image.default\">\n\t\t\t\t<div class=\"elementor-widget-container\">\n\t\t\t\t\t\t\t\t\t\t\t\t<figure class=\"wp-caption\">\n\t\t\t\t\t\t\t\t\t\t<img decoding=\"async\" src=\"https:\/\/secondsouffle.co\/wp-content\/uploads\/elementor\/thumbs\/association-orange-et-bleu-p7pb8aa90ken3lccw2u26pyrzbf93239oxu3udadmw.jpg\" title=\"association orange et bleu\" alt=\"association orange et bleu\" loading=\"lazy\" \/>\t\t\t\t\t\t\t\t\t\t\t<figcaption class=\"widget-image-caption wp-caption-text\">Source : Pinterest<\/figcaption>\n\t\t\t\t\t\t\t\t\t\t<\/figure>\n\t\t\t\t\t\t\t\t\t<\/div>\n\t\t\t\t<\/div>\n\t\t\t\t<div class=\"elementor-element elementor-element-6be9ee5 ha-has-bg-overlay elementor-widget elementor-widget-heading\" data-id=\"6be9ee5\" data-element_type=\"widget\" data-e-type=\"widget\" data-widget_type=\"heading.default\">\n\t\t\t\t<div class=\"elementor-widget-container\">\n\t\t\t\t\t<h4 class=\"elementor-heading-title elementor-size-default\">Le bleu<\/h4>\t\t\t\t<\/div>\n\t\t\t\t<\/div>\n\t\t\t\t<div class=\"elementor-element elementor-element-d302268 elementor-widget elementor-widget-text-editor\" data-id=\"d302268\" data-element_type=\"widget\" data-e-type=\"widget\" data-widget_type=\"text-editor.default\">\n\t\t\t\t<div class=\"elementor-widget-container\">\n\t\t\t\t\t\t\t\t\t<p>C\u2019est la couleur compl\u00e9mentaire de l&rsquo;orange. <strong>Un accord vivifiant car l\u2019orange accentue la profondeur du bleu et le bleu rend l\u2019orange encore plus lumineux.<\/strong> Une combinaison parfaite pour mettre en valeur un petit espace.<\/p>\t\t\t\t\t\t\t\t<\/div>\n\t\t\t\t<\/div>\n\t\t\t\t\t<\/div>\n\t\t<\/div>\n\t\t\t\t<div class=\"elementor-column elementor-col-25 elementor-top-column elementor-element elementor-element-700a84c\" data-id=\"700a84c\" data-element_type=\"column\" data-e-type=\"column\">\n\t\t\t<div class=\"elementor-widget-wrap elementor-element-populated\">\n\t\t\t\t\t\t<div class=\"elementor-element elementor-element-3fbab76 elementor-widget elementor-widget-image\" data-id=\"3fbab76\" data-element_type=\"widget\" data-e-type=\"widget\" data-widget_type=\"image.default\">\n\t\t\t\t<div class=\"elementor-widget-container\">\n\t\t\t\t\t\t\t\t\t\t\t\t<figure class=\"wp-caption\">\n\t\t\t\t\t\t\t\t\t\t<img decoding=\"async\" src=\"https:\/\/secondsouffle.co\/wp-content\/uploads\/elementor\/thumbs\/Salon-orange-pdg35sfcs2vsgn994k3duisrrcp8423328gstmfvrc.jpg\" title=\"Salon-orange\" alt=\"Salon-orange\" loading=\"lazy\" \/>\t\t\t\t\t\t\t\t\t\t\t<figcaption class=\"widget-image-caption wp-caption-text\">Source : Pinterest<\/figcaption>\n\t\t\t\t\t\t\t\t\t\t<\/figure>\n\t\t\t\t\t\t\t\t\t<\/div>\n\t\t\t\t<\/div>\n\t\t\t\t<div class=\"elementor-element elementor-element-50cd023 ha-has-bg-overlay elementor-widget elementor-widget-heading\" data-id=\"50cd023\" data-element_type=\"widget\" data-e-type=\"widget\" data-widget_type=\"heading.default\">\n\t\t\t\t<div class=\"elementor-widget-container\">\n\t\t\t\t\t<h4 class=\"elementor-heading-title elementor-size-default\">Les coloris neutres<\/h4>\t\t\t\t<\/div>\n\t\t\t\t<\/div>\n\t\t\t\t<div class=\"elementor-element elementor-element-dcfd576 elementor-widget elementor-widget-text-editor\" data-id=\"dcfd576\" data-element_type=\"widget\" data-e-type=\"widget\" data-widget_type=\"text-editor.default\">\n\t\t\t\t<div class=\"elementor-widget-container\">\n\t\t\t\t\t\t\t\t\t<p>Ces coloris (beige, lin, taupe) <strong>adoucissent la pr\u00e9sence de l\u2019orange.<\/strong> L\u2019orange et le neutre forment une belle harmonie qui permet de cr\u00e9er des ambiances agr\u00e9ables \u00e0 vivre pour tous les styles.<\/p>\t\t\t\t\t\t\t\t<\/div>\n\t\t\t\t<\/div>\n\t\t\t\t\t<\/div>\n\t\t<\/div>\n\t\t\t\t\t<\/div>\n\t\t<\/section>\n\t\t\t\t<section class=\"elementor-section elementor-top-section elementor-element elementor-element-ea93d70 elementor-section-boxed elementor-section-height-default elementor-section-height-default\" data-id=\"ea93d70\" data-element_type=\"section\" data-e-type=\"section\" data-settings=\"{&quot;_ha_eqh_enable&quot;:false}\">\n\t\t\t\t\t\t<div class=\"elementor-container elementor-column-gap-default\">\n\t\t\t\t\t<div class=\"elementor-column elementor-col-100 elementor-top-column elementor-element elementor-element-1b0b688\" data-id=\"1b0b688\" data-element_type=\"column\" data-e-type=\"column\">\n\t\t\t<div class=\"elementor-widget-wrap elementor-element-populated\">\n\t\t\t\t\t\t<div class=\"elementor-element elementor-element-f827141 elementor-widget elementor-widget-spacer\" data-id=\"f827141\" data-element_type=\"widget\" data-e-type=\"widget\" data-widget_type=\"spacer.default\">\n\t\t\t\t<div class=\"elementor-widget-container\">\n\t\t\t\t\t\t\t<div class=\"elementor-spacer\">\n\t\t\t<div class=\"elementor-spacer-inner\"><\/div>\n\t\t<\/div>\n\t\t\t\t\t\t<\/div>\n\t\t\t\t<\/div>\n\t\t\t\t<div class=\"elementor-element elementor-element-b8bbeeb ha-has-bg-overlay elementor-widget elementor-widget-heading\" data-id=\"b8bbeeb\" data-element_type=\"widget\" data-e-type=\"widget\" data-widget_type=\"heading.default\">\n\t\t\t\t<div class=\"elementor-widget-container\">\n\t\t\t\t\t<h3 class=\"elementor-heading-title elementor-size-default\">Le rose : l\u2019\u00e9nergie positive<\/h3>\t\t\t\t<\/div>\n\t\t\t\t<\/div>\n\t\t\t\t<div class=\"elementor-element elementor-element-27ebe6c elementor-widget elementor-widget-text-editor\" data-id=\"27ebe6c\" data-element_type=\"widget\" data-e-type=\"widget\" data-widget_type=\"text-editor.default\">\n\t\t\t\t<div class=\"elementor-widget-container\">\n\t\t\t\t\t\t\t\t\t<p><strong>Son message :<\/strong> je sais d\u00e9j\u00e0 ce que vous vous dites : \u201cle rose est une couleur de fille ou cette couleur fait trop boudoir\u201d. Mais d\u00e9trompez-vous, tout d\u00e9pendra de la nuance que vous avez choisie ! Chaque nuance a un message et un univers particulier. Le rose est synonyme de douceur, de bonne humeur, de luminosit\u00e9 et de vitalit\u00e9.<strong> On l\u2019utilise pour quelle(s) pi\u00e8ce(s) ?<\/strong> C\u2019est une teinte qui d\u00e9borde d\u2019\u00e9nergie et qui trouvera parfaitement sa place dans toutes les pi\u00e8ces (entr\u00e9e, salon, salle de bains, cuisine et m\u00eame la chambre).<\/p>\t\t\t\t\t\t\t\t<\/div>\n\t\t\t\t<\/div>\n\t\t\t\t<div class=\"elementor-element elementor-element-dc49528 elementor-blockquote--skin-border elementor-widget elementor-widget-blockquote\" data-id=\"dc49528\" data-element_type=\"widget\" data-e-type=\"widget\" data-widget_type=\"blockquote.default\">\n\t\t\t\t<div class=\"elementor-widget-container\">\n\t\t\t\t\t\t\t<blockquote class=\"elementor-blockquote\">\n\t\t\t<p class=\"elementor-blockquote__content\">\n\t\t\t\tLa nuance rose quartz  a \u00e9t\u00e9 \u00e9lue couleur de l\u2019ann\u00e9e en 2016 par l\u2019institut Pantone !\t\t\t<\/p>\n\t\t\t\t\t<\/blockquote>\n\t\t\t\t\t\t<\/div>\n\t\t\t\t<\/div>\n\t\t\t\t<div class=\"elementor-element elementor-element-7ba5210 elementor-widget elementor-widget-text-editor\" data-id=\"7ba5210\" data-element_type=\"widget\" data-e-type=\"widget\" data-widget_type=\"text-editor.default\">\n\t\t\t\t<div class=\"elementor-widget-container\">\n\t\t\t\t\t\t\t\t\t<p>Les associations de couleurs : le rose se marie parfaitement avec\u00a0<\/p>\t\t\t\t\t\t\t\t<\/div>\n\t\t\t\t<\/div>\n\t\t\t\t\t<\/div>\n\t\t<\/div>\n\t\t\t\t\t<\/div>\n\t\t<\/section>\n\t\t\t\t<section class=\"elementor-section elementor-top-section elementor-element elementor-element-b087518 elementor-section-boxed elementor-section-height-default elementor-section-height-default\" data-id=\"b087518\" data-element_type=\"section\" data-e-type=\"section\" data-settings=\"{&quot;_ha_eqh_enable&quot;:false}\">\n\t\t\t\t\t\t<div class=\"elementor-container elementor-column-gap-default\">\n\t\t\t\t\t<div class=\"elementor-column elementor-col-25 elementor-top-column elementor-element elementor-element-4190084\" data-id=\"4190084\" data-element_type=\"column\" data-e-type=\"column\">\n\t\t\t<div class=\"elementor-widget-wrap elementor-element-populated\">\n\t\t\t\t\t\t<div class=\"elementor-element elementor-element-cc42147 elementor-widget elementor-widget-image\" data-id=\"cc42147\" data-element_type=\"widget\" data-e-type=\"widget\" data-widget_type=\"image.default\">\n\t\t\t\t<div class=\"elementor-widget-container\">\n\t\t\t\t\t\t\t\t\t\t\t\t<figure class=\"wp-caption\">\n\t\t\t\t\t\t\t\t\t\t<img decoding=\"async\" src=\"https:\/\/secondsouffle.co\/wp-content\/uploads\/elementor\/thumbs\/association-rouge-et-rose-p7pb7sfbepq6z02asd45dch0ozva0t4dahfvq40ux4.jpg\" title=\"association rouge et rose\" alt=\"association rouge et rose\" loading=\"lazy\" \/>\t\t\t\t\t\t\t\t\t\t\t<figcaption class=\"widget-image-caption wp-caption-text\">Source : Pinterest<\/figcaption>\n\t\t\t\t\t\t\t\t\t\t<\/figure>\n\t\t\t\t\t\t\t\t\t<\/div>\n\t\t\t\t<\/div>\n\t\t\t\t<div class=\"elementor-element elementor-element-a096325 ha-has-bg-overlay elementor-widget elementor-widget-heading\" data-id=\"a096325\" data-element_type=\"widget\" data-e-type=\"widget\" data-widget_type=\"heading.default\">\n\t\t\t\t<div class=\"elementor-widget-container\">\n\t\t\t\t\t<h4 class=\"elementor-heading-title elementor-size-default\">Le rouge<\/h4>\t\t\t\t<\/div>\n\t\t\t\t<\/div>\n\t\t\t\t<div class=\"elementor-element elementor-element-f050133 elementor-widget elementor-widget-text-editor\" data-id=\"f050133\" data-element_type=\"widget\" data-e-type=\"widget\" data-widget_type=\"text-editor.default\">\n\t\t\t\t<div class=\"elementor-widget-container\">\n\t\t\t\t\t\t\t\t\t<p>Magnifique combinaison pour cr\u00e9er <strong>une ambiance boh\u00e8me.<\/strong> Une proximit\u00e9 sur le cercle chromatique qui fait que le rose et le rouge se m\u00e9langent sans difficult\u00e9s (en choisissant les bonnes teintes).<\/p>\t\t\t\t\t\t\t\t<\/div>\n\t\t\t\t<\/div>\n\t\t\t\t\t<\/div>\n\t\t<\/div>\n\t\t\t\t<div class=\"elementor-column elementor-col-25 elementor-top-column elementor-element elementor-element-9a39ef9\" data-id=\"9a39ef9\" data-element_type=\"column\" data-e-type=\"column\">\n\t\t\t<div class=\"elementor-widget-wrap elementor-element-populated\">\n\t\t\t\t\t\t<div class=\"elementor-element elementor-element-66e13e1 elementor-widget elementor-widget-image\" data-id=\"66e13e1\" data-element_type=\"widget\" data-e-type=\"widget\" data-widget_type=\"image.default\">\n\t\t\t\t<div class=\"elementor-widget-container\">\n\t\t\t\t\t\t\t\t\t\t\t\t<figure class=\"wp-caption\">\n\t\t\t\t\t\t\t\t\t\t<img decoding=\"async\" src=\"https:\/\/secondsouffle.co\/wp-content\/uploads\/elementor\/thumbs\/association-jaune-et-rose-p7pb7msa9pih1cahpaodydw94on2qmhz9piyug97yg.jpg\" title=\"association jaune et rose\" alt=\"association jaune et rose\" loading=\"lazy\" \/>\t\t\t\t\t\t\t\t\t\t\t<figcaption class=\"widget-image-caption wp-caption-text\">Source : Pinterest<\/figcaption>\n\t\t\t\t\t\t\t\t\t\t<\/figure>\n\t\t\t\t\t\t\t\t\t<\/div>\n\t\t\t\t<\/div>\n\t\t\t\t<div class=\"elementor-element elementor-element-468ae77 ha-has-bg-overlay elementor-widget elementor-widget-heading\" data-id=\"468ae77\" data-element_type=\"widget\" data-e-type=\"widget\" data-widget_type=\"heading.default\">\n\t\t\t\t<div class=\"elementor-widget-container\">\n\t\t\t\t\t<h4 class=\"elementor-heading-title elementor-size-default\">Le jaune<\/h4>\t\t\t\t<\/div>\n\t\t\t\t<\/div>\n\t\t\t\t<div class=\"elementor-element elementor-element-58a0b8f elementor-widget elementor-widget-text-editor\" data-id=\"58a0b8f\" data-element_type=\"widget\" data-e-type=\"widget\" data-widget_type=\"text-editor.default\">\n\t\t\t\t<div class=\"elementor-widget-container\">\n\t\t\t\t\t\t\t\t\t<p>Cette couleur permet <strong>d\u2019accentuer la luminosit\u00e9 du rose<\/strong>. Une combinaison qui apporte \u00e9nergie et douceur. Elle sera id\u00e9ale dans une chambre d\u2019enfant.<\/p>\t\t\t\t\t\t\t\t<\/div>\n\t\t\t\t<\/div>\n\t\t\t\t\t<\/div>\n\t\t<\/div>\n\t\t\t\t<div class=\"elementor-column elementor-col-25 elementor-top-column elementor-element elementor-element-8e899f2\" data-id=\"8e899f2\" data-element_type=\"column\" data-e-type=\"column\">\n\t\t\t<div class=\"elementor-widget-wrap elementor-element-populated\">\n\t\t\t\t\t\t<div class=\"elementor-element elementor-element-a2f2b8e elementor-widget elementor-widget-image\" data-id=\"a2f2b8e\" data-element_type=\"widget\" data-e-type=\"widget\" data-widget_type=\"image.default\">\n\t\t\t\t<div class=\"elementor-widget-container\">\n\t\t\t\t\t\t\t\t\t\t\t\t<figure class=\"wp-caption\">\n\t\t\t\t\t\t\t\t\t\t<img decoding=\"async\" src=\"https:\/\/secondsouffle.co\/wp-content\/uploads\/elementor\/thumbs\/association-bleu-et-rose-p7pb7h594par3oiom88mjfbhkdevgfvl8xm1yshkzs.jpg\" title=\"association bleu et rose\" alt=\"association bleu et rose\" loading=\"lazy\" \/>\t\t\t\t\t\t\t\t\t\t\t<figcaption class=\"widget-image-caption wp-caption-text\">Source : Pinterest<\/figcaption>\n\t\t\t\t\t\t\t\t\t\t<\/figure>\n\t\t\t\t\t\t\t\t\t<\/div>\n\t\t\t\t<\/div>\n\t\t\t\t<div class=\"elementor-element elementor-element-22072a1 ha-has-bg-overlay elementor-widget elementor-widget-heading\" data-id=\"22072a1\" data-element_type=\"widget\" data-e-type=\"widget\" data-widget_type=\"heading.default\">\n\t\t\t\t<div class=\"elementor-widget-container\">\n\t\t\t\t\t<h4 class=\"elementor-heading-title elementor-size-default\">Le bleu<\/h4>\t\t\t\t<\/div>\n\t\t\t\t<\/div>\n\t\t\t\t<div class=\"elementor-element elementor-element-61e479c elementor-widget elementor-widget-text-editor\" data-id=\"61e479c\" data-element_type=\"widget\" data-e-type=\"widget\" data-widget_type=\"text-editor.default\">\n\t\t\t\t<div class=\"elementor-widget-container\">\n\t\t\t\t\t\t\t\t\t<p><strong>Une combinaison chaud\/froid tr\u00e8s dynamique.<\/strong> Une combinaison qui apporte \u00e0 la pi\u00e8ce douceur et une certaine intimit\u00e9.<\/p>\t\t\t\t\t\t\t\t<\/div>\n\t\t\t\t<\/div>\n\t\t\t\t\t<\/div>\n\t\t<\/div>\n\t\t\t\t<div class=\"elementor-column elementor-col-25 elementor-top-column elementor-element elementor-element-6534404\" data-id=\"6534404\" data-element_type=\"column\" data-e-type=\"column\">\n\t\t\t<div class=\"elementor-widget-wrap elementor-element-populated\">\n\t\t\t\t\t\t<div class=\"elementor-element elementor-element-bb07157 elementor-widget elementor-widget-image\" data-id=\"bb07157\" data-element_type=\"widget\" data-e-type=\"widget\" data-widget_type=\"image.default\">\n\t\t\t\t<div class=\"elementor-widget-container\">\n\t\t\t\t\t\t\t\t\t\t\t\t<figure class=\"wp-caption\">\n\t\t\t\t\t\t\t\t\t\t<img decoding=\"async\" src=\"https:\/\/secondsouffle.co\/wp-content\/uploads\/elementor\/thumbs\/association-noir-et-rose-p7pb7bi7zp3160qvj5sv4gqq026o699785p534py14.jpg\" title=\"association noir et rose\" alt=\"association noir et rose\" loading=\"lazy\" \/>\t\t\t\t\t\t\t\t\t\t\t<figcaption class=\"widget-image-caption wp-caption-text\">Source : Pinterest<\/figcaption>\n\t\t\t\t\t\t\t\t\t\t<\/figure>\n\t\t\t\t\t\t\t\t\t<\/div>\n\t\t\t\t<\/div>\n\t\t\t\t<div class=\"elementor-element elementor-element-5d1b050 ha-has-bg-overlay elementor-widget elementor-widget-heading\" data-id=\"5d1b050\" data-element_type=\"widget\" data-e-type=\"widget\" data-widget_type=\"heading.default\">\n\t\t\t\t<div class=\"elementor-widget-container\">\n\t\t\t\t\t<h4 class=\"elementor-heading-title elementor-size-default\">Le noir <\/h4>\t\t\t\t<\/div>\n\t\t\t\t<\/div>\n\t\t\t\t<div class=\"elementor-element elementor-element-d6280a6 elementor-widget elementor-widget-text-editor\" data-id=\"d6280a6\" data-element_type=\"widget\" data-e-type=\"widget\" data-widget_type=\"text-editor.default\">\n\t\t\t\t<div class=\"elementor-widget-container\">\n\t\t\t\t\t\t\t\t\t<p><strong>Un duo tr\u00e8s sensuel, luxueux et f\u00e9minin !<\/strong> Pour les pi\u00e8ces \u00e0 vivre, un rose soutenu et chaleureux sera agr\u00e9able \u00e0 vivre et magnifique avec les \u00e9clairages du soir.<\/p>\t\t\t\t\t\t\t\t<\/div>\n\t\t\t\t<\/div>\n\t\t\t\t\t<\/div>\n\t\t<\/div>\n\t\t\t\t\t<\/div>\n\t\t<\/section>\n\t\t\t\t<section class=\"elementor-section elementor-top-section elementor-element elementor-element-9fb87f5 elementor-section-boxed elementor-section-height-default elementor-section-height-default\" data-id=\"9fb87f5\" data-element_type=\"section\" data-e-type=\"section\" data-settings=\"{&quot;_ha_eqh_enable&quot;:false}\">\n\t\t\t\t\t\t<div class=\"elementor-container elementor-column-gap-default\">\n\t\t\t\t\t<div class=\"elementor-column elementor-col-100 elementor-top-column elementor-element elementor-element-4edaab5\" data-id=\"4edaab5\" data-element_type=\"column\" data-e-type=\"column\">\n\t\t\t<div class=\"elementor-widget-wrap elementor-element-populated\">\n\t\t\t\t\t\t<div class=\"elementor-element elementor-element-3dca39d elementor-widget elementor-widget-spacer\" data-id=\"3dca39d\" data-element_type=\"widget\" data-e-type=\"widget\" data-widget_type=\"spacer.default\">\n\t\t\t\t<div class=\"elementor-widget-container\">\n\t\t\t\t\t\t\t<div class=\"elementor-spacer\">\n\t\t\t<div class=\"elementor-spacer-inner\"><\/div>\n\t\t<\/div>\n\t\t\t\t\t\t<\/div>\n\t\t\t\t<\/div>\n\t\t\t\t<div class=\"elementor-element elementor-element-af5553b ha-has-bg-overlay elementor-widget elementor-widget-heading\" data-id=\"af5553b\" data-element_type=\"widget\" data-e-type=\"widget\" data-widget_type=\"heading.default\">\n\t\t\t\t<div class=\"elementor-widget-container\">\n\t\t\t\t\t<h3 class=\"elementor-heading-title elementor-size-default\">Le rouge : la passion en action<\/h3>\t\t\t\t<\/div>\n\t\t\t\t<\/div>\n\t\t\t\t<div class=\"elementor-element elementor-element-79a5f5d elementor-widget elementor-widget-text-editor\" data-id=\"79a5f5d\" data-element_type=\"widget\" data-e-type=\"widget\" data-widget_type=\"text-editor.default\">\n\t\t\t\t<div class=\"elementor-widget-container\">\n\t\t\t\t\t\t\t\t\t<p><strong>Son message :<\/strong> une couleur passionnelle et chaleureuse qui apporte de la convivialit\u00e9, du dynamisme et de la force aux pi\u00e8ces qui ont besoin de cette vive \u00e9nergie. Le rouge donne beaucoup d\u2019\u00e9nergie mais dans ses tonalit\u00e9s les plus puissantes, cette couleur \u00e9nerve. <strong>On l\u2019utilise pour quelle(s) pi\u00e8ce(s) ?<\/strong> Couleur id\u00e9ale pour les espaces d\u2019action, de convivialit\u00e9 et de passage comme les halls d\u2019entr\u00e9e, couloirs, cuisines, salons\u2026<\/p>\t\t\t\t\t\t\t\t<\/div>\n\t\t\t\t<\/div>\n\t\t\t\t<div class=\"elementor-element elementor-element-240ddfe elementor-blockquote--skin-border elementor-widget elementor-widget-blockquote\" data-id=\"240ddfe\" data-element_type=\"widget\" data-e-type=\"widget\" data-widget_type=\"blockquote.default\">\n\t\t\t\t<div class=\"elementor-widget-container\">\n\t\t\t\t\t\t\t<blockquote class=\"elementor-blockquote\">\n\t\t\t<p class=\"elementor-blockquote__content\">\n\t\t\t\tLe rouge a une qualit\u00e9 tr\u00e8s appr\u00e9ci\u00e9e des restaurateurs : il excite notre app\u00e9tit ! \t\t\t<\/p>\n\t\t\t\t\t<\/blockquote>\n\t\t\t\t\t\t<\/div>\n\t\t\t\t<\/div>\n\t\t\t\t<div class=\"elementor-element elementor-element-1a11c08 elementor-widget elementor-widget-text-editor\" data-id=\"1a11c08\" data-element_type=\"widget\" data-e-type=\"widget\" data-widget_type=\"text-editor.default\">\n\t\t\t\t<div class=\"elementor-widget-container\">\n\t\t\t\t\t\t\t\t\t<p>Les associations de couleurs : le rouge se marie parfaitement avec\u00a0<\/p>\t\t\t\t\t\t\t\t<\/div>\n\t\t\t\t<\/div>\n\t\t\t\t\t<\/div>\n\t\t<\/div>\n\t\t\t\t\t<\/div>\n\t\t<\/section>\n\t\t\t\t<section class=\"elementor-section elementor-top-section elementor-element elementor-element-5bb49a4 elementor-section-boxed elementor-section-height-default elementor-section-height-default\" data-id=\"5bb49a4\" data-element_type=\"section\" data-e-type=\"section\" data-settings=\"{&quot;_ha_eqh_enable&quot;:false}\">\n\t\t\t\t\t\t<div class=\"elementor-container elementor-column-gap-default\">\n\t\t\t\t\t<div class=\"elementor-column elementor-col-25 elementor-top-column elementor-element elementor-element-ee613f9\" data-id=\"ee613f9\" data-element_type=\"column\" data-e-type=\"column\">\n\t\t\t<div class=\"elementor-widget-wrap elementor-element-populated\">\n\t\t\t\t\t\t<div class=\"elementor-element elementor-element-64cf3fa elementor-widget elementor-widget-image\" data-id=\"64cf3fa\" data-element_type=\"widget\" data-e-type=\"widget\" data-widget_type=\"image.default\">\n\t\t\t\t<div class=\"elementor-widget-container\">\n\t\t\t\t\t\t\t\t\t\t\t\t<figure class=\"wp-caption\">\n\t\t\t\t\t\t\t\t\t\t<img decoding=\"async\" src=\"https:\/\/secondsouffle.co\/wp-content\/uploads\/elementor\/thumbs\/association-rouge-taupe-p7pb74xcnuu0wr0flkyh50ehud33odj2v94qq6zp8o.jpg\" title=\"association rouge taupe\" alt=\"association rouge taupe\" loading=\"lazy\" \/>\t\t\t\t\t\t\t\t\t\t\t<figcaption class=\"widget-image-caption wp-caption-text\">Source : Pinterest<\/figcaption>\n\t\t\t\t\t\t\t\t\t\t<\/figure>\n\t\t\t\t\t\t\t\t\t<\/div>\n\t\t\t\t<\/div>\n\t\t\t\t<div class=\"elementor-element elementor-element-077edf1 ha-has-bg-overlay elementor-widget elementor-widget-heading\" data-id=\"077edf1\" data-element_type=\"widget\" data-e-type=\"widget\" data-widget_type=\"heading.default\">\n\t\t\t\t<div class=\"elementor-widget-container\">\n\t\t\t\t\t<h4 class=\"elementor-heading-title elementor-size-default\">Les tons neutres<\/h4>\t\t\t\t<\/div>\n\t\t\t\t<\/div>\n\t\t\t\t<div class=\"elementor-element elementor-element-5785c86 elementor-widget elementor-widget-text-editor\" data-id=\"5785c86\" data-element_type=\"widget\" data-e-type=\"widget\" data-widget_type=\"text-editor.default\">\n\t\t\t\t<div class=\"elementor-widget-container\">\n\t\t\t\t\t\t\t\t\t<p>Une combinaison qui <strong>modernise une ambiance \u00e9teinte et apporte l\u2019\u00e9nergie n\u00e9cessaire aux pi\u00e8ces de vie.<\/strong> Le rouge vif est l\u2019une des couleurs les plus revitalisantes pour les tons gris, beige ou taupe.<\/p>\t\t\t\t\t\t\t\t<\/div>\n\t\t\t\t<\/div>\n\t\t\t\t\t<\/div>\n\t\t<\/div>\n\t\t\t\t<div class=\"elementor-column elementor-col-25 elementor-top-column elementor-element elementor-element-9f76039\" data-id=\"9f76039\" data-element_type=\"column\" data-e-type=\"column\">\n\t\t\t<div class=\"elementor-widget-wrap elementor-element-populated\">\n\t\t\t\t\t\t<div class=\"elementor-element elementor-element-cc8ee00 elementor-widget elementor-widget-image\" data-id=\"cc8ee00\" data-element_type=\"widget\" data-e-type=\"widget\" data-widget_type=\"image.default\">\n\t\t\t\t<div class=\"elementor-widget-container\">\n\t\t\t\t\t\t\t\t\t\t\t\t<figure class=\"wp-caption\">\n\t\t\t\t\t\t\t\t\t\t<img decoding=\"async\" src=\"https:\/\/secondsouffle.co\/wp-content\/uploads\/elementor\/thumbs\/association-rouge-et-bleu-p7pb6zabiumaz38miiipq1tqa1uwe6wouh7tuj82a0.jpg\" title=\"association rouge et bleu\" alt=\"association rouge et bleu\" loading=\"lazy\" \/>\t\t\t\t\t\t\t\t\t\t\t<figcaption class=\"widget-image-caption wp-caption-text\">Source : Pinterest<\/figcaption>\n\t\t\t\t\t\t\t\t\t\t<\/figure>\n\t\t\t\t\t\t\t\t\t<\/div>\n\t\t\t\t<\/div>\n\t\t\t\t<div class=\"elementor-element elementor-element-f97db35 ha-has-bg-overlay elementor-widget elementor-widget-heading\" data-id=\"f97db35\" data-element_type=\"widget\" data-e-type=\"widget\" data-widget_type=\"heading.default\">\n\t\t\t\t<div class=\"elementor-widget-container\">\n\t\t\t\t\t<h4 class=\"elementor-heading-title elementor-size-default\">Le bleu<\/h4>\t\t\t\t<\/div>\n\t\t\t\t<\/div>\n\t\t\t\t<div class=\"elementor-element elementor-element-dac8afd elementor-widget elementor-widget-text-editor\" data-id=\"dac8afd\" data-element_type=\"widget\" data-e-type=\"widget\" data-widget_type=\"text-editor.default\">\n\t\t\t\t<div class=\"elementor-widget-container\">\n\t\t\t\t\t\t\t\t\t<p>Un duo <strong>au contraste puissant et tr\u00e8s \u00e9l\u00e9gant qui cr\u00e9e un choc graphique et visuel<\/strong> ! Le contraste est \u00e0 \u00e9quilibrer selon les besoins de la pi\u00e8ce : pour plus d\u2019\u00e9nergie, du rouge et pour davantage de calme, du bleu.<\/p>\t\t\t\t\t\t\t\t<\/div>\n\t\t\t\t<\/div>\n\t\t\t\t\t<\/div>\n\t\t<\/div>\n\t\t\t\t<div class=\"elementor-column elementor-col-25 elementor-top-column elementor-element elementor-element-202a1e0\" data-id=\"202a1e0\" data-element_type=\"column\" data-e-type=\"column\">\n\t\t\t<div class=\"elementor-widget-wrap elementor-element-populated\">\n\t\t\t\t\t\t<div class=\"elementor-element elementor-element-dc21d24 elementor-widget elementor-widget-image\" data-id=\"dc21d24\" data-element_type=\"widget\" data-e-type=\"widget\" data-widget_type=\"image.default\">\n\t\t\t\t<div class=\"elementor-widget-container\">\n\t\t\t\t\t\t\t\t\t\t\t\t<figure class=\"wp-caption\">\n\t\t\t\t\t\t\t\t\t\t<img decoding=\"async\" src=\"https:\/\/secondsouffle.co\/wp-content\/uploads\/elementor\/thumbs\/association-rouge-et-vert-p7pb6ul4kofvd1fg9yhkvl0fb4i2bpe15tyeg5f154.jpg\" title=\"association rouge et vert\" alt=\"association rouge et vert\" loading=\"lazy\" \/>\t\t\t\t\t\t\t\t\t\t\t<figcaption class=\"widget-image-caption wp-caption-text\">Source : Pinterest<\/figcaption>\n\t\t\t\t\t\t\t\t\t\t<\/figure>\n\t\t\t\t\t\t\t\t\t<\/div>\n\t\t\t\t<\/div>\n\t\t\t\t<div class=\"elementor-element elementor-element-2f275ba ha-has-bg-overlay elementor-widget elementor-widget-heading\" data-id=\"2f275ba\" data-element_type=\"widget\" data-e-type=\"widget\" data-widget_type=\"heading.default\">\n\t\t\t\t<div class=\"elementor-widget-container\">\n\t\t\t\t\t<h4 class=\"elementor-heading-title elementor-size-default\">Le vert<\/h4>\t\t\t\t<\/div>\n\t\t\t\t<\/div>\n\t\t\t\t<div class=\"elementor-element elementor-element-8cdcb4f elementor-widget elementor-widget-text-editor\" data-id=\"8cdcb4f\" data-element_type=\"widget\" data-e-type=\"widget\" data-widget_type=\"text-editor.default\">\n\t\t\t\t<div class=\"elementor-widget-container\">\n\t\t\t\t\t\t\t\t\t<p>C\u2019est la couleur compl\u00e9mentaire du rouge. <strong>Les deux couleurs s\u2019intensifient mutuellement<\/strong> mais elles ont un effet \u00e9nerg\u00e9tique inverse : le vert calme le rouge alors que le rouge r\u00e9veille le vert.<\/p>\t\t\t\t\t\t\t\t<\/div>\n\t\t\t\t<\/div>\n\t\t\t\t\t<\/div>\n\t\t<\/div>\n\t\t\t\t<div class=\"elementor-column elementor-col-25 elementor-top-column elementor-element elementor-element-ee51e49\" data-id=\"ee51e49\" data-element_type=\"column\" data-e-type=\"column\">\n\t\t\t<div class=\"elementor-widget-wrap elementor-element-populated\">\n\t\t\t\t\t\t<div class=\"elementor-element elementor-element-df06c57 elementor-widget elementor-widget-image\" data-id=\"df06c57\" data-element_type=\"widget\" data-e-type=\"widget\" data-widget_type=\"image.default\">\n\t\t\t\t<div class=\"elementor-widget-container\">\n\t\t\t\t\t\t\t\t\t\t\t\t<figure class=\"wp-caption\">\n\t\t\t\t\t\t\t\t\t\t<img decoding=\"async\" src=\"https:\/\/secondsouffle.co\/wp-content\/uploads\/elementor\/thumbs\/association-rouge-et-orange-p7pb6oy3fo85fdnn6w1tgmfnqt9v1irn521hkhne6g.jpg\" title=\"association rouge et orange\" alt=\"association rouge et orange\" loading=\"lazy\" \/>\t\t\t\t\t\t\t\t\t\t\t<figcaption class=\"widget-image-caption wp-caption-text\">Source : Pinterest<\/figcaption>\n\t\t\t\t\t\t\t\t\t\t<\/figure>\n\t\t\t\t\t\t\t\t\t<\/div>\n\t\t\t\t<\/div>\n\t\t\t\t<div class=\"elementor-element elementor-element-647640a ha-has-bg-overlay elementor-widget elementor-widget-heading\" data-id=\"647640a\" data-element_type=\"widget\" data-e-type=\"widget\" data-widget_type=\"heading.default\">\n\t\t\t\t<div class=\"elementor-widget-container\">\n\t\t\t\t\t<h4 class=\"elementor-heading-title elementor-size-default\">L'orange<\/h4>\t\t\t\t<\/div>\n\t\t\t\t<\/div>\n\t\t\t\t<div class=\"elementor-element elementor-element-e32d66f elementor-widget elementor-widget-text-editor\" data-id=\"e32d66f\" data-element_type=\"widget\" data-e-type=\"widget\" data-widget_type=\"text-editor.default\">\n\t\t\t\t<div class=\"elementor-widget-container\">\n\t\t\t\t\t\t\t\t\t<p>Magnifique combinaison <strong>pour cr\u00e9er une ambiance boh\u00e8me.<\/strong> Un accord parfait pour les pi\u00e8ces de vie car l\u2019orange adoucit l\u2019impact du rouge. Associ\u00e9es au rouge, ces deux couleurs donnent un espace tr\u00e8s convivial !<\/p>\t\t\t\t\t\t\t\t<\/div>\n\t\t\t\t<\/div>\n\t\t\t\t\t<\/div>\n\t\t<\/div>\n\t\t\t\t\t<\/div>\n\t\t<\/section>\n\t\t\t\t<section class=\"elementor-section elementor-top-section elementor-element elementor-element-351032b elementor-section-boxed elementor-section-height-default elementor-section-height-default\" data-id=\"351032b\" data-element_type=\"section\" data-e-type=\"section\" data-settings=\"{&quot;_ha_eqh_enable&quot;:false}\">\n\t\t\t\t\t\t<div class=\"elementor-container elementor-column-gap-default\">\n\t\t\t\t\t<div class=\"elementor-column elementor-col-100 elementor-top-column elementor-element elementor-element-d3adab1\" data-id=\"d3adab1\" data-element_type=\"column\" data-e-type=\"column\">\n\t\t\t<div class=\"elementor-widget-wrap elementor-element-populated\">\n\t\t\t\t\t\t<div class=\"elementor-element elementor-element-022c6bc elementor-widget elementor-widget-spacer\" data-id=\"022c6bc\" data-element_type=\"widget\" data-e-type=\"widget\" data-widget_type=\"spacer.default\">\n\t\t\t\t<div class=\"elementor-widget-container\">\n\t\t\t\t\t\t\t<div class=\"elementor-spacer\">\n\t\t\t<div class=\"elementor-spacer-inner\"><\/div>\n\t\t<\/div>\n\t\t\t\t\t\t<\/div>\n\t\t\t\t<\/div>\n\t\t\t\t\t<\/div>\n\t\t<\/div>\n\t\t\t\t\t<\/div>\n\t\t<\/section>\n\t\t\t\t<section class=\"elementor-section elementor-top-section elementor-element elementor-element-9b03d13 elementor-section-boxed elementor-section-height-default elementor-section-height-default\" data-id=\"9b03d13\" data-element_type=\"section\" data-e-type=\"section\" data-settings=\"{&quot;_ha_eqh_enable&quot;:false}\">\n\t\t\t\t\t\t<div class=\"elementor-container elementor-column-gap-default\">\n\t\t\t\t\t<div class=\"elementor-column elementor-col-100 elementor-top-column elementor-element elementor-element-deab18f\" data-id=\"deab18f\" data-element_type=\"column\" data-e-type=\"column\">\n\t\t\t<div class=\"elementor-widget-wrap elementor-element-populated\">\n\t\t\t\t\t\t<div class=\"elementor-element elementor-element-3b683af elementor-widget elementor-widget-spacer\" data-id=\"3b683af\" data-element_type=\"widget\" data-e-type=\"widget\" data-widget_type=\"spacer.default\">\n\t\t\t\t<div class=\"elementor-widget-container\">\n\t\t\t\t\t\t\t<div class=\"elementor-spacer\">\n\t\t\t<div class=\"elementor-spacer-inner\"><\/div>\n\t\t<\/div>\n\t\t\t\t\t\t<\/div>\n\t\t\t\t<\/div>\n\t\t\t\t<div class=\"elementor-element elementor-element-444ffd4 ha-has-bg-overlay elementor-widget elementor-widget-heading\" data-id=\"444ffd4\" data-element_type=\"widget\" data-e-type=\"widget\" data-widget_type=\"heading.default\">\n\t\t\t\t<div class=\"elementor-widget-container\">\n\t\t\t\t\t<h3 class=\"elementor-heading-title elementor-size-default\">Le violet : la couleur du r\u00eave<\/h3>\t\t\t\t<\/div>\n\t\t\t\t<\/div>\n\t\t\t\t<div class=\"elementor-element elementor-element-0606b4f elementor-widget elementor-widget-text-editor\" data-id=\"0606b4f\" data-element_type=\"widget\" data-e-type=\"widget\" data-widget_type=\"text-editor.default\">\n\t\t\t\t<div class=\"elementor-widget-container\">\n\t\t\t\t\t\t\t\t\t<p><strong>Son message :<\/strong> c\u2019est la couleur la plus froide et aussi la plus fascinante. Elle va apporter de la profondeur et du myst\u00e8re \u00e0 votre pi\u00e8ce. Le violet favorise la cr\u00e9ativit\u00e9, l\u2019intuition et la m\u00e9ditation. Cette nuance est id\u00e9ale pour agrandir les petits espaces, les tonalit\u00e9s claires comme le parme et le lilas apportent beaucoup de lumi\u00e8re et de fra\u00eecheur.\u00a0 <strong>On l\u2019utilise pour quelle(s) pi\u00e8ce(s) ?<\/strong> Le violet est parfait dans les pi\u00e8ces \u00e0 vivre pour son \u00e9l\u00e9gance, dans les chambres pour favoriser le sommeil et dans les espaces de travail pour d\u00e9velopper sa cr\u00e9ativit\u00e9.<\/p>\t\t\t\t\t\t\t\t<\/div>\n\t\t\t\t<\/div>\n\t\t\t\t<div class=\"elementor-element elementor-element-a62dd1d elementor-blockquote--skin-border elementor-widget elementor-widget-blockquote\" data-id=\"a62dd1d\" data-element_type=\"widget\" data-e-type=\"widget\" data-widget_type=\"blockquote.default\">\n\t\t\t\t<div class=\"elementor-widget-container\">\n\t\t\t\t\t\t\t<blockquote class=\"elementor-blockquote\">\n\t\t\t<p class=\"elementor-blockquote__content\">\n\t\t\t\tLe violet sait cr\u00e9er des atmosph\u00e8res intimistes, propice \u00e0 la lecture et au repos. \t\t\t<\/p>\n\t\t\t\t\t<\/blockquote>\n\t\t\t\t\t\t<\/div>\n\t\t\t\t<\/div>\n\t\t\t\t<div class=\"elementor-element elementor-element-e29a42a elementor-widget elementor-widget-text-editor\" data-id=\"e29a42a\" data-element_type=\"widget\" data-e-type=\"widget\" data-widget_type=\"text-editor.default\">\n\t\t\t\t<div class=\"elementor-widget-container\">\n\t\t\t\t\t\t\t\t\t<p>Les associations de couleurs : le violet se marie parfaitement avec\u00a0<\/p>\t\t\t\t\t\t\t\t<\/div>\n\t\t\t\t<\/div>\n\t\t\t\t\t<\/div>\n\t\t<\/div>\n\t\t\t\t\t<\/div>\n\t\t<\/section>\n\t\t\t\t<section class=\"elementor-section elementor-top-section elementor-element elementor-element-fde061f elementor-section-boxed elementor-section-height-default elementor-section-height-default\" data-id=\"fde061f\" data-element_type=\"section\" data-e-type=\"section\" data-settings=\"{&quot;_ha_eqh_enable&quot;:false}\">\n\t\t\t\t\t\t<div class=\"elementor-container elementor-column-gap-default\">\n\t\t\t\t\t<div class=\"elementor-column elementor-col-25 elementor-top-column elementor-element elementor-element-787a8dc\" data-id=\"787a8dc\" data-element_type=\"column\" data-e-type=\"column\">\n\t\t\t<div class=\"elementor-widget-wrap elementor-element-populated\">\n\t\t\t\t\t\t<div class=\"elementor-element elementor-element-f30cece elementor-widget elementor-widget-image\" data-id=\"f30cece\" data-element_type=\"widget\" data-e-type=\"widget\" data-widget_type=\"image.default\">\n\t\t\t\t<div class=\"elementor-widget-container\">\n\t\t\t\t\t\t\t\t\t\t\t\t<figure class=\"wp-caption\">\n\t\t\t\t\t\t\t\t\t\t<img decoding=\"async\" src=\"https:\/\/secondsouffle.co\/wp-content\/uploads\/elementor\/thumbs\/association-gris-et-violet-p7pb6cq6ytrf8g5e68ro27io0sy39gf4rdk6bw5ifc.jpg\" title=\"association gris et violet\" alt=\"association gris et violet\" loading=\"lazy\" \/>\t\t\t\t\t\t\t\t\t\t\t<figcaption class=\"widget-image-caption wp-caption-text\">Source : Pinterest<\/figcaption>\n\t\t\t\t\t\t\t\t\t\t<\/figure>\n\t\t\t\t\t\t\t\t\t<\/div>\n\t\t\t\t<\/div>\n\t\t\t\t<div class=\"elementor-element elementor-element-b3bddc7 ha-has-bg-overlay elementor-widget elementor-widget-heading\" data-id=\"b3bddc7\" data-element_type=\"widget\" data-e-type=\"widget\" data-widget_type=\"heading.default\">\n\t\t\t\t<div class=\"elementor-widget-container\">\n\t\t\t\t\t<h4 class=\"elementor-heading-title elementor-size-default\">Le gris<\/h4>\t\t\t\t<\/div>\n\t\t\t\t<\/div>\n\t\t\t\t<div class=\"elementor-element elementor-element-84332b8 elementor-widget elementor-widget-text-editor\" data-id=\"84332b8\" data-element_type=\"widget\" data-e-type=\"widget\" data-widget_type=\"text-editor.default\">\n\t\t\t\t<div class=\"elementor-widget-container\">\n\t\t\t\t\t\t\t\t\t<p><strong>Un duo pour une ambiance apaisante.<\/strong> Cette association est int\u00e9ressante pour les int\u00e9rieurs modernes car le violet apporte du chic et de l\u2019originalit\u00e9 et le parme beaucoup de douceur.<\/p>\t\t\t\t\t\t\t\t<\/div>\n\t\t\t\t<\/div>\n\t\t\t\t\t<\/div>\n\t\t<\/div>\n\t\t\t\t<div class=\"elementor-column elementor-col-25 elementor-top-column elementor-element elementor-element-836a0d6\" data-id=\"836a0d6\" data-element_type=\"column\" data-e-type=\"column\">\n\t\t\t<div class=\"elementor-widget-wrap elementor-element-populated\">\n\t\t\t\t\t\t<div class=\"elementor-element elementor-element-fc4b25f elementor-widget elementor-widget-image\" data-id=\"fc4b25f\" data-element_type=\"widget\" data-e-type=\"widget\" data-widget_type=\"image.default\">\n\t\t\t\t<div class=\"elementor-widget-container\">\n\t\t\t\t\t\t\t\t\t\t\t\t<figure class=\"wp-caption\">\n\t\t\t\t\t\t\t\t\t\t<img decoding=\"async\" src=\"https:\/\/secondsouffle.co\/wp-content\/uploads\/elementor\/thumbs\/association-vert-et-violet-p7pb6735ttjpasdl36bwn8xwghpvz9sqqln9g8dvgo.jpg\" title=\"association vert et violet\" alt=\"association vert et violet\" loading=\"lazy\" \/>\t\t\t\t\t\t\t\t\t\t\t<figcaption class=\"widget-image-caption wp-caption-text\">Source : Pinterest<\/figcaption>\n\t\t\t\t\t\t\t\t\t\t<\/figure>\n\t\t\t\t\t\t\t\t\t<\/div>\n\t\t\t\t<\/div>\n\t\t\t\t<div class=\"elementor-element elementor-element-402bde7 ha-has-bg-overlay elementor-widget elementor-widget-heading\" data-id=\"402bde7\" data-element_type=\"widget\" data-e-type=\"widget\" data-widget_type=\"heading.default\">\n\t\t\t\t<div class=\"elementor-widget-container\">\n\t\t\t\t\t<h4 class=\"elementor-heading-title elementor-size-default\">Le vert<\/h4>\t\t\t\t<\/div>\n\t\t\t\t<\/div>\n\t\t\t\t<div class=\"elementor-element elementor-element-68e37da elementor-widget elementor-widget-text-editor\" data-id=\"68e37da\" data-element_type=\"widget\" data-e-type=\"widget\" data-widget_type=\"text-editor.default\">\n\t\t\t\t<div class=\"elementor-widget-container\">\n\t\t\t\t\t\t\t\t\t<p><strong>Pour une ambiance nature<\/strong> inspir\u00e9e des iris, ou de la glycine. Les deux couleurs ont l\u2019avantage d\u2019apaiser une pi\u00e8ce.<\/p>\t\t\t\t\t\t\t\t<\/div>\n\t\t\t\t<\/div>\n\t\t\t\t\t<\/div>\n\t\t<\/div>\n\t\t\t\t<div class=\"elementor-column elementor-col-25 elementor-top-column elementor-element elementor-element-af42e30\" data-id=\"af42e30\" data-element_type=\"column\" data-e-type=\"column\">\n\t\t\t<div class=\"elementor-widget-wrap elementor-element-populated\">\n\t\t\t\t\t\t<div class=\"elementor-element elementor-element-adea3ad elementor-widget elementor-widget-image\" data-id=\"adea3ad\" data-element_type=\"widget\" data-e-type=\"widget\" data-widget_type=\"image.default\">\n\t\t\t\t<div class=\"elementor-widget-container\">\n\t\t\t\t\t\t\t\t\t\t\t\t<figure class=\"wp-caption\">\n\t\t\t\t\t\t\t\t\t\t<img decoding=\"async\" src=\"https:\/\/secondsouffle.co\/wp-content\/uploads\/elementor\/thumbs\/association-violet-et-jaune-p7pb61g4otbzd4ls03w58ad4w6hop36cptqckkm8i0.jpg\" title=\"association violet et jaune\" alt=\"association violet et jaune\" loading=\"lazy\" \/>\t\t\t\t\t\t\t\t\t\t\t<figcaption class=\"widget-image-caption wp-caption-text\">Source : Pinterest<\/figcaption>\n\t\t\t\t\t\t\t\t\t\t<\/figure>\n\t\t\t\t\t\t\t\t\t<\/div>\n\t\t\t\t<\/div>\n\t\t\t\t<div class=\"elementor-element elementor-element-f8f3a5f ha-has-bg-overlay elementor-widget elementor-widget-heading\" data-id=\"f8f3a5f\" data-element_type=\"widget\" data-e-type=\"widget\" data-widget_type=\"heading.default\">\n\t\t\t\t<div class=\"elementor-widget-container\">\n\t\t\t\t\t<h4 class=\"elementor-heading-title elementor-size-default\">Le jaune<\/h4>\t\t\t\t<\/div>\n\t\t\t\t<\/div>\n\t\t\t\t<div class=\"elementor-element elementor-element-f71f1f4 elementor-widget elementor-widget-text-editor\" data-id=\"f71f1f4\" data-element_type=\"widget\" data-e-type=\"widget\" data-widget_type=\"text-editor.default\">\n\t\t\t\t<div class=\"elementor-widget-container\">\n\t\t\t\t\t\t\t\t\t<p>C\u2019est la couleur compl\u00e9mentaire du violet. <strong>Il forme un duo de choc car chaque couleur intensifie l\u2019autre.<\/strong> Un accord chaud-froid donnant un effet tr\u00e8s original !<\/p>\t\t\t\t\t\t\t\t<\/div>\n\t\t\t\t<\/div>\n\t\t\t\t\t<\/div>\n\t\t<\/div>\n\t\t\t\t<div class=\"elementor-column elementor-col-25 elementor-top-column elementor-element elementor-element-cd6cfb0\" data-id=\"cd6cfb0\" data-element_type=\"column\" data-e-type=\"column\">\n\t\t\t<div class=\"elementor-widget-wrap elementor-element-populated\">\n\t\t\t\t\t\t<div class=\"elementor-element elementor-element-27a41fe elementor-widget elementor-widget-image\" data-id=\"27a41fe\" data-element_type=\"widget\" data-e-type=\"widget\" data-widget_type=\"image.default\">\n\t\t\t\t<div class=\"elementor-widget-container\">\n\t\t\t\t\t\t\t\t\t\t\t\t<figure class=\"wp-caption\">\n\t\t\t\t\t\t\t\t\t\t<img decoding=\"async\" src=\"https:\/\/secondsouffle.co\/wp-content\/uploads\/elementor\/thumbs\/association-marron-et-violet-p7pb20ozgbttp6g1hdblkaw5eub5rp7otx9knykv48.jpg\" title=\"association marron et violet\" alt=\"association marron et violet\" loading=\"lazy\" \/>\t\t\t\t\t\t\t\t\t\t\t<figcaption class=\"widget-image-caption wp-caption-text\">Source : Pinterest<\/figcaption>\n\t\t\t\t\t\t\t\t\t\t<\/figure>\n\t\t\t\t\t\t\t\t\t<\/div>\n\t\t\t\t<\/div>\n\t\t\t\t<div class=\"elementor-element elementor-element-fdbbcee ha-has-bg-overlay elementor-widget elementor-widget-heading\" data-id=\"fdbbcee\" data-element_type=\"widget\" data-e-type=\"widget\" data-widget_type=\"heading.default\">\n\t\t\t\t<div class=\"elementor-widget-container\">\n\t\t\t\t\t<h4 class=\"elementor-heading-title elementor-size-default\">Les bruns<\/h4>\t\t\t\t<\/div>\n\t\t\t\t<\/div>\n\t\t\t\t<div class=\"elementor-element elementor-element-8579d6b elementor-widget elementor-widget-text-editor\" data-id=\"8579d6b\" data-element_type=\"widget\" data-e-type=\"widget\" data-widget_type=\"text-editor.default\">\n\t\t\t\t<div class=\"elementor-widget-container\">\n\t\t\t\t\t\t\t\t\t<p><strong>Jolie association pour un style ethnique !<\/strong> Un grand tapis, des coussins et au sol, un parquet en bois massif ou du b\u00e9ton gris sont des valeurs s\u00fbres. D\u00e9paysement garanti !<\/p>\t\t\t\t\t\t\t\t<\/div>\n\t\t\t\t<\/div>\n\t\t\t\t\t<\/div>\n\t\t<\/div>\n\t\t\t\t\t<\/div>\n\t\t<\/section>\n\t\t\t\t<section class=\"elementor-section elementor-top-section elementor-element elementor-element-616b3c5 elementor-section-boxed elementor-section-height-default elementor-section-height-default\" data-id=\"616b3c5\" data-element_type=\"section\" data-e-type=\"section\" data-settings=\"{&quot;_ha_eqh_enable&quot;:false}\">\n\t\t\t\t\t\t<div class=\"elementor-container elementor-column-gap-default\">\n\t\t\t\t\t<div class=\"elementor-column elementor-col-100 elementor-top-column elementor-element elementor-element-47455fa\" data-id=\"47455fa\" data-element_type=\"column\" data-e-type=\"column\">\n\t\t\t<div class=\"elementor-widget-wrap elementor-element-populated\">\n\t\t\t\t\t\t<div class=\"elementor-element elementor-element-baaf922 elementor-widget elementor-widget-spacer\" data-id=\"baaf922\" data-element_type=\"widget\" data-e-type=\"widget\" data-widget_type=\"spacer.default\">\n\t\t\t\t<div class=\"elementor-widget-container\">\n\t\t\t\t\t\t\t<div class=\"elementor-spacer\">\n\t\t\t<div class=\"elementor-spacer-inner\"><\/div>\n\t\t<\/div>\n\t\t\t\t\t\t<\/div>\n\t\t\t\t<\/div>\n\t\t\t\t<div class=\"elementor-element elementor-element-3a69994 ha-has-bg-overlay elementor-widget elementor-widget-heading\" data-id=\"3a69994\" data-element_type=\"widget\" data-e-type=\"widget\" data-widget_type=\"heading.default\">\n\t\t\t\t<div class=\"elementor-widget-container\">\n\t\t\t\t\t<h3 class=\"elementor-heading-title elementor-size-default\">Le bleu : l'apaisement et la force<\/h3>\t\t\t\t<\/div>\n\t\t\t\t<\/div>\n\t\t\t\t<div class=\"elementor-element elementor-element-0bc561d elementor-widget elementor-widget-text-editor\" data-id=\"0bc561d\" data-element_type=\"widget\" data-e-type=\"widget\" data-widget_type=\"text-editor.default\">\n\t\t\t\t<div class=\"elementor-widget-container\">\n\t\t\t\t\t\t\t\t\t<p><strong>Son message :<\/strong> c\u2019est une couleur froide qui a l&rsquo;avantage d&rsquo;\u00eatre tr\u00e8s relaxante. Des \u00e9tudes ont d\u00e9montr\u00e9 que cette couleur a la capacit\u00e9 d&rsquo;abaisser la pression art\u00e9rielle et d&rsquo;\u00eatre un v\u00e9ritable antistress ! Sa tr\u00e8s large palette lui permet d&rsquo;\u00eatre utilis\u00e9 dans toutes les pi\u00e8ces, \u00e0 condition de choisir la bonne nuance. <strong>On l\u2019utilise pour quelle(s) pi\u00e8ce(s) ?<\/strong> Utilisez les nuances sombres pour les pi\u00e8ces de repos ou les grandes pi\u00e8ces conviviales. Le bleu paon ou le turquoise sont aussi id\u00e9als dans les pi\u00e8ces \u00e0 vivre et le bleu clair ira parfaitement aux espaces de travail car il stimule la cr\u00e9ativit\u00e9.\u00a0<\/p>\t\t\t\t\t\t\t\t<\/div>\n\t\t\t\t<\/div>\n\t\t\t\t<div class=\"elementor-element elementor-element-d4ca9fc elementor-blockquote--skin-border elementor-widget elementor-widget-blockquote\" data-id=\"d4ca9fc\" data-element_type=\"widget\" data-e-type=\"widget\" data-widget_type=\"blockquote.default\">\n\t\t\t\t<div class=\"elementor-widget-container\">\n\t\t\t\t\t\t\t<blockquote class=\"elementor-blockquote\">\n\t\t\t<p class=\"elementor-blockquote__content\">\n\t\t\t\tLe bleu favorise le sommeil profond et paisible  ! \t\t\t<\/p>\n\t\t\t\t\t<\/blockquote>\n\t\t\t\t\t\t<\/div>\n\t\t\t\t<\/div>\n\t\t\t\t<div class=\"elementor-element elementor-element-77d8675 elementor-widget elementor-widget-text-editor\" data-id=\"77d8675\" data-element_type=\"widget\" data-e-type=\"widget\" data-widget_type=\"text-editor.default\">\n\t\t\t\t<div class=\"elementor-widget-container\">\n\t\t\t\t\t\t\t\t\t<p>Les associations de couleurs : le bleu se marie parfaitement avec\u00a0<\/p>\t\t\t\t\t\t\t\t<\/div>\n\t\t\t\t<\/div>\n\t\t\t\t\t<\/div>\n\t\t<\/div>\n\t\t\t\t\t<\/div>\n\t\t<\/section>\n\t\t\t\t<section class=\"elementor-section elementor-top-section elementor-element elementor-element-5f93973 elementor-section-boxed elementor-section-height-default elementor-section-height-default\" data-id=\"5f93973\" data-element_type=\"section\" data-e-type=\"section\" data-settings=\"{&quot;_ha_eqh_enable&quot;:false}\">\n\t\t\t\t\t\t<div class=\"elementor-container elementor-column-gap-default\">\n\t\t\t\t\t<div class=\"elementor-column elementor-col-25 elementor-top-column elementor-element elementor-element-53fde3b\" data-id=\"53fde3b\" data-element_type=\"column\" data-e-type=\"column\">\n\t\t\t<div class=\"elementor-widget-wrap elementor-element-populated\">\n\t\t\t\t\t\t<div class=\"elementor-element elementor-element-78bd8ce elementor-widget elementor-widget-image\" data-id=\"78bd8ce\" data-element_type=\"widget\" data-e-type=\"widget\" data-widget_type=\"image.default\">\n\t\t\t\t<div class=\"elementor-widget-container\">\n\t\t\t\t\t\t\t\t\t\t\t\t<figure class=\"wp-caption\">\n\t\t\t\t\t\t\t\t\t\t<img decoding=\"async\" src=\"https:\/\/secondsouffle.co\/wp-content\/uploads\/elementor\/thumbs\/association-bleu-et-noir-p7pb5vt3jt49fgtyx1gdtbsdbv9hewjyp1tfowuljc.jpg\" title=\"association bleu et noir\" alt=\"association bleu et noir\" loading=\"lazy\" \/>\t\t\t\t\t\t\t\t\t\t\t<figcaption class=\"widget-image-caption wp-caption-text\">Source : Pinterest<\/figcaption>\n\t\t\t\t\t\t\t\t\t\t<\/figure>\n\t\t\t\t\t\t\t\t\t<\/div>\n\t\t\t\t<\/div>\n\t\t\t\t<div class=\"elementor-element elementor-element-41616ed ha-has-bg-overlay elementor-widget elementor-widget-heading\" data-id=\"41616ed\" data-element_type=\"widget\" data-e-type=\"widget\" data-widget_type=\"heading.default\">\n\t\t\t\t<div class=\"elementor-widget-container\">\n\t\t\t\t\t<h4 class=\"elementor-heading-title elementor-size-default\">Le noir<\/h4>\t\t\t\t<\/div>\n\t\t\t\t<\/div>\n\t\t\t\t<div class=\"elementor-element elementor-element-f53a099 elementor-widget elementor-widget-text-editor\" data-id=\"f53a099\" data-element_type=\"widget\" data-e-type=\"widget\" data-widget_type=\"text-editor.default\">\n\t\t\t\t<div class=\"elementor-widget-container\">\n\t\t\t\t\t\t\t\t\t<p><strong>Pour une ambiance chic et myst\u00e9rieuse.<\/strong> On vient ici cr\u00e9er un contraste entre deux couleurs froides : plus il est puissant, plus l&rsquo;effet est spectaculaire.\u00a0<\/p>\t\t\t\t\t\t\t\t<\/div>\n\t\t\t\t<\/div>\n\t\t\t\t\t<\/div>\n\t\t<\/div>\n\t\t\t\t<div class=\"elementor-column elementor-col-25 elementor-top-column elementor-element elementor-element-9891085\" data-id=\"9891085\" data-element_type=\"column\" data-e-type=\"column\">\n\t\t\t<div class=\"elementor-widget-wrap elementor-element-populated\">\n\t\t\t\t\t\t<div class=\"elementor-element elementor-element-2268d89 elementor-widget elementor-widget-image\" data-id=\"2268d89\" data-element_type=\"widget\" data-e-type=\"widget\" data-widget_type=\"image.default\">\n\t\t\t\t<div class=\"elementor-widget-container\">\n\t\t\t\t\t\t\t\t\t\t\t\t<figure class=\"wp-caption\">\n\t\t\t\t\t\t\t\t\t\t<img decoding=\"async\" src=\"https:\/\/secondsouffle.co\/wp-content\/uploads\/elementor\/thumbs\/association-bleu-et-blanc-p7pb5p887yv9673izglztvg5665wx0tuc591bz4cqw.jpg\" title=\"association bleu et blanc\" alt=\"association bleu et blanc\" loading=\"lazy\" \/>\t\t\t\t\t\t\t\t\t\t\t<figcaption class=\"widget-image-caption wp-caption-text\">Source : Pinterest<\/figcaption>\n\t\t\t\t\t\t\t\t\t\t<\/figure>\n\t\t\t\t\t\t\t\t\t<\/div>\n\t\t\t\t<\/div>\n\t\t\t\t<div class=\"elementor-element elementor-element-f798209 ha-has-bg-overlay elementor-widget elementor-widget-heading\" data-id=\"f798209\" data-element_type=\"widget\" data-e-type=\"widget\" data-widget_type=\"heading.default\">\n\t\t\t\t<div class=\"elementor-widget-container\">\n\t\t\t\t\t<h4 class=\"elementor-heading-title elementor-size-default\">Le blanc<\/h4>\t\t\t\t<\/div>\n\t\t\t\t<\/div>\n\t\t\t\t<div class=\"elementor-element elementor-element-e322246 elementor-widget elementor-widget-text-editor\" data-id=\"e322246\" data-element_type=\"widget\" data-e-type=\"widget\" data-widget_type=\"text-editor.default\">\n\t\t\t\t<div class=\"elementor-widget-container\">\n\t\t\t\t\t\t\t\t\t<p><strong>Un duo pour une ambiance a\u00e9rienne.<\/strong> Cette association est tr\u00e8s pr\u00e9sente dans le style scandinave. A eux deux, ils conjuguent rigueur et luminosit\u00e9.\u00a0<\/p>\t\t\t\t\t\t\t\t<\/div>\n\t\t\t\t<\/div>\n\t\t\t\t\t<\/div>\n\t\t<\/div>\n\t\t\t\t<div class=\"elementor-column elementor-col-25 elementor-top-column elementor-element elementor-element-8ceb353\" data-id=\"8ceb353\" data-element_type=\"column\" data-e-type=\"column\">\n\t\t\t<div class=\"elementor-widget-wrap elementor-element-populated\">\n\t\t\t\t\t\t<div class=\"elementor-element elementor-element-a3e5ab9 elementor-widget elementor-widget-image\" data-id=\"a3e5ab9\" data-element_type=\"widget\" data-e-type=\"widget\" data-widget_type=\"image.default\">\n\t\t\t\t<div class=\"elementor-widget-container\">\n\t\t\t\t\t\t\t\t\t\t\t\t<figure class=\"wp-caption\">\n\t\t\t\t\t\t\t\t\t\t<img decoding=\"async\" src=\"https:\/\/secondsouffle.co\/wp-content\/uploads\/elementor\/thumbs\/association-bleu-et-rouge-p7pb5incw4m8wxd31vrluf3x0h2cf53pz8omz1e3yg.jpg\" title=\"association bleu et rouge\" alt=\"association bleu et rouge\" loading=\"lazy\" \/>\t\t\t\t\t\t\t\t\t\t\t<figcaption class=\"widget-image-caption wp-caption-text\">Source : Pinterest<\/figcaption>\n\t\t\t\t\t\t\t\t\t\t<\/figure>\n\t\t\t\t\t\t\t\t\t<\/div>\n\t\t\t\t<\/div>\n\t\t\t\t<div class=\"elementor-element elementor-element-ad86cb0 ha-has-bg-overlay elementor-widget elementor-widget-heading\" data-id=\"ad86cb0\" data-element_type=\"widget\" data-e-type=\"widget\" data-widget_type=\"heading.default\">\n\t\t\t\t<div class=\"elementor-widget-container\">\n\t\t\t\t\t<h4 class=\"elementor-heading-title elementor-size-default\">Le rouge<\/h4>\t\t\t\t<\/div>\n\t\t\t\t<\/div>\n\t\t\t\t<div class=\"elementor-element elementor-element-0ed2900 elementor-widget elementor-widget-text-editor\" data-id=\"0ed2900\" data-element_type=\"widget\" data-e-type=\"widget\" data-widget_type=\"text-editor.default\">\n\t\t\t\t<div class=\"elementor-widget-container\">\n\t\t\t\t\t\t\t\t\t<p><strong>Un duo au contraste chaud\/froid puissant et tr\u00e8s \u00e9l\u00e9gant <\/strong>qui cr\u00e9e un choc graphique et visuel ! Ajoutez des touches de rouge quand il faut r\u00e9veiller le bleu et dosez sa pr\u00e9sence.<\/p>\t\t\t\t\t\t\t\t<\/div>\n\t\t\t\t<\/div>\n\t\t\t\t\t<\/div>\n\t\t<\/div>\n\t\t\t\t<div class=\"elementor-column elementor-col-25 elementor-top-column elementor-element elementor-element-8fa7465\" data-id=\"8fa7465\" data-element_type=\"column\" data-e-type=\"column\">\n\t\t\t<div class=\"elementor-widget-wrap elementor-element-populated\">\n\t\t\t\t\t\t<div class=\"elementor-element elementor-element-09aef51 elementor-widget elementor-widget-image\" data-id=\"09aef51\" data-element_type=\"widget\" data-e-type=\"widget\" data-widget_type=\"image.default\">\n\t\t\t\t<div class=\"elementor-widget-container\">\n\t\t\t\t\t\t\t\t\t\t\t\t<figure class=\"wp-caption\">\n\t\t\t\t\t\t\t\t\t\t<img decoding=\"async\" src=\"https:\/\/secondsouffle.co\/wp-content\/uploads\/elementor\/thumbs\/association-bleu-et-orange-p7pb5d0br4eiz9l9ytbufgj5g5u54yhbygrq3dmgzs.jpg\" title=\"association bleu et orange\" alt=\"association bleu et orange\" loading=\"lazy\" \/>\t\t\t\t\t\t\t\t\t\t\t<figcaption class=\"widget-image-caption wp-caption-text\">Source : Pinterest<\/figcaption>\n\t\t\t\t\t\t\t\t\t\t<\/figure>\n\t\t\t\t\t\t\t\t\t<\/div>\n\t\t\t\t<\/div>\n\t\t\t\t<div class=\"elementor-element elementor-element-ba11527 ha-has-bg-overlay elementor-widget elementor-widget-heading\" data-id=\"ba11527\" data-element_type=\"widget\" data-e-type=\"widget\" data-widget_type=\"heading.default\">\n\t\t\t\t<div class=\"elementor-widget-container\">\n\t\t\t\t\t<h4 class=\"elementor-heading-title elementor-size-default\">L'orange<\/h4>\t\t\t\t<\/div>\n\t\t\t\t<\/div>\n\t\t\t\t<div class=\"elementor-element elementor-element-34a0330 elementor-widget elementor-widget-text-editor\" data-id=\"34a0330\" data-element_type=\"widget\" data-e-type=\"widget\" data-widget_type=\"text-editor.default\">\n\t\t\t\t<div class=\"elementor-widget-container\">\n\t\t\t\t\t\t\t\t\t<p>C\u2019est la couleur compl\u00e9mentaire du bleu. <strong>Un accord vivifiant car l\u2019orange accentue la profondeur du bleu et le bleu rend l\u2019orange encore plus lumineux.<\/strong> Une combinaison parfaite pour mettre en valeur un petit espace.<\/p>\t\t\t\t\t\t\t\t<\/div>\n\t\t\t\t<\/div>\n\t\t\t\t\t<\/div>\n\t\t<\/div>\n\t\t\t\t\t<\/div>\n\t\t<\/section>\n\t\t\t\t<section class=\"elementor-section elementor-top-section elementor-element elementor-element-1b26409 elementor-section-boxed elementor-section-height-default elementor-section-height-default\" data-id=\"1b26409\" data-element_type=\"section\" data-e-type=\"section\" data-settings=\"{&quot;_ha_eqh_enable&quot;:false}\">\n\t\t\t\t\t\t<div class=\"elementor-container elementor-column-gap-default\">\n\t\t\t\t\t<div class=\"elementor-column elementor-col-100 elementor-top-column elementor-element elementor-element-dc4e848\" data-id=\"dc4e848\" data-element_type=\"column\" data-e-type=\"column\">\n\t\t\t<div class=\"elementor-widget-wrap elementor-element-populated\">\n\t\t\t\t\t\t<div class=\"elementor-element elementor-element-3c00b5f elementor-widget elementor-widget-spacer\" data-id=\"3c00b5f\" data-element_type=\"widget\" data-e-type=\"widget\" data-widget_type=\"spacer.default\">\n\t\t\t\t<div class=\"elementor-widget-container\">\n\t\t\t\t\t\t\t<div class=\"elementor-spacer\">\n\t\t\t<div class=\"elementor-spacer-inner\"><\/div>\n\t\t<\/div>\n\t\t\t\t\t\t<\/div>\n\t\t\t\t<\/div>\n\t\t\t\t<div class=\"elementor-element elementor-element-0b9d81d ha-has-bg-overlay elementor-widget elementor-widget-heading\" data-id=\"0b9d81d\" data-element_type=\"widget\" data-e-type=\"widget\" data-widget_type=\"heading.default\">\n\t\t\t\t<div class=\"elementor-widget-container\">\n\t\t\t\t\t<h3 class=\"elementor-heading-title elementor-size-default\">Le vert : le bien-\u00eatre <\/h3>\t\t\t\t<\/div>\n\t\t\t\t<\/div>\n\t\t\t\t<div class=\"elementor-element elementor-element-0d05367 elementor-widget elementor-widget-text-editor\" data-id=\"0d05367\" data-element_type=\"widget\" data-e-type=\"widget\" data-widget_type=\"text-editor.default\">\n\t\t\t\t<div class=\"elementor-widget-container\">\n\t\t\t\t\t\t\t\t\t<p><strong>Son message :<\/strong> cette couleur est symbole de renouveau et d&rsquo;harmonie. Le vert ralentit notre rythme cardiaque en cas de stress et il favorise une respiration lente et plus profonde. D&rsquo;o\u00f9 sa capacit\u00e9\u00a0 \u00e0 apaiser nos \u00e9tats \u00e9motionnels et \u00e0 augmenter notre r\u00e9sistance aux tensions. <strong>On l\u2019utilise pour quelle(s) pi\u00e8ce(s) ?<\/strong> Le vert a l&rsquo;avantage de convenir \u00e0 toutes les pi\u00e8ces, couloirs compris.\u00a0<\/p>\t\t\t\t\t\t\t\t<\/div>\n\t\t\t\t<\/div>\n\t\t\t\t<div class=\"elementor-element elementor-element-2c24b05 elementor-blockquote--skin-border elementor-widget elementor-widget-blockquote\" data-id=\"2c24b05\" data-element_type=\"widget\" data-e-type=\"widget\" data-widget_type=\"blockquote.default\">\n\t\t\t\t<div class=\"elementor-widget-container\">\n\t\t\t\t\t\t\t<blockquote class=\"elementor-blockquote\">\n\t\t\t<p class=\"elementor-blockquote__content\">\n\t\t\t\tLe vert est l'un des coloris qui favorisent la concentration et la r\u00e9flexion ! \t\t\t<\/p>\n\t\t\t\t\t<\/blockquote>\n\t\t\t\t\t\t<\/div>\n\t\t\t\t<\/div>\n\t\t\t\t<div class=\"elementor-element elementor-element-989bb37 elementor-widget elementor-widget-text-editor\" data-id=\"989bb37\" data-element_type=\"widget\" data-e-type=\"widget\" data-widget_type=\"text-editor.default\">\n\t\t\t\t<div class=\"elementor-widget-container\">\n\t\t\t\t\t\t\t\t\t<p>Les associations de couleurs : le vert se marie parfaitement avec\u00a0\u00a0<\/p>\t\t\t\t\t\t\t\t<\/div>\n\t\t\t\t<\/div>\n\t\t\t\t\t<\/div>\n\t\t<\/div>\n\t\t\t\t\t<\/div>\n\t\t<\/section>\n\t\t\t\t<section class=\"elementor-section elementor-top-section elementor-element elementor-element-22bc6b8 elementor-section-boxed elementor-section-height-default elementor-section-height-default\" data-id=\"22bc6b8\" data-element_type=\"section\" data-e-type=\"section\" data-settings=\"{&quot;_ha_eqh_enable&quot;:false}\">\n\t\t\t\t\t\t<div class=\"elementor-container elementor-column-gap-default\">\n\t\t\t\t\t<div class=\"elementor-column elementor-col-25 elementor-top-column elementor-element elementor-element-7df663b\" data-id=\"7df663b\" data-element_type=\"column\" data-e-type=\"column\">\n\t\t\t<div class=\"elementor-widget-wrap elementor-element-populated\">\n\t\t\t\t\t\t<div class=\"elementor-element elementor-element-269fd0f elementor-widget elementor-widget-image\" data-id=\"269fd0f\" data-element_type=\"widget\" data-e-type=\"widget\" data-widget_type=\"image.default\">\n\t\t\t\t<div class=\"elementor-widget-container\">\n\t\t\t\t\t\t\t\t\t\t\t\t<figure class=\"wp-caption\">\n\t\t\t\t\t\t\t\t\t\t<img decoding=\"async\" src=\"https:\/\/secondsouffle.co\/wp-content\/uploads\/elementor\/thumbs\/association-bleu-et-vert-p7pb57dam46t1ltgvqw30hydvulxuruxxout7puu14.jpg\" title=\"association bleu et vert\" alt=\"association bleu et vert\" loading=\"lazy\" \/>\t\t\t\t\t\t\t\t\t\t\t<figcaption class=\"widget-image-caption wp-caption-text\">Source : Pinterest<\/figcaption>\n\t\t\t\t\t\t\t\t\t\t<\/figure>\n\t\t\t\t\t\t\t\t\t<\/div>\n\t\t\t\t<\/div>\n\t\t\t\t<div class=\"elementor-element elementor-element-552cfc1 ha-has-bg-overlay elementor-widget elementor-widget-heading\" data-id=\"552cfc1\" data-element_type=\"widget\" data-e-type=\"widget\" data-widget_type=\"heading.default\">\n\t\t\t\t<div class=\"elementor-widget-container\">\n\t\t\t\t\t<h4 class=\"elementor-heading-title elementor-size-default\">Le bleu<\/h4>\t\t\t\t<\/div>\n\t\t\t\t<\/div>\n\t\t\t\t<div class=\"elementor-element elementor-element-9679d7c elementor-widget elementor-widget-text-editor\" data-id=\"9679d7c\" data-element_type=\"widget\" data-e-type=\"widget\" data-widget_type=\"text-editor.default\">\n\t\t\t\t<div class=\"elementor-widget-container\">\n\t\t\t\t\t\t\t\t\t<p><strong>Ce duo produit un accord naturel tr\u00e8s apaisant.<\/strong> L&rsquo;un et l&rsquo;autre ont la facult\u00e9 \u00e0 ralentir notre rythme physiologique. Dans des tons sombres et profonds, l&rsquo;effet en sera accentu\u00e9.\u00a0<\/p>\t\t\t\t\t\t\t\t<\/div>\n\t\t\t\t<\/div>\n\t\t\t\t\t<\/div>\n\t\t<\/div>\n\t\t\t\t<div class=\"elementor-column elementor-col-25 elementor-top-column elementor-element elementor-element-973fc6a\" data-id=\"973fc6a\" data-element_type=\"column\" data-e-type=\"column\">\n\t\t\t<div class=\"elementor-widget-wrap elementor-element-populated\">\n\t\t\t\t\t\t<div class=\"elementor-element elementor-element-25b95e4 elementor-widget elementor-widget-image\" data-id=\"25b95e4\" data-element_type=\"widget\" data-e-type=\"widget\" data-widget_type=\"image.default\">\n\t\t\t\t<div class=\"elementor-widget-container\">\n\t\t\t\t\t\t\t\t\t\t\t\t<figure class=\"wp-caption\">\n\t\t\t\t\t\t\t\t\t\t<img decoding=\"async\" src=\"https:\/\/secondsouffle.co\/wp-content\/uploads\/elementor\/thumbs\/association-vert-et-brun-p7pb51q9h3z33y1nsogbljdmbjdqkl8jwwxwc2372g.jpg\" title=\"association vert et brun\" alt=\"association vert et brun\" loading=\"lazy\" \/>\t\t\t\t\t\t\t\t\t\t\t<figcaption class=\"widget-image-caption wp-caption-text\">Source : Pinterest<\/figcaption>\n\t\t\t\t\t\t\t\t\t\t<\/figure>\n\t\t\t\t\t\t\t\t\t<\/div>\n\t\t\t\t<\/div>\n\t\t\t\t<div class=\"elementor-element elementor-element-496f03f ha-has-bg-overlay elementor-widget elementor-widget-heading\" data-id=\"496f03f\" data-element_type=\"widget\" data-e-type=\"widget\" data-widget_type=\"heading.default\">\n\t\t\t\t<div class=\"elementor-widget-container\">\n\t\t\t\t\t<h4 class=\"elementor-heading-title elementor-size-default\">Les bruns<\/h4>\t\t\t\t<\/div>\n\t\t\t\t<\/div>\n\t\t\t\t<div class=\"elementor-element elementor-element-a02a379 elementor-widget elementor-widget-text-editor\" data-id=\"a02a379\" data-element_type=\"widget\" data-e-type=\"widget\" data-widget_type=\"text-editor.default\">\n\t\t\t\t<div class=\"elementor-widget-container\">\n\t\t\t\t\t\t\t\t\t<p><strong>Les bruns viennent ici r\u00e9chauffer et booster le vert.<\/strong> Choisissez des bruns chauds, sombres ou ocres qui contrasteront avec la fra\u00eecheur des verts et les rendront encore plus intenses.\u00a0<\/p>\t\t\t\t\t\t\t\t<\/div>\n\t\t\t\t<\/div>\n\t\t\t\t\t<\/div>\n\t\t<\/div>\n\t\t\t\t<div class=\"elementor-column elementor-col-25 elementor-top-column elementor-element elementor-element-7384e13\" data-id=\"7384e13\" data-element_type=\"column\" data-e-type=\"column\">\n\t\t\t<div class=\"elementor-widget-wrap elementor-element-populated\">\n\t\t\t\t\t\t<div class=\"elementor-element elementor-element-4c66873 elementor-widget elementor-widget-image\" data-id=\"4c66873\" data-element_type=\"widget\" data-e-type=\"widget\" data-widget_type=\"image.default\">\n\t\t\t\t<div class=\"elementor-widget-container\">\n\t\t\t\t\t\t\t\t\t\t\t\t<figure class=\"wp-caption\">\n\t\t\t\t\t\t\t\t\t\t<img decoding=\"async\" src=\"https:\/\/secondsouffle.co\/wp-content\/uploads\/elementor\/thumbs\/association-vert-et-gris-p7pb4w38c3rd6a9upm0k6ksur85jaem5w50zgebk3s.jpg\" title=\"association vert et gris\" alt=\"association vert et gris\" loading=\"lazy\" \/>\t\t\t\t\t\t\t\t\t\t\t<figcaption class=\"widget-image-caption wp-caption-text\">Source : Pinterest<\/figcaption>\n\t\t\t\t\t\t\t\t\t\t<\/figure>\n\t\t\t\t\t\t\t\t\t<\/div>\n\t\t\t\t<\/div>\n\t\t\t\t<div class=\"elementor-element elementor-element-7a674a8 ha-has-bg-overlay elementor-widget elementor-widget-heading\" data-id=\"7a674a8\" data-element_type=\"widget\" data-e-type=\"widget\" data-widget_type=\"heading.default\">\n\t\t\t\t<div class=\"elementor-widget-container\">\n\t\t\t\t\t<h4 class=\"elementor-heading-title elementor-size-default\">Le gris<\/h4>\t\t\t\t<\/div>\n\t\t\t\t<\/div>\n\t\t\t\t<div class=\"elementor-element elementor-element-0b639e7 elementor-widget elementor-widget-text-editor\" data-id=\"0b639e7\" data-element_type=\"widget\" data-e-type=\"widget\" data-widget_type=\"text-editor.default\">\n\t\t\t\t<div class=\"elementor-widget-container\">\n\t\t\t\t\t\t\t\t\t<p><strong>Un accord min\u00e9ral\/v\u00e9g\u00e9tal qui apporte de la fra\u00eecheur \u00e0 un espace !<\/strong> L&rsquo;harmonie naturelle des verts se fait avec tous les gris.\u00a0<\/p>\t\t\t\t\t\t\t\t<\/div>\n\t\t\t\t<\/div>\n\t\t\t\t\t<\/div>\n\t\t<\/div>\n\t\t\t\t<div class=\"elementor-column elementor-col-25 elementor-top-column elementor-element elementor-element-5b95b85\" data-id=\"5b95b85\" data-element_type=\"column\" data-e-type=\"column\">\n\t\t\t<div class=\"elementor-widget-wrap elementor-element-populated\">\n\t\t\t\t\t\t<div class=\"elementor-element elementor-element-ce1fb53 elementor-widget elementor-widget-image\" data-id=\"ce1fb53\" data-element_type=\"widget\" data-e-type=\"widget\" data-widget_type=\"image.default\">\n\t\t\t\t<div class=\"elementor-widget-container\">\n\t\t\t\t\t\t\t\t\t\t\t\t<figure class=\"wp-caption\">\n\t\t\t\t\t\t\t\t\t\t<img decoding=\"async\" src=\"https:\/\/secondsouffle.co\/wp-content\/uploads\/elementor\/thumbs\/association-rouge-et-vert-2-p7pb4qg773jn8mi1mjksrm836wxc07zrvd42kqjx54.jpg\" title=\"association rouge et vert 2\" alt=\"association rouge et vert 2\" loading=\"lazy\" \/>\t\t\t\t\t\t\t\t\t\t\t<figcaption class=\"widget-image-caption wp-caption-text\">Source : Pinterest<\/figcaption>\n\t\t\t\t\t\t\t\t\t\t<\/figure>\n\t\t\t\t\t\t\t\t\t<\/div>\n\t\t\t\t<\/div>\n\t\t\t\t<div class=\"elementor-element elementor-element-6e08f9f ha-has-bg-overlay elementor-widget elementor-widget-heading\" data-id=\"6e08f9f\" data-element_type=\"widget\" data-e-type=\"widget\" data-widget_type=\"heading.default\">\n\t\t\t\t<div class=\"elementor-widget-container\">\n\t\t\t\t\t<h4 class=\"elementor-heading-title elementor-size-default\">Le rouge<\/h4>\t\t\t\t<\/div>\n\t\t\t\t<\/div>\n\t\t\t\t<div class=\"elementor-element elementor-element-8202b04 elementor-widget elementor-widget-text-editor\" data-id=\"8202b04\" data-element_type=\"widget\" data-e-type=\"widget\" data-widget_type=\"text-editor.default\">\n\t\t\t\t<div class=\"elementor-widget-container\">\n\t\t\t\t\t\t\t\t\t<p>C\u2019est la couleur compl\u00e9mentaire du rouge. <strong>Les deux couleurs s\u2019intensifient mutuellement<\/strong> mais elles ont un effet \u00e9nerg\u00e9tique inverse : le vert calme le rouge alors que le rouge r\u00e9veille le vert.<\/p>\t\t\t\t\t\t\t\t<\/div>\n\t\t\t\t<\/div>\n\t\t\t\t\t<\/div>\n\t\t<\/div>\n\t\t\t\t\t<\/div>\n\t\t<\/section>\n\t\t\t\t<section class=\"elementor-section elementor-top-section elementor-element elementor-element-f52109f elementor-section-boxed elementor-section-height-default elementor-section-height-default\" data-id=\"f52109f\" data-element_type=\"section\" data-e-type=\"section\" data-settings=\"{&quot;_ha_eqh_enable&quot;:false}\">\n\t\t\t\t\t\t<div class=\"elementor-container elementor-column-gap-default\">\n\t\t\t\t\t<div class=\"elementor-column elementor-col-100 elementor-top-column elementor-element elementor-element-01f202e\" data-id=\"01f202e\" data-element_type=\"column\" data-e-type=\"column\">\n\t\t\t<div class=\"elementor-widget-wrap elementor-element-populated\">\n\t\t\t\t\t\t<div class=\"elementor-element elementor-element-70bf8d0 elementor-widget elementor-widget-spacer\" data-id=\"70bf8d0\" data-element_type=\"widget\" data-e-type=\"widget\" data-widget_type=\"spacer.default\">\n\t\t\t\t<div class=\"elementor-widget-container\">\n\t\t\t\t\t\t\t<div class=\"elementor-spacer\">\n\t\t\t<div class=\"elementor-spacer-inner\"><\/div>\n\t\t<\/div>\n\t\t\t\t\t\t<\/div>\n\t\t\t\t<\/div>\n\t\t\t\t<div class=\"elementor-element elementor-element-17f3dec ha-has-bg-overlay elementor-widget elementor-widget-heading\" data-id=\"17f3dec\" data-element_type=\"widget\" data-e-type=\"widget\" data-widget_type=\"heading.default\">\n\t\t\t\t<div class=\"elementor-widget-container\">\n\t\t\t\t\t<h3 class=\"elementor-heading-title elementor-size-default\">Le brun : douceur et authenticit\u00e9 <\/h3>\t\t\t\t<\/div>\n\t\t\t\t<\/div>\n\t\t\t\t<div class=\"elementor-element elementor-element-84a357c elementor-widget elementor-widget-text-editor\" data-id=\"84a357c\" data-element_type=\"widget\" data-e-type=\"widget\" data-widget_type=\"text-editor.default\">\n\t\t\t\t<div class=\"elementor-widget-container\">\n\t\t\t\t\t\t\t\t\t<p><strong>Son message :<\/strong> c\u2019est une couleur souvent utilis\u00e9e car elle cr\u00e9e une ambiance authentique et s\u00e9curisante. Le brun a aussi l&rsquo;avantage d&rsquo;\u00eatre un ton neutre, comme le gris, qui lui permet toutes les combinaisons de couleurs. Eh oui, le brun est n\u00e9 du m\u00e9lange d&rsquo;autres couleurs, il s&rsquo;harmonise du coup avec tout ! <strong>On l\u2019utilise pour quelle(s) pi\u00e8ce(s) ?<\/strong> Tous les bruns trouvent leur place dans toutes les pi\u00e8ces de notre int\u00e9rieur. Optez pour une nuance chocolat pour r\u00e9chauffer une grande pi\u00e8ce de vie, et pour un ton miel pour adoucir les petits espaces sombres.\u00a0<\/p>\t\t\t\t\t\t\t\t<\/div>\n\t\t\t\t<\/div>\n\t\t\t\t<div class=\"elementor-element elementor-element-cde354b elementor-blockquote--skin-border elementor-widget elementor-widget-blockquote\" data-id=\"cde354b\" data-element_type=\"widget\" data-e-type=\"widget\" data-widget_type=\"blockquote.default\">\n\t\t\t\t<div class=\"elementor-widget-container\">\n\t\t\t\t\t\t\t<blockquote class=\"elementor-blockquote\">\n\t\t\t<p class=\"elementor-blockquote__content\">\n\t\t\t\tLe brun est id\u00e9al pour se cr\u00e9er une chambre refuge intime et protectrice ! \t\t\t<\/p>\n\t\t\t\t\t<\/blockquote>\n\t\t\t\t\t\t<\/div>\n\t\t\t\t<\/div>\n\t\t\t\t<div class=\"elementor-element elementor-element-03aed49 elementor-widget elementor-widget-text-editor\" data-id=\"03aed49\" data-element_type=\"widget\" data-e-type=\"widget\" data-widget_type=\"text-editor.default\">\n\t\t\t\t<div class=\"elementor-widget-container\">\n\t\t\t\t\t\t\t\t\t<p>Les associations de couleurs : le brun se marie parfaitement avec\u00a0<\/p>\t\t\t\t\t\t\t\t<\/div>\n\t\t\t\t<\/div>\n\t\t\t\t\t<\/div>\n\t\t<\/div>\n\t\t\t\t\t<\/div>\n\t\t<\/section>\n\t\t\t\t<section class=\"elementor-section elementor-top-section elementor-element elementor-element-b26eb84 elementor-section-boxed elementor-section-height-default elementor-section-height-default\" data-id=\"b26eb84\" data-element_type=\"section\" data-e-type=\"section\" data-settings=\"{&quot;_ha_eqh_enable&quot;:false}\">\n\t\t\t\t\t\t<div class=\"elementor-container elementor-column-gap-default\">\n\t\t\t\t\t<div class=\"elementor-column elementor-col-25 elementor-top-column elementor-element elementor-element-da9a211\" data-id=\"da9a211\" data-element_type=\"column\" data-e-type=\"column\">\n\t\t\t<div class=\"elementor-widget-wrap elementor-element-populated\">\n\t\t\t\t\t\t<div class=\"elementor-element elementor-element-68b0760 elementor-widget elementor-widget-image\" data-id=\"68b0760\" data-element_type=\"widget\" data-e-type=\"widget\" data-widget_type=\"image.default\">\n\t\t\t\t<div class=\"elementor-widget-container\">\n\t\t\t\t\t\t\t\t\t\t\t\t<figure class=\"wp-caption\">\n\t\t\t\t\t\t\t\t\t\t<img decoding=\"async\" src=\"https:\/\/secondsouffle.co\/wp-content\/uploads\/elementor\/thumbs\/association-bleu-et-marron-p7pb4kt623bxayq8jh51cnnbmlp4q1ddul75p2sa6g.jpg\" title=\"association bleu et marron\" alt=\"association bleu et marron\" loading=\"lazy\" \/>\t\t\t\t\t\t\t\t\t\t\t<figcaption class=\"widget-image-caption wp-caption-text\">Source : Pinterest<\/figcaption>\n\t\t\t\t\t\t\t\t\t\t<\/figure>\n\t\t\t\t\t\t\t\t\t<\/div>\n\t\t\t\t<\/div>\n\t\t\t\t<div class=\"elementor-element elementor-element-295b853 ha-has-bg-overlay elementor-widget elementor-widget-heading\" data-id=\"295b853\" data-element_type=\"widget\" data-e-type=\"widget\" data-widget_type=\"heading.default\">\n\t\t\t\t<div class=\"elementor-widget-container\">\n\t\t\t\t\t<h4 class=\"elementor-heading-title elementor-size-default\">Le bleu<\/h4>\t\t\t\t<\/div>\n\t\t\t\t<\/div>\n\t\t\t\t<div class=\"elementor-element elementor-element-d31c012 elementor-widget elementor-widget-text-editor\" data-id=\"d31c012\" data-element_type=\"widget\" data-e-type=\"widget\" data-widget_type=\"text-editor.default\">\n\t\t\t\t<div class=\"elementor-widget-container\">\n\t\t\t\t\t\t\t\t\t<p><strong>Pour cr\u00e9er un accord terre\/mer.<\/strong> Cette association \u00e9voque le d\u00e9paysement, les terres lointaines, le soleil et la mer. A eux deux, ils sont tr\u00e8s apaisants, surtout dans leurs nuances les plus intenses.\u00a0<\/p>\t\t\t\t\t\t\t\t<\/div>\n\t\t\t\t<\/div>\n\t\t\t\t\t<\/div>\n\t\t<\/div>\n\t\t\t\t<div class=\"elementor-column elementor-col-25 elementor-top-column elementor-element elementor-element-0cc721e\" data-id=\"0cc721e\" data-element_type=\"column\" data-e-type=\"column\">\n\t\t\t<div class=\"elementor-widget-wrap elementor-element-populated\">\n\t\t\t\t\t\t<div class=\"elementor-element elementor-element-3c6f2a9 elementor-widget elementor-widget-image\" data-id=\"3c6f2a9\" data-element_type=\"widget\" data-e-type=\"widget\" data-widget_type=\"image.default\">\n\t\t\t\t<div class=\"elementor-widget-container\">\n\t\t\t\t\t\t\t\t\t\t\t\t<figure class=\"wp-caption\">\n\t\t\t\t\t\t\t\t\t\t<img decoding=\"async\" src=\"https:\/\/secondsouffle.co\/wp-content\/uploads\/elementor\/thumbs\/association-jaune-et-brun-p7pb49j3s2whfn6mdc9iiqhshz8q5o4lt1dbxr9094.jpg\" title=\"association jaune et brun\" alt=\"association jaune et brun\" loading=\"lazy\" \/>\t\t\t\t\t\t\t\t\t\t\t<figcaption class=\"widget-image-caption wp-caption-text\">Source : Pinterest<\/figcaption>\n\t\t\t\t\t\t\t\t\t\t<\/figure>\n\t\t\t\t\t\t\t\t\t<\/div>\n\t\t\t\t<\/div>\n\t\t\t\t<div class=\"elementor-element elementor-element-f19cfee ha-has-bg-overlay elementor-widget elementor-widget-heading\" data-id=\"f19cfee\" data-element_type=\"widget\" data-e-type=\"widget\" data-widget_type=\"heading.default\">\n\t\t\t\t<div class=\"elementor-widget-container\">\n\t\t\t\t\t<h4 class=\"elementor-heading-title elementor-size-default\">Le jaune<\/h4>\t\t\t\t<\/div>\n\t\t\t\t<\/div>\n\t\t\t\t<div class=\"elementor-element elementor-element-cc93a05 elementor-widget elementor-widget-text-editor\" data-id=\"cc93a05\" data-element_type=\"widget\" data-e-type=\"widget\" data-widget_type=\"text-editor.default\">\n\t\t\t\t<div class=\"elementor-widget-container\">\n\t\t\t\t\t\t\t\t\t<p>On opte pour le jaune <strong>pour apporter une touche de dynamisme, modernit\u00e9 et de fantaisie aux bruns.<\/strong> En accessoires ou en effet mural, le jaune illumine et \u00e9gaie toutes les pi\u00e8ces.\u00a0<\/p>\t\t\t\t\t\t\t\t<\/div>\n\t\t\t\t<\/div>\n\t\t\t\t\t<\/div>\n\t\t<\/div>\n\t\t\t\t<div class=\"elementor-column elementor-col-25 elementor-top-column elementor-element elementor-element-bba27e1\" data-id=\"bba27e1\" data-element_type=\"column\" data-e-type=\"column\">\n\t\t\t<div class=\"elementor-widget-wrap elementor-element-populated\">\n\t\t\t\t\t\t<div class=\"elementor-element elementor-element-9fb8e88 elementor-widget elementor-widget-image\" data-id=\"9fb8e88\" data-element_type=\"widget\" data-e-type=\"widget\" data-widget_type=\"image.default\">\n\t\t\t\t<div class=\"elementor-widget-container\">\n\t\t\t\t\t\t\t\t\t\t\t\t<figure class=\"wp-caption\">\n\t\t\t\t\t\t\t\t\t\t<img decoding=\"async\" src=\"https:\/\/secondsouffle.co\/wp-content\/uploads\/elementor\/thumbs\/association-vert-et-brun-2-p7pb4f64x347dayfgep9xp2k2agxfuqztta8tf0n7s.jpg\" title=\"association vert et brun 2\" alt=\"association vert et brun 2\" loading=\"lazy\" \/>\t\t\t\t\t\t\t\t\t\t\t<figcaption class=\"widget-image-caption wp-caption-text\">Source : Pinterest<\/figcaption>\n\t\t\t\t\t\t\t\t\t\t<\/figure>\n\t\t\t\t\t\t\t\t\t<\/div>\n\t\t\t\t<\/div>\n\t\t\t\t<div class=\"elementor-element elementor-element-7b549fd ha-has-bg-overlay elementor-widget elementor-widget-heading\" data-id=\"7b549fd\" data-element_type=\"widget\" data-e-type=\"widget\" data-widget_type=\"heading.default\">\n\t\t\t\t<div class=\"elementor-widget-container\">\n\t\t\t\t\t<h4 class=\"elementor-heading-title elementor-size-default\">Le vert<\/h4>\t\t\t\t<\/div>\n\t\t\t\t<\/div>\n\t\t\t\t<div class=\"elementor-element elementor-element-8b746b9 elementor-widget elementor-widget-text-editor\" data-id=\"8b746b9\" data-element_type=\"widget\" data-e-type=\"widget\" data-widget_type=\"text-editor.default\">\n\t\t\t\t<div class=\"elementor-widget-container\">\n\t\t\t\t\t\t\t\t\t<p><strong>Les bruns viennent ici r\u00e9chauffer et booster le vert.<\/strong> Un \u00e9quilibre entre nuances froides et chaudes est \u00e0 trouver pour que l&rsquo;accord soit agr\u00e9able, et son effet, r\u00e9g\u00e9n\u00e9rant.\u00a0<\/p>\t\t\t\t\t\t\t\t<\/div>\n\t\t\t\t<\/div>\n\t\t\t\t\t<\/div>\n\t\t<\/div>\n\t\t\t\t<div class=\"elementor-column elementor-col-25 elementor-top-column elementor-element elementor-element-72aa554\" data-id=\"72aa554\" data-element_type=\"column\" data-e-type=\"column\">\n\t\t\t<div class=\"elementor-widget-wrap elementor-element-populated\">\n\t\t\t\t\t\t<div class=\"elementor-element elementor-element-1598b1d elementor-widget elementor-widget-image\" data-id=\"1598b1d\" data-element_type=\"widget\" data-e-type=\"widget\" data-widget_type=\"image.default\">\n\t\t\t\t<div class=\"elementor-widget-container\">\n\t\t\t\t\t\t\t\t\t\t\t\t<figure class=\"wp-caption\">\n\t\t\t\t\t\t\t\t\t\t<img decoding=\"async\" src=\"https:\/\/secondsouffle.co\/wp-content\/uploads\/elementor\/thumbs\/association-brun-et-metalise-p7pb43w2n2orhzeta9tr3rx0xo0ivhi7s9gf23hdag.jpg\" title=\"association brun et metalis\u00e9\" alt=\"association brun et metalis\u00e9\" loading=\"lazy\" \/>\t\t\t\t\t\t\t\t\t\t\t<figcaption class=\"widget-image-caption wp-caption-text\">Source : Pinterest<\/figcaption>\n\t\t\t\t\t\t\t\t\t\t<\/figure>\n\t\t\t\t\t\t\t\t\t<\/div>\n\t\t\t\t<\/div>\n\t\t\t\t<div class=\"elementor-element elementor-element-b65d57a ha-has-bg-overlay elementor-widget elementor-widget-heading\" data-id=\"b65d57a\" data-element_type=\"widget\" data-e-type=\"widget\" data-widget_type=\"heading.default\">\n\t\t\t\t<div class=\"elementor-widget-container\">\n\t\t\t\t\t<h4 class=\"elementor-heading-title elementor-size-default\">Les m\u00e9talis\u00e9s<\/h4>\t\t\t\t<\/div>\n\t\t\t\t<\/div>\n\t\t\t\t<div class=\"elementor-element elementor-element-09b0835 elementor-widget elementor-widget-text-editor\" data-id=\"09b0835\" data-element_type=\"widget\" data-e-type=\"widget\" data-widget_type=\"text-editor.default\">\n\t\t\t\t<div class=\"elementor-widget-container\">\n\t\t\t\t\t\t\t\t\t<p><strong>Un duo \u00e0 l&rsquo;ambiance pure et luxueuse !<\/strong> C&rsquo;est une association tr\u00e8s int\u00e9ressante car combin\u00e9 \u00e0 l&rsquo;or, au bronze ou au cuivre, le marron fait merveille !\u00a0<\/p>\t\t\t\t\t\t\t\t<\/div>\n\t\t\t\t<\/div>\n\t\t\t\t\t<\/div>\n\t\t<\/div>\n\t\t\t\t\t<\/div>\n\t\t<\/section>\n\t\t\t\t<section class=\"elementor-section elementor-top-section elementor-element elementor-element-f8ee56f elementor-section-boxed elementor-section-height-default elementor-section-height-default\" data-id=\"f8ee56f\" data-element_type=\"section\" data-e-type=\"section\" data-settings=\"{&quot;_ha_eqh_enable&quot;:false}\">\n\t\t\t\t\t\t<div class=\"elementor-container elementor-column-gap-default\">\n\t\t\t\t\t<div class=\"elementor-column elementor-col-100 elementor-top-column elementor-element elementor-element-c6ad297\" data-id=\"c6ad297\" data-element_type=\"column\" data-e-type=\"column\">\n\t\t\t<div class=\"elementor-widget-wrap elementor-element-populated\">\n\t\t\t\t\t\t<div class=\"elementor-element elementor-element-355f141 elementor-widget elementor-widget-spacer\" data-id=\"355f141\" data-element_type=\"widget\" data-e-type=\"widget\" data-widget_type=\"spacer.default\">\n\t\t\t\t<div class=\"elementor-widget-container\">\n\t\t\t\t\t\t\t<div class=\"elementor-spacer\">\n\t\t\t<div class=\"elementor-spacer-inner\"><\/div>\n\t\t<\/div>\n\t\t\t\t\t\t<\/div>\n\t\t\t\t<\/div>\n\t\t\t\t<div class=\"elementor-element elementor-element-de6fae5 ha-has-bg-overlay elementor-widget elementor-widget-heading\" data-id=\"de6fae5\" data-element_type=\"widget\" data-e-type=\"widget\" data-widget_type=\"heading.default\">\n\t\t\t\t<div class=\"elementor-widget-container\">\n\t\t\t\t\t<h3 class=\"elementor-heading-title elementor-size-default\">Le gris : l\u2019\u00e9l\u00e9gance min\u00e9rale <\/h3>\t\t\t\t<\/div>\n\t\t\t\t<\/div>\n\t\t\t\t<div class=\"elementor-element elementor-element-82855cd elementor-widget elementor-widget-text-editor\" data-id=\"82855cd\" data-element_type=\"widget\" data-e-type=\"widget\" data-widget_type=\"text-editor.default\">\n\t\t\t\t<div class=\"elementor-widget-container\">\n\t\t\t\t\t\t\t\t\t<p><strong>Son message :<\/strong> c\u2019est la couleur utilis\u00e9e souvent \u00ab\u00a0par d\u00e9faut\u00a0\u00bb car le gris est un excellent choix pour ne pas se tromper ! Dans ses d\u00e9clinaisons les plus claires, le gris apporte de la s\u00e9r\u00e9nit\u00e9 et ses nuances les plus sombres se rapprochent d&rsquo;un \u00e9tat min\u00e9ral brut, une authenticit\u00e9 appr\u00e9ci\u00e9e dans les atmosph\u00e8res industrielles. Le gris s&rsquo;associe avec toutes les couleurs, et aucune pi\u00e8ce ne lui est ferm\u00e9e. <strong>On l\u2019utilise pour quelle(s) pi\u00e8ce(s) ?<\/strong> Le gris trouve sa place, de l&rsquo;entr\u00e9e \u00e0 la chambre \u00e0 condition de bien choisir sa nuance selon la luminosit\u00e9 et le volume de la pi\u00e8ce.<\/p>\t\t\t\t\t\t\t\t<\/div>\n\t\t\t\t<\/div>\n\t\t\t\t<div class=\"elementor-element elementor-element-b43f79d elementor-blockquote--skin-border elementor-widget elementor-widget-blockquote\" data-id=\"b43f79d\" data-element_type=\"widget\" data-e-type=\"widget\" data-widget_type=\"blockquote.default\">\n\t\t\t\t<div class=\"elementor-widget-container\">\n\t\t\t\t\t\t\t<blockquote class=\"elementor-blockquote\">\n\t\t\t<p class=\"elementor-blockquote__content\">\n\t\t\t\tConvenant aux plus petites entr\u00e9es, le gris p\u00e2le est lumineux et \u00e9l\u00e9gant ! \t\t\t<\/p>\n\t\t\t\t\t<\/blockquote>\n\t\t\t\t\t\t<\/div>\n\t\t\t\t<\/div>\n\t\t\t\t<div class=\"elementor-element elementor-element-d609fbc elementor-widget elementor-widget-text-editor\" data-id=\"d609fbc\" data-element_type=\"widget\" data-e-type=\"widget\" data-widget_type=\"text-editor.default\">\n\t\t\t\t<div class=\"elementor-widget-container\">\n\t\t\t\t\t\t\t\t\t<p>Les associations de couleurs : le gris se marie parfaitement avec\u00a0\u00a0<\/p>\t\t\t\t\t\t\t\t<\/div>\n\t\t\t\t<\/div>\n\t\t\t\t\t<\/div>\n\t\t<\/div>\n\t\t\t\t\t<\/div>\n\t\t<\/section>\n\t\t\t\t<section class=\"elementor-section elementor-top-section elementor-element elementor-element-8f771cc elementor-section-boxed elementor-section-height-default elementor-section-height-default\" data-id=\"8f771cc\" data-element_type=\"section\" data-e-type=\"section\" data-settings=\"{&quot;_ha_eqh_enable&quot;:false}\">\n\t\t\t\t\t\t<div class=\"elementor-container elementor-column-gap-default\">\n\t\t\t\t\t<div class=\"elementor-column elementor-col-25 elementor-top-column elementor-element elementor-element-881063b\" data-id=\"881063b\" data-element_type=\"column\" data-e-type=\"column\">\n\t\t\t<div class=\"elementor-widget-wrap elementor-element-populated\">\n\t\t\t\t\t\t<div class=\"elementor-element elementor-element-4ee3ca9 elementor-widget elementor-widget-image\" data-id=\"4ee3ca9\" data-element_type=\"widget\" data-e-type=\"widget\" data-widget_type=\"image.default\">\n\t\t\t\t<div class=\"elementor-widget-container\">\n\t\t\t\t\t\t\t\t\t\t\t\t<figure class=\"wp-caption\">\n\t\t\t\t\t\t\t\t\t\t<img decoding=\"async\" src=\"https:\/\/secondsouffle.co\/wp-content\/uploads\/elementor\/thumbs\/association-gris-et-pastel-p7pb3xb7b8fr8podcozd4bksrywydls3fcw0p5r4i0.jpg\" title=\"association gris et pastel\" alt=\"association gris et pastel\" loading=\"lazy\" \/>\t\t\t\t\t\t\t\t\t\t\t<figcaption class=\"widget-image-caption wp-caption-text\">Source : Pinterest<\/figcaption>\n\t\t\t\t\t\t\t\t\t\t<\/figure>\n\t\t\t\t\t\t\t\t\t<\/div>\n\t\t\t\t<\/div>\n\t\t\t\t<div class=\"elementor-element elementor-element-c095320 ha-has-bg-overlay elementor-widget elementor-widget-heading\" data-id=\"c095320\" data-element_type=\"widget\" data-e-type=\"widget\" data-widget_type=\"heading.default\">\n\t\t\t\t<div class=\"elementor-widget-container\">\n\t\t\t\t\t<h4 class=\"elementor-heading-title elementor-size-default\">Les tons pastels<\/h4>\t\t\t\t<\/div>\n\t\t\t\t<\/div>\n\t\t\t\t<div class=\"elementor-element elementor-element-ead032c elementor-widget elementor-widget-text-editor\" data-id=\"ead032c\" data-element_type=\"widget\" data-e-type=\"widget\" data-widget_type=\"text-editor.default\">\n\t\t\t\t<div class=\"elementor-widget-container\">\n\t\t\t\t\t\t\t\t\t<p><strong>Pour une ambiance lumineuse.<\/strong> Les pastels seront plus en valeur et plus lumineux sur un fond gris p\u00e2le que sur du blanc.\u00a0<\/p>\t\t\t\t\t\t\t\t<\/div>\n\t\t\t\t<\/div>\n\t\t\t\t\t<\/div>\n\t\t<\/div>\n\t\t\t\t<div class=\"elementor-column elementor-col-25 elementor-top-column elementor-element elementor-element-d72411f\" data-id=\"d72411f\" data-element_type=\"column\" data-e-type=\"column\">\n\t\t\t<div class=\"elementor-widget-wrap elementor-element-populated\">\n\t\t\t\t\t\t<div class=\"elementor-element elementor-element-ea2ec9a elementor-widget elementor-widget-image\" data-id=\"ea2ec9a\" data-element_type=\"widget\" data-e-type=\"widget\" data-widget_type=\"image.default\">\n\t\t\t\t<div class=\"elementor-widget-container\">\n\t\t\t\t\t\t\t\t\t\t\t\t<figure class=\"wp-caption\">\n\t\t\t\t\t\t\t\t\t\t<img decoding=\"async\" src=\"https:\/\/secondsouffle.co\/wp-content\/uploads\/elementor\/thumbs\/association-gris-et-ton-vif-p7pb3ro66881b1wk9mjlpd017nor3f5pekz3thzhjc.jpg\" title=\"association gris et ton vif\" alt=\"association gris et ton vif\" loading=\"lazy\" \/>\t\t\t\t\t\t\t\t\t\t\t<figcaption class=\"widget-image-caption wp-caption-text\">Source : Pinterest<\/figcaption>\n\t\t\t\t\t\t\t\t\t\t<\/figure>\n\t\t\t\t\t\t\t\t\t<\/div>\n\t\t\t\t<\/div>\n\t\t\t\t<div class=\"elementor-element elementor-element-bb12550 ha-has-bg-overlay elementor-widget elementor-widget-heading\" data-id=\"bb12550\" data-element_type=\"widget\" data-e-type=\"widget\" data-widget_type=\"heading.default\">\n\t\t\t\t<div class=\"elementor-widget-container\">\n\t\t\t\t\t<h4 class=\"elementor-heading-title elementor-size-default\">Les tons vifs<\/h4>\t\t\t\t<\/div>\n\t\t\t\t<\/div>\n\t\t\t\t<div class=\"elementor-element elementor-element-b1995dc elementor-widget elementor-widget-text-editor\" data-id=\"b1995dc\" data-element_type=\"widget\" data-e-type=\"widget\" data-widget_type=\"text-editor.default\">\n\t\t\t\t<div class=\"elementor-widget-container\">\n\t\t\t\t\t\t\t\t\t<p><strong>Un duo p\u00e9tillant et frais<\/strong> ! Les uns et les autres se valorisent. C&rsquo;est vrai que les couleurs vives semblent plus lumineuses avec le gris.\u00a0<\/p>\t\t\t\t\t\t\t\t<\/div>\n\t\t\t\t<\/div>\n\t\t\t\t\t<\/div>\n\t\t<\/div>\n\t\t\t\t<div class=\"elementor-column elementor-col-25 elementor-top-column elementor-element elementor-element-8de3750\" data-id=\"8de3750\" data-element_type=\"column\" data-e-type=\"column\">\n\t\t\t<div class=\"elementor-widget-wrap elementor-element-populated\">\n\t\t\t\t\t\t<div class=\"elementor-element elementor-element-87743d7 elementor-widget elementor-widget-image\" data-id=\"87743d7\" data-element_type=\"widget\" data-e-type=\"widget\" data-widget_type=\"image.default\">\n\t\t\t\t<div class=\"elementor-widget-container\">\n\t\t\t\t\t\t\t\t\t\t\t\t<figure class=\"wp-caption\">\n\t\t\t\t\t\t\t\t\t\t<img decoding=\"async\" src=\"https:\/\/secondsouffle.co\/wp-content\/uploads\/elementor\/thumbs\/association-gris-et-jaune-fluo-p7pb3m15180bde4r6k3uaef9ncgjt8jbdt26xu7uko.jpg\" title=\"association gris et jaune fluo\" alt=\"association gris et jaune fluo\" loading=\"lazy\" \/>\t\t\t\t\t\t\t\t\t\t\t<figcaption class=\"widget-image-caption wp-caption-text\">Source : Pinterest<\/figcaption>\n\t\t\t\t\t\t\t\t\t\t<\/figure>\n\t\t\t\t\t\t\t\t\t<\/div>\n\t\t\t\t<\/div>\n\t\t\t\t<div class=\"elementor-element elementor-element-84963d1 ha-has-bg-overlay elementor-widget elementor-widget-heading\" data-id=\"84963d1\" data-element_type=\"widget\" data-e-type=\"widget\" data-widget_type=\"heading.default\">\n\t\t\t\t<div class=\"elementor-widget-container\">\n\t\t\t\t\t<h4 class=\"elementor-heading-title elementor-size-default\">Les fluo<\/h4>\t\t\t\t<\/div>\n\t\t\t\t<\/div>\n\t\t\t\t<div class=\"elementor-element elementor-element-9ce3d33 elementor-widget elementor-widget-text-editor\" data-id=\"9ce3d33\" data-element_type=\"widget\" data-e-type=\"widget\" data-widget_type=\"text-editor.default\">\n\t\t\t\t<div class=\"elementor-widget-container\">\n\t\t\t\t\t\t\t\t\t<p><strong>Les fluo mettent en valeur des d\u00e9tails<\/strong> et s&rsquo;utilisent \u00e0 petites doses et sur un fond sombre (comme une base neutre grise) pour que l&rsquo;effet soit optimal.\u00a0<\/p>\t\t\t\t\t\t\t\t<\/div>\n\t\t\t\t<\/div>\n\t\t\t\t\t<\/div>\n\t\t<\/div>\n\t\t\t\t<div class=\"elementor-column elementor-col-25 elementor-top-column elementor-element elementor-element-8822b52\" data-id=\"8822b52\" data-element_type=\"column\" data-e-type=\"column\">\n\t\t\t<div class=\"elementor-widget-wrap elementor-element-populated\">\n\t\t\t\t\t\t<div class=\"elementor-element elementor-element-271c686 elementor-widget elementor-widget-image\" data-id=\"271c686\" data-element_type=\"widget\" data-e-type=\"widget\" data-widget_type=\"image.default\">\n\t\t\t\t<div class=\"elementor-widget-container\">\n\t\t\t\t\t\t\t\t\t\t\t\t<figure class=\"wp-caption\">\n\t\t\t\t\t\t\t\t\t\t<img decoding=\"async\" src=\"https:\/\/secondsouffle.co\/wp-content\/uploads\/elementor\/thumbs\/association-gris-et-vert-p7pb3hby31tvrcbky02pfxlyof3pqr0np5srjgetfs.jpg\" title=\"association gris et vert\" alt=\"association gris et vert\" loading=\"lazy\" \/>\t\t\t\t\t\t\t\t\t\t\t<figcaption class=\"widget-image-caption wp-caption-text\">Source : Pinterest<\/figcaption>\n\t\t\t\t\t\t\t\t\t\t<\/figure>\n\t\t\t\t\t\t\t\t\t<\/div>\n\t\t\t\t<\/div>\n\t\t\t\t<div class=\"elementor-element elementor-element-e133209 ha-has-bg-overlay elementor-widget elementor-widget-heading\" data-id=\"e133209\" data-element_type=\"widget\" data-e-type=\"widget\" data-widget_type=\"heading.default\">\n\t\t\t\t<div class=\"elementor-widget-container\">\n\t\t\t\t\t<h4 class=\"elementor-heading-title elementor-size-default\">Le vert <\/h4>\t\t\t\t<\/div>\n\t\t\t\t<\/div>\n\t\t\t\t<div class=\"elementor-element elementor-element-91cf54a elementor-widget elementor-widget-text-editor\" data-id=\"91cf54a\" data-element_type=\"widget\" data-e-type=\"widget\" data-widget_type=\"text-editor.default\">\n\t\t\t\t<div class=\"elementor-widget-container\">\n\t\t\t\t\t\t\t\t\t<p><strong>Un accord min\u00e9ral\/v\u00e9g\u00e9tal qui apporte de la fra\u00eecheur \u00e0 un espace !<\/strong> L&rsquo;harmonie naturelle des verts se fait avec tous les gris.\u00a0<\/p>\t\t\t\t\t\t\t\t<\/div>\n\t\t\t\t<\/div>\n\t\t\t\t\t<\/div>\n\t\t<\/div>\n\t\t\t\t\t<\/div>\n\t\t<\/section>\n\t\t\t\t<section class=\"elementor-section elementor-top-section elementor-element elementor-element-29bebc6 elementor-section-boxed elementor-section-height-default elementor-section-height-default\" data-id=\"29bebc6\" data-element_type=\"section\" data-e-type=\"section\" data-settings=\"{&quot;_ha_eqh_enable&quot;:false}\">\n\t\t\t\t\t\t<div class=\"elementor-container elementor-column-gap-default\">\n\t\t\t\t\t<div class=\"elementor-column elementor-col-100 elementor-top-column elementor-element elementor-element-5fbf424\" data-id=\"5fbf424\" data-element_type=\"column\" data-e-type=\"column\">\n\t\t\t<div class=\"elementor-widget-wrap elementor-element-populated\">\n\t\t\t\t\t\t<div class=\"elementor-element elementor-element-fb91c91 elementor-widget elementor-widget-spacer\" data-id=\"fb91c91\" data-element_type=\"widget\" data-e-type=\"widget\" data-widget_type=\"spacer.default\">\n\t\t\t\t<div class=\"elementor-widget-container\">\n\t\t\t\t\t\t\t<div class=\"elementor-spacer\">\n\t\t\t<div class=\"elementor-spacer-inner\"><\/div>\n\t\t<\/div>\n\t\t\t\t\t\t<\/div>\n\t\t\t\t<\/div>\n\t\t\t\t<div class=\"elementor-element elementor-element-880fb25 ha-has-bg-overlay elementor-widget elementor-widget-heading\" data-id=\"880fb25\" data-element_type=\"widget\" data-e-type=\"widget\" data-widget_type=\"heading.default\">\n\t\t\t\t<div class=\"elementor-widget-container\">\n\t\t\t\t\t<h3 class=\"elementor-heading-title elementor-size-default\">Le noir : le luxe et le myst\u00e8re\n<\/h3>\t\t\t\t<\/div>\n\t\t\t\t<\/div>\n\t\t\t\t<div class=\"elementor-element elementor-element-4c82787 elementor-widget elementor-widget-text-editor\" data-id=\"4c82787\" data-element_type=\"widget\" data-e-type=\"widget\" data-widget_type=\"text-editor.default\">\n\t\t\t\t<div class=\"elementor-widget-container\">\n\t\t\t\t\t\t\t\t\t<p><strong>Son message :<\/strong> c&rsquo;est la couleur qui exprime la raret\u00e9, le luxe et l&rsquo;individualit\u00e9. Le noir cr\u00e9e une sensation d&rsquo;intimit\u00e9 mais attention car il absorbe la lumi\u00e8re et beaucoup d&rsquo;\u00e9nergie. En tant que couleur d&rsquo;accompagnement, le noir est parfait ! Il met en valeur les autres couleurs par contraste avec son absence de lumi\u00e8re. Comme pour le gris, aucune association ne lui est interdite ! <strong>On l\u2019utilise pour quelle(s) pi\u00e8ce(s) ?<\/strong> Le noir s&rsquo;adapte dans toutes les pi\u00e8ces, mais optez de pr\u00e9f\u00e9rence pour les pi\u00e8ces d&rsquo;intimit\u00e9 ou de repos.\u00a0<\/p>\t\t\t\t\t\t\t\t<\/div>\n\t\t\t\t<\/div>\n\t\t\t\t<div class=\"elementor-element elementor-element-f073aa6 elementor-blockquote--skin-border elementor-widget elementor-widget-blockquote\" data-id=\"f073aa6\" data-element_type=\"widget\" data-e-type=\"widget\" data-widget_type=\"blockquote.default\">\n\t\t\t\t<div class=\"elementor-widget-container\">\n\t\t\t\t\t\t\t<blockquote class=\"elementor-blockquote\">\n\t\t\t<p class=\"elementor-blockquote__content\">\n\t\t\t\tLe noir amincit les pi\u00e8ces ! Il r\u00e9tr\u00e9cit l'espace et cr\u00e9er une sensation d'intimit\u00e9 dans les grandes pi\u00e8ces ! \t\t\t<\/p>\n\t\t\t\t\t<\/blockquote>\n\t\t\t\t\t\t<\/div>\n\t\t\t\t<\/div>\n\t\t\t\t<div class=\"elementor-element elementor-element-3532551 elementor-widget elementor-widget-text-editor\" data-id=\"3532551\" data-element_type=\"widget\" data-e-type=\"widget\" data-widget_type=\"text-editor.default\">\n\t\t\t\t<div class=\"elementor-widget-container\">\n\t\t\t\t\t\t\t\t\t<p>Les associations de couleurs : le noir se marie parfaitement avec\u00a0<\/p>\t\t\t\t\t\t\t\t<\/div>\n\t\t\t\t<\/div>\n\t\t\t\t\t<\/div>\n\t\t<\/div>\n\t\t\t\t\t<\/div>\n\t\t<\/section>\n\t\t\t\t<section class=\"elementor-section elementor-top-section elementor-element elementor-element-19b7599 elementor-section-boxed elementor-section-height-default elementor-section-height-default\" data-id=\"19b7599\" data-element_type=\"section\" data-e-type=\"section\" data-settings=\"{&quot;_ha_eqh_enable&quot;:false}\">\n\t\t\t\t\t\t<div class=\"elementor-container elementor-column-gap-default\">\n\t\t\t\t\t<div class=\"elementor-column elementor-col-25 elementor-top-column elementor-element elementor-element-aff2429\" data-id=\"aff2429\" data-element_type=\"column\" data-e-type=\"column\">\n\t\t\t<div class=\"elementor-widget-wrap elementor-element-populated\">\n\t\t\t\t\t\t<div class=\"elementor-element elementor-element-9f566a5 elementor-widget elementor-widget-image\" data-id=\"9f566a5\" data-element_type=\"widget\" data-e-type=\"widget\" data-widget_type=\"image.default\">\n\t\t\t\t<div class=\"elementor-widget-container\">\n\t\t\t\t\t\t\t\t\t\t\t\t<figure class=\"wp-caption\">\n\t\t\t\t\t\t\t\t\t\t<img decoding=\"async\" src=\"https:\/\/secondsouffle.co\/wp-content\/uploads\/elementor\/thumbs\/association-noir-et-beige-p7pb3ar2r7kvi2l50f8bgh9qiq058vajc98d6ioknc.jpg\" title=\"association noir et beige\" alt=\"association noir et beige\" loading=\"lazy\" \/>\t\t\t\t\t\t\t\t\t\t\t<figcaption class=\"widget-image-caption wp-caption-text\">Source : Pinterest<\/figcaption>\n\t\t\t\t\t\t\t\t\t\t<\/figure>\n\t\t\t\t\t\t\t\t\t<\/div>\n\t\t\t\t<\/div>\n\t\t\t\t<div class=\"elementor-element elementor-element-87a4956 ha-has-bg-overlay elementor-widget elementor-widget-heading\" data-id=\"87a4956\" data-element_type=\"widget\" data-e-type=\"widget\" data-widget_type=\"heading.default\">\n\t\t\t\t<div class=\"elementor-widget-container\">\n\t\t\t\t\t<h4 class=\"elementor-heading-title elementor-size-default\">Les tons neutres<\/h4>\t\t\t\t<\/div>\n\t\t\t\t<\/div>\n\t\t\t\t<div class=\"elementor-element elementor-element-512ddee elementor-widget elementor-widget-text-editor\" data-id=\"512ddee\" data-element_type=\"widget\" data-e-type=\"widget\" data-widget_type=\"text-editor.default\">\n\t\t\t\t<div class=\"elementor-widget-container\">\n\t\t\t\t\t\t\t\t\t<p><strong>Une association chic et intemporelle.<\/strong> Avec ce duo, impossible de rater sa d\u00e9coration ! Avec ces tons doux le noir sera valoris\u00e9 et l&rsquo;ensemble exprimera de l&rsquo;\u00e9l\u00e9gance et de la s\u00e9r\u00e9nit\u00e9.\u00a0<\/p>\t\t\t\t\t\t\t\t<\/div>\n\t\t\t\t<\/div>\n\t\t\t\t\t<\/div>\n\t\t<\/div>\n\t\t\t\t<div class=\"elementor-column elementor-col-25 elementor-top-column elementor-element elementor-element-8ee0763\" data-id=\"8ee0763\" data-element_type=\"column\" data-e-type=\"column\">\n\t\t\t<div class=\"elementor-widget-wrap elementor-element-populated\">\n\t\t\t\t\t\t<div class=\"elementor-element elementor-element-3f0a31c elementor-widget elementor-widget-image\" data-id=\"3f0a31c\" data-element_type=\"widget\" data-e-type=\"widget\" data-widget_type=\"image.default\">\n\t\t\t\t<div class=\"elementor-widget-container\">\n\t\t\t\t\t\t\t\t\t\t\t\t<figure class=\"wp-caption\">\n\t\t\t\t\t\t\t\t\t\t<img decoding=\"async\" src=\"https:\/\/secondsouffle.co\/wp-content\/uploads\/elementor\/thumbs\/association-jaune-et-noir-p7pb3541m7d5ketbxcsk1ioyyerxyoo5bhbgauwxoo.jpg\" title=\"association jaune et noir\" alt=\"association jaune et noir\" loading=\"lazy\" \/>\t\t\t\t\t\t\t\t\t\t\t<figcaption class=\"widget-image-caption wp-caption-text\">Source : Pinterest<\/figcaption>\n\t\t\t\t\t\t\t\t\t\t<\/figure>\n\t\t\t\t\t\t\t\t\t<\/div>\n\t\t\t\t<\/div>\n\t\t\t\t<div class=\"elementor-element elementor-element-169de74 ha-has-bg-overlay elementor-widget elementor-widget-heading\" data-id=\"169de74\" data-element_type=\"widget\" data-e-type=\"widget\" data-widget_type=\"heading.default\">\n\t\t\t\t<div class=\"elementor-widget-container\">\n\t\t\t\t\t<h4 class=\"elementor-heading-title elementor-size-default\">Le jaune<\/h4>\t\t\t\t<\/div>\n\t\t\t\t<\/div>\n\t\t\t\t<div class=\"elementor-element elementor-element-11f2207 elementor-widget elementor-widget-text-editor\" data-id=\"11f2207\" data-element_type=\"widget\" data-e-type=\"widget\" data-widget_type=\"text-editor.default\">\n\t\t\t\t<div class=\"elementor-widget-container\">\n\t\t\t\t\t\t\t\t\t<p>Id\u00e9al si vous souhaitez un fort contraste. <strong>Ce duo surprend, attire l&rsquo;attention et apporte beaucoup d&rsquo;\u00e9nergie \u00e0 votre pi\u00e8ce !<\/strong> Pr\u00e9f\u00e9rez cette association dans les zones de passage.\u00a0<\/p>\t\t\t\t\t\t\t\t<\/div>\n\t\t\t\t<\/div>\n\t\t\t\t\t<\/div>\n\t\t<\/div>\n\t\t\t\t<div class=\"elementor-column elementor-col-25 elementor-top-column elementor-element elementor-element-ca08b99\" data-id=\"ca08b99\" data-element_type=\"column\" data-e-type=\"column\">\n\t\t\t<div class=\"elementor-widget-wrap elementor-element-populated\">\n\t\t\t\t\t\t<div class=\"elementor-element elementor-element-7c44354 elementor-widget elementor-widget-image\" data-id=\"7c44354\" data-element_type=\"widget\" data-e-type=\"widget\" data-widget_type=\"image.default\">\n\t\t\t\t<div class=\"elementor-widget-container\">\n\t\t\t\t\t\t\t\t\t\t\t\t<figure class=\"wp-caption\">\n\t\t\t\t\t\t\t\t\t\t<img decoding=\"async\" src=\"https:\/\/secondsouffle.co\/wp-content\/uploads\/elementor\/thumbs\/association-noir-et-orange-p7pb2zh0h75fmr1iuacsmk47e3jqoi1rapejf75aq0.jpg\" title=\"association noir et orange\" alt=\"association noir et orange\" loading=\"lazy\" \/>\t\t\t\t\t\t\t\t\t\t\t<figcaption class=\"widget-image-caption wp-caption-text\">Source : Pinterest<\/figcaption>\n\t\t\t\t\t\t\t\t\t\t<\/figure>\n\t\t\t\t\t\t\t\t\t<\/div>\n\t\t\t\t<\/div>\n\t\t\t\t<div class=\"elementor-element elementor-element-b315d60 ha-has-bg-overlay elementor-widget elementor-widget-heading\" data-id=\"b315d60\" data-element_type=\"widget\" data-e-type=\"widget\" data-widget_type=\"heading.default\">\n\t\t\t\t<div class=\"elementor-widget-container\">\n\t\t\t\t\t<h4 class=\"elementor-heading-title elementor-size-default\">L'orange<\/h4>\t\t\t\t<\/div>\n\t\t\t\t<\/div>\n\t\t\t\t<div class=\"elementor-element elementor-element-b071cef elementor-widget elementor-widget-text-editor\" data-id=\"b071cef\" data-element_type=\"widget\" data-e-type=\"widget\" data-widget_type=\"text-editor.default\">\n\t\t\t\t<div class=\"elementor-widget-container\">\n\t\t\t\t\t\t\t\t\t<p><strong>Le noir appr\u00e9cie le dynamisme et la douce luminosit\u00e9 de l&rsquo;orange.<\/strong> Contraste moins puissant que le jaune, l&rsquo;orange arrive tout de m\u00eame \u00e0 r\u00e9chauffer et illuminer le noir.\u00a0<\/p>\t\t\t\t\t\t\t\t<\/div>\n\t\t\t\t<\/div>\n\t\t\t\t\t<\/div>\n\t\t<\/div>\n\t\t\t\t<div class=\"elementor-column elementor-col-25 elementor-top-column elementor-element elementor-element-e942f1d\" data-id=\"e942f1d\" data-element_type=\"column\" data-e-type=\"column\">\n\t\t\t<div class=\"elementor-widget-wrap elementor-element-populated\">\n\t\t\t\t\t\t<div class=\"elementor-element elementor-element-fa898d4 elementor-widget elementor-widget-image\" data-id=\"fa898d4\" data-element_type=\"widget\" data-e-type=\"widget\" data-widget_type=\"image.default\">\n\t\t\t\t<div class=\"elementor-widget-container\">\n\t\t\t\t\t\t\t\t\t\t\t\t<figure class=\"wp-caption\">\n\t\t\t\t\t\t\t\t\t\t<img decoding=\"async\" src=\"https:\/\/secondsouffle.co\/wp-content\/uploads\/elementor\/thumbs\/association-noir-et-blanc-p7pb2ttzc6xpp39pr7x17ljftsbjebfd9xhmjjdnrc.jpg\" title=\"association noir et blanc\" alt=\"association noir et blanc\" loading=\"lazy\" \/>\t\t\t\t\t\t\t\t\t\t\t<figcaption class=\"widget-image-caption wp-caption-text\">Source : Pinterest<\/figcaption>\n\t\t\t\t\t\t\t\t\t\t<\/figure>\n\t\t\t\t\t\t\t\t\t<\/div>\n\t\t\t\t<\/div>\n\t\t\t\t<div class=\"elementor-element elementor-element-5fae209 ha-has-bg-overlay elementor-widget elementor-widget-heading\" data-id=\"5fae209\" data-element_type=\"widget\" data-e-type=\"widget\" data-widget_type=\"heading.default\">\n\t\t\t\t<div class=\"elementor-widget-container\">\n\t\t\t\t\t<h4 class=\"elementor-heading-title elementor-size-default\">Le blanc<\/h4>\t\t\t\t<\/div>\n\t\t\t\t<\/div>\n\t\t\t\t<div class=\"elementor-element elementor-element-fb2d26b elementor-widget elementor-widget-text-editor\" data-id=\"fb2d26b\" data-element_type=\"widget\" data-e-type=\"widget\" data-widget_type=\"text-editor.default\">\n\t\t\t\t<div class=\"elementor-widget-container\">\n\t\t\t\t\t\t\t\t\t<p><strong>Un duo qui forme le contraste\u00a0 le plus pur !<\/strong> Pour cr\u00e9er un joli contraste, choisissez une dominante, ne multipliez pas les imprim\u00e9s et utilisez les effets de mati\u00e8res (mat, satin\u00e9, brillant&#8230;)<\/p>\t\t\t\t\t\t\t\t<\/div>\n\t\t\t\t<\/div>\n\t\t\t\t\t<\/div>\n\t\t<\/div>\n\t\t\t\t\t<\/div>\n\t\t<\/section>\n\t\t\t\t<section class=\"elementor-section elementor-top-section elementor-element elementor-element-c0d1849 elementor-section-boxed elementor-section-height-default elementor-section-height-default\" data-id=\"c0d1849\" data-element_type=\"section\" data-e-type=\"section\" data-settings=\"{&quot;_ha_eqh_enable&quot;:false}\">\n\t\t\t\t\t\t<div class=\"elementor-container elementor-column-gap-default\">\n\t\t\t\t\t<div class=\"elementor-column elementor-col-100 elementor-top-column elementor-element elementor-element-579e5d2\" data-id=\"579e5d2\" data-element_type=\"column\" data-e-type=\"column\">\n\t\t\t<div class=\"elementor-widget-wrap elementor-element-populated\">\n\t\t\t\t\t\t<div class=\"elementor-element elementor-element-761349c elementor-widget elementor-widget-spacer\" data-id=\"761349c\" data-element_type=\"widget\" data-e-type=\"widget\" data-widget_type=\"spacer.default\">\n\t\t\t\t<div class=\"elementor-widget-container\">\n\t\t\t\t\t\t\t<div class=\"elementor-spacer\">\n\t\t\t<div class=\"elementor-spacer-inner\"><\/div>\n\t\t<\/div>\n\t\t\t\t\t\t<\/div>\n\t\t\t\t<\/div>\n\t\t\t\t<div class=\"elementor-element elementor-element-23ca460 ha-has-bg-overlay elementor-widget elementor-widget-heading\" data-id=\"23ca460\" data-element_type=\"widget\" data-e-type=\"widget\" data-widget_type=\"heading.default\">\n\t\t\t\t<div class=\"elementor-widget-container\">\n\t\t\t\t\t<h3 class=\"elementor-heading-title elementor-size-default\">Le blanc : la puret\u00e9 \n<\/h3>\t\t\t\t<\/div>\n\t\t\t\t<\/div>\n\t\t\t\t<div class=\"elementor-element elementor-element-16683c8 elementor-widget elementor-widget-text-editor\" data-id=\"16683c8\" data-element_type=\"widget\" data-e-type=\"widget\" data-widget_type=\"text-editor.default\">\n\t\t\t\t<div class=\"elementor-widget-container\">\n\t\t\t\t\t\t\t\t\t<p><strong>Son message :<\/strong> Dur de faire son choix, il existe des dizaines de teintes blanches (chaudes, froides, douces) ! Ce coloris donne une sensation de puret\u00e9 et d&rsquo;irr\u00e9alit\u00e9. Mais l&rsquo;avantage du blanc est qu&rsquo;il se marie avec tous les autres coloris car sa pr\u00e9sence all\u00e8ge les autres couleurs. <strong>On l\u2019utilise pour quelle(s) pi\u00e8ce(s) ?<\/strong> Tout comme le noir, le blanc est id\u00e9al dans toutes les pi\u00e8ces de notre int\u00e9rieur. On le choisit dans le couloir et le salon pour donner une impression d&rsquo;espace et de clart\u00e9. Par contre pour la chambre, veillez \u00e0 choisir la bonne teinte car le blanc peut \u00eatre anxiog\u00e8ne ou existant.<\/p>\t\t\t\t\t\t\t\t<\/div>\n\t\t\t\t<\/div>\n\t\t\t\t<div class=\"elementor-element elementor-element-f526e98 elementor-blockquote--skin-border elementor-widget elementor-widget-blockquote\" data-id=\"f526e98\" data-element_type=\"widget\" data-e-type=\"widget\" data-widget_type=\"blockquote.default\">\n\t\t\t\t<div class=\"elementor-widget-container\">\n\t\t\t\t\t\t\t<blockquote class=\"elementor-blockquote\">\n\t\t\t<p class=\"elementor-blockquote__content\">\n\t\t\t\tLorsque le sol est beau (brut ou sophistiqu\u00e9), il est valoris\u00e9 par des murs \"invisibles\"\t\t\t<\/p>\n\t\t\t\t\t<\/blockquote>\n\t\t\t\t\t\t<\/div>\n\t\t\t\t<\/div>\n\t\t\t\t<div class=\"elementor-element elementor-element-82c18ec elementor-widget elementor-widget-text-editor\" data-id=\"82c18ec\" data-element_type=\"widget\" data-e-type=\"widget\" data-widget_type=\"text-editor.default\">\n\t\t\t\t<div class=\"elementor-widget-container\">\n\t\t\t\t\t\t\t\t\t<p>Les associations de couleurs : le blanc se marie parfaitement avec\u00a0<\/p>\t\t\t\t\t\t\t\t<\/div>\n\t\t\t\t<\/div>\n\t\t\t\t\t<\/div>\n\t\t<\/div>\n\t\t\t\t\t<\/div>\n\t\t<\/section>\n\t\t\t\t<section class=\"elementor-section elementor-top-section elementor-element elementor-element-f457995 elementor-section-boxed elementor-section-height-default elementor-section-height-default\" data-id=\"f457995\" data-element_type=\"section\" data-e-type=\"section\" data-settings=\"{&quot;_ha_eqh_enable&quot;:false}\">\n\t\t\t\t\t\t<div class=\"elementor-container elementor-column-gap-default\">\n\t\t\t\t\t<div class=\"elementor-column elementor-col-25 elementor-top-column elementor-element elementor-element-d702fa9\" data-id=\"d702fa9\" data-element_type=\"column\" data-e-type=\"column\">\n\t\t\t<div class=\"elementor-widget-wrap elementor-element-populated\">\n\t\t\t\t\t\t<div class=\"elementor-element elementor-element-81494b4 elementor-widget elementor-widget-image\" data-id=\"81494b4\" data-element_type=\"widget\" data-e-type=\"widget\" data-widget_type=\"image.default\">\n\t\t\t\t<div class=\"elementor-widget-container\">\n\t\t\t\t\t\t\t\t\t\t\t\t<figure class=\"wp-caption\">\n\t\t\t\t\t\t\t\t\t\t<img decoding=\"async\" src=\"https:\/\/secondsouffle.co\/wp-content\/uploads\/elementor\/thumbs\/association-blanc-et-beige-p7pb2o6y76pzrfhwo5h9smyo9h3c44sz95kpnvm0so.jpg\" title=\"association blanc et beige\" alt=\"association blanc et beige\" loading=\"lazy\" \/>\t\t\t\t\t\t\t\t\t\t\t<figcaption class=\"widget-image-caption wp-caption-text\">Source : Pinterest<\/figcaption>\n\t\t\t\t\t\t\t\t\t\t<\/figure>\n\t\t\t\t\t\t\t\t\t<\/div>\n\t\t\t\t<\/div>\n\t\t\t\t<div class=\"elementor-element elementor-element-d2dd430 ha-has-bg-overlay elementor-widget elementor-widget-heading\" data-id=\"d2dd430\" data-element_type=\"widget\" data-e-type=\"widget\" data-widget_type=\"heading.default\">\n\t\t\t\t<div class=\"elementor-widget-container\">\n\t\t\t\t\t<h4 class=\"elementor-heading-title elementor-size-default\">Les tons neutres<\/h4>\t\t\t\t<\/div>\n\t\t\t\t<\/div>\n\t\t\t\t<div class=\"elementor-element elementor-element-a95145f elementor-widget elementor-widget-text-editor\" data-id=\"a95145f\" data-element_type=\"widget\" data-e-type=\"widget\" data-widget_type=\"text-editor.default\">\n\t\t\t\t<div class=\"elementor-widget-container\">\n\t\t\t\t\t\t\t\t\t<p><strong>Ils adoucissent la luminosit\u00e9 et accompagnent la puret\u00e9 du blanc.<\/strong> Cr\u00e9ez une ambiance raffin\u00e9e en optant pour des tons proches (cr\u00e8me, beige&#8230;)\u00a0<\/p>\t\t\t\t\t\t\t\t<\/div>\n\t\t\t\t<\/div>\n\t\t\t\t\t<\/div>\n\t\t<\/div>\n\t\t\t\t<div class=\"elementor-column elementor-col-25 elementor-top-column elementor-element elementor-element-7be12a0\" data-id=\"7be12a0\" data-element_type=\"column\" data-e-type=\"column\">\n\t\t\t<div class=\"elementor-widget-wrap elementor-element-populated\">\n\t\t\t\t\t\t<div class=\"elementor-element elementor-element-f5117a4 elementor-widget elementor-widget-image\" data-id=\"f5117a4\" data-element_type=\"widget\" data-e-type=\"widget\" data-widget_type=\"image.default\">\n\t\t\t\t<div class=\"elementor-widget-container\">\n\t\t\t\t\t\t\t\t\t\t\t\t<figure class=\"wp-caption\">\n\t\t\t\t\t\t\t\t\t\t<img decoding=\"async\" src=\"https:\/\/secondsouffle.co\/wp-content\/uploads\/elementor\/thumbs\/association-blanc-et-noir-p7pb2ijx26i9trq3l31idodwp5v4ty6l8dnss7udu0.jpg\" title=\"association blanc et noir\" alt=\"association blanc et noir\" loading=\"lazy\" \/>\t\t\t\t\t\t\t\t\t\t\t<figcaption class=\"widget-image-caption wp-caption-text\">Source : Pinterest<\/figcaption>\n\t\t\t\t\t\t\t\t\t\t<\/figure>\n\t\t\t\t\t\t\t\t\t<\/div>\n\t\t\t\t<\/div>\n\t\t\t\t<div class=\"elementor-element elementor-element-03e1571 ha-has-bg-overlay elementor-widget elementor-widget-heading\" data-id=\"03e1571\" data-element_type=\"widget\" data-e-type=\"widget\" data-widget_type=\"heading.default\">\n\t\t\t\t<div class=\"elementor-widget-container\">\n\t\t\t\t\t<h4 class=\"elementor-heading-title elementor-size-default\">Le noir<\/h4>\t\t\t\t<\/div>\n\t\t\t\t<\/div>\n\t\t\t\t<div class=\"elementor-element elementor-element-51e2cb4 elementor-widget elementor-widget-text-editor\" data-id=\"51e2cb4\" data-element_type=\"widget\" data-e-type=\"widget\" data-widget_type=\"text-editor.default\">\n\t\t\t\t<div class=\"elementor-widget-container\">\n\t\t\t\t\t\t\t\t\t<p><strong>Un duo qui forme le contraste\u00a0 le plus pur !<\/strong> Pour cr\u00e9er un joli contraste, choisissez une dominante, ne multipliez pas les imprim\u00e9s et utilisez les effets de mati\u00e8res (mat, satin\u00e9, brillant&#8230;)<\/p>\t\t\t\t\t\t\t\t<\/div>\n\t\t\t\t<\/div>\n\t\t\t\t\t<\/div>\n\t\t<\/div>\n\t\t\t\t<div class=\"elementor-column elementor-col-25 elementor-top-column elementor-element elementor-element-cb37e13\" data-id=\"cb37e13\" data-element_type=\"column\" data-e-type=\"column\">\n\t\t\t<div class=\"elementor-widget-wrap elementor-element-populated\">\n\t\t\t\t\t\t<div class=\"elementor-element elementor-element-15b89b1 elementor-widget elementor-widget-image\" data-id=\"15b89b1\" data-element_type=\"widget\" data-e-type=\"widget\" data-widget_type=\"image.default\">\n\t\t\t\t<div class=\"elementor-widget-container\">\n\t\t\t\t\t\t\t\t\t\t\t\t<figure class=\"wp-caption\">\n\t\t\t\t\t\t\t\t\t\t<img decoding=\"async\" src=\"https:\/\/secondsouffle.co\/wp-content\/uploads\/elementor\/thumbs\/association-blanc-et-pastel-p7pb2bz1qc99khznni74e81ojgrkc2ggvh3efa451k.jpg\" title=\"association blanc et pastel\" alt=\"association blanc et pastel\" loading=\"lazy\" \/>\t\t\t\t\t\t\t\t\t\t\t<figcaption class=\"widget-image-caption wp-caption-text\">Source : Pinterest<\/figcaption>\n\t\t\t\t\t\t\t\t\t\t<\/figure>\n\t\t\t\t\t\t\t\t\t<\/div>\n\t\t\t\t<\/div>\n\t\t\t\t<div class=\"elementor-element elementor-element-3623f5d ha-has-bg-overlay elementor-widget elementor-widget-heading\" data-id=\"3623f5d\" data-element_type=\"widget\" data-e-type=\"widget\" data-widget_type=\"heading.default\">\n\t\t\t\t<div class=\"elementor-widget-container\">\n\t\t\t\t\t<h4 class=\"elementor-heading-title elementor-size-default\">Les tons pastels<\/h4>\t\t\t\t<\/div>\n\t\t\t\t<\/div>\n\t\t\t\t<div class=\"elementor-element elementor-element-4d0f1ed elementor-widget elementor-widget-text-editor\" data-id=\"4d0f1ed\" data-element_type=\"widget\" data-e-type=\"widget\" data-widget_type=\"text-editor.default\">\n\t\t\t\t<div class=\"elementor-widget-container\">\n\t\t\t\t\t\t\t\t\t<p>Ces tons contiennent beaucoup de blanc et sont par cons\u00e9quent une <strong>extension naturelle de sa clart\u00e9.\u00a0<\/strong><\/p>\t\t\t\t\t\t\t\t<\/div>\n\t\t\t\t<\/div>\n\t\t\t\t\t<\/div>\n\t\t<\/div>\n\t\t\t\t<div class=\"elementor-column elementor-col-25 elementor-top-column elementor-element elementor-element-4fab566\" data-id=\"4fab566\" data-element_type=\"column\" data-e-type=\"column\">\n\t\t\t<div class=\"elementor-widget-wrap elementor-element-populated\">\n\t\t\t\t\t\t<div class=\"elementor-element elementor-element-ba987f7 elementor-widget elementor-widget-image\" data-id=\"ba987f7\" data-element_type=\"widget\" data-e-type=\"widget\" data-widget_type=\"image.default\">\n\t\t\t\t<div class=\"elementor-widget-container\">\n\t\t\t\t\t\t\t\t\t\t\t\t<figure class=\"wp-caption\">\n\t\t\t\t\t\t\t\t\t\t<img decoding=\"async\" src=\"https:\/\/secondsouffle.co\/wp-content\/uploads\/elementor\/thumbs\/association-blanc-et-fluo-rose-p7pb26c0lc1jmu7ukfrcz9gwz5jd1vu2up6hjmci2w.jpg\" title=\"association blanc et fluo rose\" alt=\"association blanc et fluo rose\" loading=\"lazy\" \/>\t\t\t\t\t\t\t\t\t\t\t<figcaption class=\"widget-image-caption wp-caption-text\">Source : Pinterest<\/figcaption>\n\t\t\t\t\t\t\t\t\t\t<\/figure>\n\t\t\t\t\t\t\t\t\t<\/div>\n\t\t\t\t<\/div>\n\t\t\t\t<div class=\"elementor-element elementor-element-28ff81b ha-has-bg-overlay elementor-widget elementor-widget-heading\" data-id=\"28ff81b\" data-element_type=\"widget\" data-e-type=\"widget\" data-widget_type=\"heading.default\">\n\t\t\t\t<div class=\"elementor-widget-container\">\n\t\t\t\t\t<h4 class=\"elementor-heading-title elementor-size-default\">Les tons vifs et fluo<\/h4>\t\t\t\t<\/div>\n\t\t\t\t<\/div>\n\t\t\t\t<div class=\"elementor-element elementor-element-785e9fd elementor-widget elementor-widget-text-editor\" data-id=\"785e9fd\" data-element_type=\"widget\" data-e-type=\"widget\" data-widget_type=\"text-editor.default\">\n\t\t\t\t<div class=\"elementor-widget-container\">\n\t\t\t\t\t\t\t\t\t<p>Ils ont l&rsquo;avantage <strong>d&rsquo;animer joyeusement une pi\u00e8ce et d&rsquo;apporter de l&rsquo;\u00e9nergie<\/strong> \u00e0 un mur tout blanc.<\/p>\t\t\t\t\t\t\t\t<\/div>\n\t\t\t\t<\/div>\n\t\t\t\t\t<\/div>\n\t\t<\/div>\n\t\t\t\t\t<\/div>\n\t\t<\/section>\n\t\t\t\t<section class=\"elementor-section elementor-top-section elementor-element elementor-element-5fb91eb elementor-section-boxed elementor-section-height-default elementor-section-height-default\" data-id=\"5fb91eb\" data-element_type=\"section\" data-e-type=\"section\" data-settings=\"{&quot;_ha_eqh_enable&quot;:false}\">\n\t\t\t\t\t\t<div class=\"elementor-container elementor-column-gap-default\">\n\t\t\t\t\t<div class=\"elementor-column elementor-col-100 elementor-top-column elementor-element elementor-element-2fdf730\" data-id=\"2fdf730\" data-element_type=\"column\" data-e-type=\"column\">\n\t\t\t<div class=\"elementor-widget-wrap elementor-element-populated\">\n\t\t\t\t\t\t<div class=\"elementor-element elementor-element-c293195 elementor-widget elementor-widget-spacer\" data-id=\"c293195\" data-element_type=\"widget\" data-e-type=\"widget\" data-widget_type=\"spacer.default\">\n\t\t\t\t<div class=\"elementor-widget-container\">\n\t\t\t\t\t\t\t<div class=\"elementor-spacer\">\n\t\t\t<div class=\"elementor-spacer-inner\"><\/div>\n\t\t<\/div>\n\t\t\t\t\t\t<\/div>\n\t\t\t\t<\/div>\n\t\t\t\t<div class=\"elementor-element elementor-element-238ec0f elementor-widget elementor-widget-text-editor\" data-id=\"238ec0f\" data-element_type=\"widget\" data-e-type=\"widget\" data-widget_type=\"text-editor.default\">\n\t\t\t\t<div class=\"elementor-widget-container\">\n\t\t\t\t\t\t\t\t\t<p><em>Article inspir\u00e9 du livre D\u00e9coBox &#8211; Couleurs et bien-\u00eatre \u00e9crit par Sophie Mouton-Brisse.<\/em><\/p>\t\t\t\t\t\t\t\t<\/div>\n\t\t\t\t<\/div>\n\t\t\t\t<div class=\"elementor-element elementor-element-21725d5 elementor-widget elementor-widget-spacer\" data-id=\"21725d5\" data-element_type=\"widget\" data-e-type=\"widget\" data-widget_type=\"spacer.default\">\n\t\t\t\t<div class=\"elementor-widget-container\">\n\t\t\t\t\t\t\t<div class=\"elementor-spacer\">\n\t\t\t<div class=\"elementor-spacer-inner\"><\/div>\n\t\t<\/div>\n\t\t\t\t\t\t<\/div>\n\t\t\t\t<\/div>\n\t\t\t\t<div class=\"elementor-element elementor-element-ac1735d elementor-widget elementor-widget-post-navigation\" data-id=\"ac1735d\" data-element_type=\"widget\" data-e-type=\"widget\" data-widget_type=\"post-navigation.default\">\n\t\t\t\t<div class=\"elementor-widget-container\">\n\t\t\t\t\t\t\t<div class=\"elementor-post-navigation\" role=\"navigation\" aria-label=\"Navigation de publication\">\n\t\t\t<div class=\"elementor-post-navigation__prev elementor-post-navigation__link\">\n\t\t\t\t<a href=\"https:\/\/secondsouffle.co\/index.php\/2020\/11\/10\/se-sentir-bien-chez-soi-suivez-nos-10-conseils\/\" rel=\"prev\"><span class=\"post-navigation__arrow-wrapper post-navigation__arrow-prev\"><svg aria-hidden=\"true\" class=\"e-font-icon-svg e-fas-angle-left\" viewBox=\"0 0 256 512\" xmlns=\"http:\/\/www.w3.org\/2000\/svg\"><path d=\"M31.7 239l136-136c9.4-9.4 24.6-9.4 33.9 0l22.6 22.6c9.4 9.4 9.4 24.6 0 33.9L127.9 256l96.4 96.4c9.4 9.4 9.4 24.6 0 33.9L201.7 409c-9.4 9.4-24.6 9.4-33.9 0l-136-136c-9.5-9.4-9.5-24.6-.1-34z\"><\/path><\/svg><span class=\"elementor-screen-only\">Pr\u00e9c\u00e9dent<\/span><\/span><span class=\"elementor-post-navigation__link__prev\"><span class=\"post-navigation__prev--label\">Article Pr\u00e9c\u00e9dent<\/span><span class=\"post-navigation__prev--title\">Se sentir bien chez soi : suivez nos 10 conseils !<\/span><\/span><\/a>\t\t\t<\/div>\n\t\t\t\t\t\t<div class=\"elementor-post-navigation__next elementor-post-navigation__link\">\n\t\t\t\t<a href=\"https:\/\/secondsouffle.co\/index.php\/2020\/11\/24\/tendance-2021-les-12-couleurs-et-matieres-a-adopter-pour-votre-salle-de-bains\/\" rel=\"next\"><span class=\"elementor-post-navigation__link__next\"><span class=\"post-navigation__next--label\">Article Suivant<\/span><span class=\"post-navigation__next--title\">Tendance 2021 : les 12 couleurs et mati\u00e8res \u00e0 adopter pour votre salle de bains<\/span><\/span><span class=\"post-navigation__arrow-wrapper post-navigation__arrow-next\"><svg aria-hidden=\"true\" class=\"e-font-icon-svg e-fas-angle-right\" viewBox=\"0 0 256 512\" xmlns=\"http:\/\/www.w3.org\/2000\/svg\"><path d=\"M224.3 273l-136 136c-9.4 9.4-24.6 9.4-33.9 0l-22.6-22.6c-9.4-9.4-9.4-24.6 0-33.9l96.4-96.4-96.4-96.4c-9.4-9.4-9.4-24.6 0-33.9L54.3 103c9.4-9.4 24.6-9.4 33.9 0l136 136c9.5 9.4 9.5 24.6.1 34z\"><\/path><\/svg><span class=\"elementor-screen-only\">Suivant<\/span><\/span><\/a>\t\t\t<\/div>\n\t\t<\/div>\n\t\t\t\t\t\t<\/div>\n\t\t\t\t<\/div>\n\t\t\t\t<div class=\"elementor-element elementor-element-073b3d8 elementor-widget elementor-widget-spacer\" data-id=\"073b3d8\" data-element_type=\"widget\" data-e-type=\"widget\" data-widget_type=\"spacer.default\">\n\t\t\t\t<div class=\"elementor-widget-container\">\n\t\t\t\t\t\t\t<div class=\"elementor-spacer\">\n\t\t\t<div class=\"elementor-spacer-inner\"><\/div>\n\t\t<\/div>\n\t\t\t\t\t\t<\/div>\n\t\t\t\t<\/div>\n\t\t\t\t\t<\/div>\n\t\t<\/div>\n\t\t\t\t\t<\/div>\n\t\t<\/section>\n\t\t\t\t<\/div>\n\t\t","protected":false},"excerpt":{"rendered":"<p>Avec le confinement, l\u2019expression \u201c\u00eatre dans une maison\/appartement o\u00f9 l\u2019on se sent bien\u201d prend de plus en plus tout son sens. Cette p\u00e9riode et cette ann\u00e9e 2020 nous stresse tous, il est donc super important de pouvoir se retrouver dans un int\u00e9rieur chaleureux et s\u00e9curisant. Mais comment rendre mon int\u00e9rieur propice au bien-\u00eatre ? Nous vous donnons 10 conseils pour choisir votre logement, votre d\u00e9coration, l\u2019agencement de celui-ci pour vous cr\u00e9er un v\u00e9ritable nid douillet. Suivez le guide !<\/p>\n","protected":false},"author":1,"featured_media":9019,"comment_status":"open","ping_status":"open","sticky":false,"template":"","format":"standard","meta":{"_monsterinsights_skip_tracking":false,"_monsterinsights_sitenote_active":false,"_monsterinsights_sitenote_note":"","_monsterinsights_sitenote_category":0,"footnotes":""},"categories":[26],"tags":[],"class_list":["post-8923","post","type-post","status-publish","format-standard","has-post-thumbnail","hentry","category-architecture-et-amenagement-interieur"],"aioseo_notices":[],"amp_enabled":true,"_links":{"self":[{"href":"https:\/\/secondsouffle.co\/index.php\/wp-json\/wp\/v2\/posts\/8923","targetHints":{"allow":["GET"]}}],"collection":[{"href":"https:\/\/secondsouffle.co\/index.php\/wp-json\/wp\/v2\/posts"}],"about":[{"href":"https:\/\/secondsouffle.co\/index.php\/wp-json\/wp\/v2\/types\/post"}],"author":[{"embeddable":true,"href":"https:\/\/secondsouffle.co\/index.php\/wp-json\/wp\/v2\/users\/1"}],"replies":[{"embeddable":true,"href":"https:\/\/secondsouffle.co\/index.php\/wp-json\/wp\/v2\/comments?post=8923"}],"version-history":[{"count":0,"href":"https:\/\/secondsouffle.co\/index.php\/wp-json\/wp\/v2\/posts\/8923\/revisions"}],"wp:featuredmedia":[{"embeddable":true,"href":"https:\/\/secondsouffle.co\/index.php\/wp-json\/wp\/v2\/media\/9019"}],"wp:attachment":[{"href":"https:\/\/secondsouffle.co\/index.php\/wp-json\/wp\/v2\/media?parent=8923"}],"wp:term":[{"taxonomy":"category","embeddable":true,"href":"https:\/\/secondsouffle.co\/index.php\/wp-json\/wp\/v2\/categories?post=8923"},{"taxonomy":"post_tag","embeddable":true,"href":"https:\/\/secondsouffle.co\/index.php\/wp-json\/wp\/v2\/tags?post=8923"}],"curies":[{"name":"wp","href":"https:\/\/api.w.org\/{rel}","templated":true}]}}